{"id":124237,"date":"2022-01-18T08:55:57","date_gmt":"2022-01-18T07:55:57","guid":{"rendered":"https:\/\/semmelweis.hu\/mediasarok\/?p=124237"},"modified":"2022-01-28T10:09:36","modified_gmt":"2022-01-28T09:09:36","slug":"mintegy-38-millio-forintbol-vasarolhat-elektromos-agyakat-a-semmelweis-egyetem-alapitvany-a-lidl-jovoltabol","status":"publish","type":"post","link":"https:\/\/semmelweis.hu\/mediasarok\/2022\/01\/18\/mintegy-38-millio-forintbol-vasarolhat-elektromos-agyakat-a-semmelweis-egyetem-alapitvany-a-lidl-jovoltabol\/","title":{"rendered":"Mintegy 38 milli\u00f3 forintb\u00f3l v\u00e1s\u00e1rolhat k\u00f3rh\u00e1zi \u00e1gyakat a Semmelweis Egyetem Alap\u00edtv\u00e1ny a Lidl j\u00f3volt\u00e1b\u00f3l"},"content":{"rendered":"<div class=\"lead\">Csaknem 38 milli\u00f3 forintot gy\u0171jt\u00f6tt a Lidl Magyarorsz\u00e1g a v\u00e1s\u00e1rl\u00f3kkal k\u00f6z\u00f6sen a Semmelweis Egyetem Alap\u00edtv\u00e1ny jav\u00e1ra. A 2021. okt\u00f3ber 25-t\u0151l 2022. janu\u00e1r 3-\u00e1ig tart\u00f3 kamp\u00e1ny sor\u00e1n a v\u00e1llalat minden eladott Pilos 2,8%-os dobozos ESL magyar tej \u00e1r\u00e1b\u00f3l 5 Ft-ot az alap\u00edtv\u00e1nynak aj\u00e1nlott fel, \u00e9s az \u00f6sszegy\u0171lt adom\u00e1nyt az akci\u00f3 v\u00e9g\u00e9n megdupl\u00e1zta. A Semmelweis Egyetem Alap\u00edtv\u00e1ny sz\u00e1ml\u00e1j\u00e1ra \u00e9rkez\u0151 37 787 820 forintb\u00f3l k\u00f3rh\u00e1zi \u00e1gyakat v\u00e1s\u00e1rolnak majd.<\/div>\n<p>Az adom\u00e1nygy\u0171jt\u0151 kamp\u00e1nyt a Lidl Magyarorsz\u00e1g abb\u00f3l a megfontol\u00e1sb\u00f3l ind\u00edtotta, hogy t\u00e1mogassa a hazai eg\u00e9szs\u00e9g\u00fcgyet, melyre az elm\u00falt imm\u00e1r csaknem k\u00e9t \u00e9vben, a koronav\u00edrus elleni k\u00fczdelem sor\u00e1n k\u00fcl\u00f6n\u00f6sen nagy teher h\u00e1rult. A t\u00e1rsadalmi felel\u0151ss\u00e9gv\u00e1llal\u00e1s jegy\u00e9ben a v\u00e1llalat a hazai v\u00e1s\u00e1rl\u00f3kat is megsz\u00f3l\u00edtva \u00e9ppen ez\u00e9rt d\u00f6nt\u00f6tt \u00fagy, hogy az orsz\u00e1g egyik legnagyobb eg\u00e9szs\u00e9g\u00fcgyi int\u00e9zm\u00e9ny\u00e9t, a Semmelweis Egyetemet t\u00e1mogatja.<\/p>\n<p>Gr\u00f3sz Jen\u0151, a Lidl Magyarorsz\u00e1g igazgat\u00f3s\u00e1g\u00e1nak eln\u00f6ke elmondta:<\/p>\n<blockquote>\n<p>Nagy \u00f6r\u00f6mmel t\u00f6lt el benn\u00fcnket, hogy adom\u00e1nygy\u0171jt\u0151 kamp\u00e1nyunkhoz ilyen sokan csatlakoztak \u00e9s k\u00f6sz\u00f6nj\u00fck v\u00e1s\u00e1rl\u00f3inknak, hogy hozz\u00e1j\u00e1rultak kezdem\u00e9nyez\u00e9s\u00fcnk sikeress\u00e9g\u00e9hez. B\u00fcszkes\u00e9g sz\u00e1munkra, hogy ezzel a k\u00f6zel 38 milli\u00f3 forinttal seg\u00edthetj\u00fck a hazai eg\u00e9szs\u00e9g\u00fcgyi ell\u00e1t\u00e1st.<\/p>\n<\/blockquote>\n<p><a href=\"https:\/\/semmelweis.hu\/mediasarok\/files\/2022\/01\/RS144887_C19A6304-2_fin.jpg\"><img loading=\"lazy\" decoding=\"async\" class=\"aligncenter wp-image-124238 size-full\" src=\"https:\/\/semmelweis.hu\/mediasarok\/files\/2022\/01\/RS144887_C19A6304-2_fin.jpg\" alt=\"\" width=\"2560\" height=\"1980\" srcset=\"https:\/\/semmelweis.hu\/mediasarok\/files\/2022\/01\/RS144887_C19A6304-2_fin.jpg 2560w, https:\/\/semmelweis.hu\/mediasarok\/files\/2022\/01\/RS144887_C19A6304-2_fin-400x309.jpg 400w, https:\/\/semmelweis.hu\/mediasarok\/files\/2022\/01\/RS144887_C19A6304-2_fin-1024x792.jpg 1024w, https:\/\/semmelweis.hu\/mediasarok\/files\/2022\/01\/RS144887_C19A6304-2_fin-768x594.jpg 768w, https:\/\/semmelweis.hu\/mediasarok\/files\/2022\/01\/RS144887_C19A6304-2_fin-1536x1188.jpg 1536w, https:\/\/semmelweis.hu\/mediasarok\/files\/2022\/01\/RS144887_C19A6304-2_fin-2048x1584.jpg 2048w, https:\/\/semmelweis.hu\/mediasarok\/files\/2022\/01\/RS144887_C19A6304-2_fin-753x582.jpg 753w\" sizes=\"auto, (max-width: 2560px) 100vw, 2560px\" \/><\/a><\/p>\n<p>A befolyt \u00f6sszegb\u0151l a Semmelweis Egyetem Alap\u00edtv\u00e1ny modern k\u00f3rh\u00e1zi \u00e1gyakat v\u00e1s\u00e1rol t\u00e1mogatva ezzel a betegek magas szint\u0171 ell\u00e1t\u00e1s\u00e1t \u00e9s gyorsabb gy\u00f3gyul\u00e1s\u00e1t. A mozg\u00e1sk\u00e9ptelen vagy mozg\u00e1sukban akad\u00e1lyozott betegek ugyanis sok esetben a nap 24 \u00f3r\u00e1j\u00e1t a beteg\u00e1gyban fekve t\u00f6ltik, ez\u00e9rt k\u00fcl\u00f6n\u00f6sen fontos, hogy a k\u00f3rh\u00e1zi \u00e1gy a korszer\u0171 ter\u00e1pi\u00e1s elveknek megfelel\u0151 legyen. Az \u00e1gyak magass\u00e1ga, h\u00e1tt\u00e1ml\u00e1ja \u00e9s l\u00e1bv\u00e9ge k\u00fcl\u00f6n-k\u00fcl\u00f6n is \u00e1ll\u00edthat\u00f3 a beteg testmagass\u00e1g\u00e1hoz, \u00edgy biztos\u00edtva a k\u00e9nyelmes \u00e9s biztons\u00e1gos fekv\u00e9st. A t\u00f6bbr\u00e9teg\u0171 matracok cs\u00f6kkentik a felfekv\u00e9s kialakul\u00e1s\u00e1nak vesz\u00e9ly\u00e9t, a leereszthet\u0151 v\u00e9d\u0151korl\u00e1tok a p\u00e1ciensek k\u00f6nnyebb mozgat\u00e1s\u00e1t teszik lehet\u0151v\u00e9, m\u00edg a f\u00e9kekkel ell\u00e1tott, g\u00f6rd\u00fcl\u0151 kerekek a beteg sz\u00e1ll\u00edt\u00e1s\u00e1t, az \u00e1gyak mozgat\u00e1s\u00e1t k\u00f6nny\u00edtik meg. A korszer\u0171 \u00e1gyak nemcsak a p\u00e1ciensek komfort- \u00e9s biztons\u00e1g\u00e9rzet\u00e9t emelik, hanem az \u00e1pol\u00e1si feladatokat v\u00e9gz\u0151 szakdolgoz\u00f3ik munk\u00e1j\u00e1t is jelent\u0151sen k\u00f6nny\u00edtik.<\/p>\n<div class=\"fontos_div\">\n<p>Dr. Merkely B\u00e9la a Semmelweis Egyetem rektora, a Semmelweis Egyetem Alap\u00edtv\u00e1ny kurat\u00f3rium\u00e1nak eln\u00f6ke k\u00f6sz\u00f6net\u00e9t fejezte ki a t\u00f6bb mint k\u00e9t h\u00f3napig zajl\u00f3 adom\u00e1nygy\u0171jt\u0151 kamp\u00e1ny \u00f6tlet\u00e9\u00e9rt \u00e9s megval\u00f3s\u00edt\u00e1s\u00e1\u00e9rt a Lidl Magyarorsz\u00e1gnak \u00e9s a magyar v\u00e1s\u00e1rl\u00f3knak is. Hangs\u00falyozta, hogy a Semmelweis Egyetemnek haz\u00e1nk, illetve a r\u00e9gi\u00f3 vezet\u0151 orvos- \u00e9s eg\u00e9szs\u00e9gtudom\u00e1nyi fels\u0151oktat\u00e1si int\u00e9zm\u00e9nyek\u00e9nt k\u00fcldet\u00e9se, hogy a betegell\u00e1t\u00e1s ter\u00e9n a legmagasabb sz\u00ednvonalat k\u00e9pviselje.<\/p>\n<\/div>\n<p>Az int\u00e9zm\u00e9nynek mintegy 40 betegell\u00e1t\u00f3 szervezeti egys\u00e9ge, klinik\u00e1ja van, amelyeken \u00e9vente mintegy 140 ezer fekv\u0151beteg esetet l\u00e1tnak el. A Semmelweis Egyetem vezet\u0151 szerepet v\u00e1llalt a koronav\u00edrus elleni k\u00fczdelemben \u00e9s a lakoss\u00e1g vakcin\u00e1ci\u00f3j\u00e1ban. Az egyetem munkat\u00e1rsai 2020. december 26-a \u00f3ta t\u00f6bb mint f\u00e9lmilli\u00f3 olt\u00e1st adtak be, \u00e9s a pand\u00e9mia kezdete \u00f3ta pedig t\u00f6bb mint nyolcezer COVID-19 beteget kezeltek. A speci\u00e1lis \u00e1gyak nemcsak a belgy\u00f3gy\u00e1szati betegell\u00e1t\u00e1st seg\u00edtik majd, hanem a koronav\u00edrusban szenved\u0151k kezel\u00e9s\u00e9ben, valamint rehabilit\u00e1ci\u00f3jukban is haszn\u00e1lni fogj\u00e1k.<\/p>\n<p>Fot\u00f3: Kov\u00e1cs Attila &#8211; Semmelweis Egyetem<\/p>\n<p>&nbsp;<\/p>\n<p><span style=\"font-size: 12pt\">A Lidl Magyarorsz\u00e1gr\u00f3l:<\/span><br \/>\n<span style=\"font-size: 12pt\">Az 1930-as \u00e9vekben, N\u00e9metorsz\u00e1gban alap\u00edtott Lidl haz\u00e1nk egyik legdinamikusabban fejl\u0151d\u0151 \u00e9lelmiszerl\u00e1nca. A Lidl Magyarorsz\u00e1gon 2004-ben nyitotta meg els\u0151 logisztikai k\u00f6zpontj\u00e1t \u00e9s 12 \u00fczlet\u00e9t, ma pedig m\u00e1r 190 \u00e1ruh\u00e1zzal van jelen haz\u00e1nkban, \u00e9s t\u00f6bb mint 7500 munkav\u00e1llal\u00f3t foglalkoztat. A v\u00e1llalat 2004-es magyarorsz\u00e1gi piacra l\u00e9p\u00e9se \u00f3ta t\u00f6retlen\u00fcl fejl\u0151dik: nem csak a diszkont szegmensben \u00e9rt el vezet\u0151 szerepet, de forgalm\u00e1t tekintve az \u00e9lelmiszer kiskereskedelmi l\u00e1ncok k\u00f6z\u00f6tt is a legdinamikusabb n\u00f6veked\u00e9st tudhatja mag\u00e1\u00e9nak. A v\u00e1llalat emellett k\u00fcl\u00f6n\u00f6s figyelmet ford\u00edt a magyar besz\u00e1ll\u00edt\u00f3kra, a magyar gazdas\u00e1g t\u00e1mogat\u00e1s\u00e1nak \u00e9s fejleszt\u00e9s\u00e9nek jegy\u00e9ben, ennek k\u00f6sz\u00f6nhet\u0151en term\u00e9keinek k\u00f6zel 60 sz\u00e1zal\u00e9k\u00e1t magyar besz\u00e1ll\u00edt\u00f3kt\u00f3l szerzi be.<\/span><\/p>\n<p><span style=\"font-size: 12pt\">A Semmelweis Egyetem Alap\u00edtv\u00e1nyt 1992-ben hozt\u00e1k l\u00e9tre azzal a c\u00e9llal, hogy t\u00e1mogassa az egyetem oktat\u00f3, gy\u00f3gy\u00edt\u00f3 \u00e9s kutat\u00f3 tev\u00e9kenys\u00e9g\u00e9t. Az alap\u00edtv\u00e1ny k\u00f6zhaszn\u00fa tev\u00e9kenys\u00e9get folytat, k\u00f6zfeladatokat l\u00e1t el az eg\u00e9szs\u00e9gmeg\u0151rz\u00e9s, betegs\u00e9g-megel\u0151z\u00e9s, gy\u00f3gy\u00edt\u00f3-, eg\u00e9szs\u00e9g\u00fcgyi rehabilit\u00e1ci\u00f3s tev\u00e9kenys\u00e9g, a tudom\u00e1nyos tev\u00e9kenys\u00e9g, kutat\u00e1s, nevel\u00e9s \u00e9s oktat\u00e1s, k\u00e9pess\u00e9gfejleszt\u00e9s, valamint ismeretterjeszt\u00e9s ter\u00fclet\u00e9n. Tov\u00e1bbi inform\u00e1ci\u00f3: <a href=\"https:\/\/semmelweis.hu\/alapitvany\/az-alapitvanyrol\/\" target=\"_blank\" rel=\"noopener\">https:\/\/semmelweis.hu\/alapitvany\/az-alapitvanyrol\/<\/a><\/span><\/p>\n","protected":false},"excerpt":{"rendered":"<p>Az adom\u00e1nygy\u0171jt\u0151 kamp\u00e1nyt a Lidl Magyarorsz\u00e1g abb\u00f3l a megfontol\u00e1sb\u00f3l ind\u00edtotta, hogy t\u00e1mogassa a hazai eg\u00e9szs\u00e9g\u00fcgyet. <\/p>\n","protected":false},"author":101748,"featured_media":124238,"comment_status":"closed","ping_status":"closed","sticky":false,"template":"","format":"standard","meta":{"_acf_changed":false,"footnotes":""},"categories":[5],"tags":[734],"class_list":["post-124237","post","type-post","status-publish","format-standard","has-post-thumbnail","hentry","category-cikkek","tag-kozlemeny"],"acf":[],"_links":{"self":[{"href":"https:\/\/semmelweis.hu\/mediasarok\/wp-json\/wp\/v2\/posts\/124237","targetHints":{"allow":["GET"]}}],"collection":[{"href":"https:\/\/semmelweis.hu\/mediasarok\/wp-json\/wp\/v2\/posts"}],"about":[{"href":"https:\/\/semmelweis.hu\/mediasarok\/wp-json\/wp\/v2\/types\/post"}],"author":[{"embeddable":true,"href":"https:\/\/semmelweis.hu\/mediasarok\/wp-json\/wp\/v2\/users\/101748"}],"replies":[{"embeddable":true,"href":"https:\/\/semmelweis.hu\/mediasarok\/wp-json\/wp\/v2\/comments?post=124237"}],"version-history":[{"count":7,"href":"https:\/\/semmelweis.hu\/mediasarok\/wp-json\/wp\/v2\/posts\/124237\/revisions"}],"predecessor-version":[{"id":124721,"href":"https:\/\/semmelweis.hu\/mediasarok\/wp-json\/wp\/v2\/posts\/124237\/revisions\/124721"}],"wp:featuredmedia":[{"embeddable":true,"href":"https:\/\/semmelweis.hu\/mediasarok\/wp-json\/wp\/v2\/media\/124238"}],"wp:attachment":[{"href":"https:\/\/semmelweis.hu\/mediasarok\/wp-json\/wp\/v2\/media?parent=124237"}],"wp:term":[{"taxonomy":"category","embeddable":true,"href":"https:\/\/semmelweis.hu\/mediasarok\/wp-json\/wp\/v2\/categories?post=124237"},{"taxonomy":"post_tag","embeddable":true,"href":"https:\/\/semmelweis.hu\/mediasarok\/wp-json\/wp\/v2\/tags?post=124237"}],"curies":[{"name":"wp","href":"https:\/\/api.w.org\/{rel}","templated":true}]}}