{"id":123976,"date":"2022-01-10T14:20:35","date_gmt":"2022-01-10T13:20:35","guid":{"rendered":"https:\/\/semmelweis.hu\/mediasarok\/?p=123976"},"modified":"2025-02-27T12:06:40","modified_gmt":"2025-02-27T11:06:40","slug":"gyorsabb-es-pontosabb-diagnozis-varhato-a-semmelweis-egyetem-vilagviszonylatban-is-uj-ct-keszuleketol","status":"publish","type":"post","link":"https:\/\/semmelweis.hu\/mediasarok\/2022\/01\/10\/gyorsabb-es-pontosabb-diagnozis-varhato-a-semmelweis-egyetem-vilagviszonylatban-is-uj-ct-keszuleketol\/","title":{"rendered":"Gyorsabb \u00e9s pontosabb diagn\u00f3zis v\u00e1rhat\u00f3 a Semmelweis Egyetem vil\u00e1gviszonylatban is \u00faj CT-k\u00e9sz\u00fcl\u00e9k\u00e9t\u0151l"},"content":{"rendered":"<div class=\"lead\"><strong>Forradalmas\u00edthatja a sz\u00edv- \u00e9s \u00e9rgy\u00f3gy\u00e1szatot, valamint az onkol\u00f3giai diagnosztik\u00e1t az az \u00faj CT-k\u00e9sz\u00fcl\u00e9k, melyet a vil\u00e1gon els\u0151k k\u00f6z\u00f6tt \u00fczemeltek be a Semmelweis Egyetemen. Az Orvosi K\u00e9palkot\u00f3 Klinik\u00e1n el\u00e9rhet\u0151 \u00faj, fotonsz\u00e1ml\u00e1l\u00f3 detektorral rendelkez\u0151 berendez\u00e9s olyan r\u00e9szletgazdag k\u00e9pet mutat, ami lehet\u0151v\u00e9 teszi, hogy a daganatos elv\u00e1ltoz\u00e1sokat, valamint a sz\u00edv koszor\u00faerein megjelen\u0151 \u201elerak\u00f3d\u00e1sokat\u201d, az \u00fan. plakkokat, m\u00e1r egy korai szakaszban felismerj\u00e9k. Mindek\u00f6zben a fotonsz\u00e1ml\u00e1l\u00f3 technol\u00f3gi\u00e1nak k\u00f6sz\u00f6nhet\u0151en a sug\u00e1rd\u00f3zist csaknem a fel\u00e9re cs\u00f6kkenti. \u00a0<\/strong><\/div>\n<p>A Siemens Healthineers Naeotom Alpha CT k\u00e9sz\u00fcl\u00e9ke egyed\u00fcl\u00e1ll\u00f3, fotonsz\u00e1ml\u00e1l\u00f3 technol\u00f3gi\u00e1j\u00e1nak k\u00f6sz\u00f6nhet\u0151en a hagyom\u00e1nyos CT-kel szemben sokkal r\u00e9szletesebb t\u00e9rbeli felbont\u00e1st tesz lehet\u0151v\u00e9, \u00edgy ak\u00e1r a n\u00e9h\u00e1ny millim\u00e9teres k\u00f3ros elv\u00e1ltoz\u00e1sok \u2013 a daganatokt\u00f3l a meszes erekig, sz\u0171k\u00fcletekig \u2013 is azonos\u00edthat\u00f3k a seg\u00edts\u00e9g\u00e9vel. A fotonsz\u00e1ml\u00e1l\u00f3 detektorral felszerelt CT-berendez\u00e9s val\u00f3di m\u0171szaki \u00e1tt\u00f6r\u00e9st jelent \u2013 mondja dr. Maurovich Horvat P\u00e1l. Az Orvosi K\u00e9palkot\u00f3 Klinika igazgat\u00f3ja kiemelte, hogy a Naeotom Alpha a sz\u00fcrke\u00e1rnyalatos k\u00e9peken t\u00falmen\u0151en sz\u00ednes CT-felv\u00e9telek k\u00e9sz\u00edt\u00e9s\u00e9re is alkalmas a sz\u00f6veti tulajdons\u00e1gok alapj\u00e1n, \u00edgy m\u00e9g pontosabb diagn\u00f3zist tesz lehet\u0151v\u00e9 az onkol\u00f3gia \u00e9s a kardiol\u00f3gia mellett, a t\u00fcd\u0151, a koponya \u00e9s az \u00edz\u00fcletek k\u00e9palkot\u00e1s\u00e1ban is. Az onkol\u00f3giai diagnosztika ter\u00e9n nagy jelent\u0151s\u00e9g\u0171, hogy az \u00faj CT a 0,2 mm-es t\u00e9rbeli felbont\u00e1s mellett alkalmas az elv\u00e1ltoz\u00e1sok \u00f6sszet\u00e9tel\u00e9nek sz\u00e1mszer\u0171 meghat\u00e1roz\u00e1s\u00e1ra, \u00edgy a j\u00f3- \u00e9s rosszindulat\u00fa daganatok nagyobb biztons\u00e1ggal k\u00fcl\u00f6n\u00edthet\u0151k el egym\u00e1st\u00f3l \u2013 t\u00e1j\u00e9koztatott dr. Maurovich Horvat P\u00e1l.<\/p>\n<blockquote>\n<p>Hagyom\u00e1nyos CT k\u00e9sz\u00fcl\u00e9kekkel nehezen lehet meg\u00edt\u00e9lni a koszor\u00fa\u00e9r-sz\u0171k\u00fclet m\u00e9rt\u00e9k\u00e9t meszes lerak\u00f3d\u00e1s mellett, a fotonsz\u00e1ml\u00e1l\u00f3 technol\u00f3gi\u00e1nak k\u00f6sz\u00f6nhet\u0151en azonban a meszes plakk \u00e9s a be\u00fcltetett sztent \u201em\u00f6g\u00e9 is be lehet l\u00e1tni\u201d, \u00e9ppen ez\u00e9rt az \u00faj CT a sz\u00edv- \u00e9s \u00e9rrendszeri betegs\u00e9gek azonos\u00edt\u00e1s\u00e1ban kiemelt szerepet t\u00f6lthet be<\/p>\n<\/blockquote>\n<p>\u2013 hangs\u00falyozza dr. Merkely B\u00e9la kardiol\u00f3gus rektor. Hozz\u00e1tette: ilyen k\u00e9sz\u00fcl\u00e9keket kell az orvosok kez\u00e9be adni annak \u00e9rdek\u00e9ben, hogy vil\u00e1gh\u00edr\u0171 eredm\u00e9nyeket tudjanak el\u00e9rni.<\/p>\n\r\n        [slb_exclude]\r\n        <div class=\"row galeria-wrapper mx-0 h-auto\">\r\n            <div class=\"col-9 pl-0 pr-2\">\r\n            <span class=\"gallery-item frame\">\r\n\t\t\t\t<div class=\"galeria-left-img\"><a href=\"https:\/\/semmelweis.hu\/mediasarok\/files\/2022\/01\/RS144583_C19A5513-scr.jpg\"><img src=https:\/\/semmelweis.hu\/mediasarok\/files\/2022\/01\/RS144583_C19A5513-scr.jpg  \r\n                            alt=\"\" \r\n                            class=\"attachment-sote-gallery-big size-sote-gallery-big\" \r\n                            srcset=\"https:\/\/semmelweis.hu\/mediasarok\/files\/2022\/01\/RS144583_C19A5513-scr-400x267.jpg 400w, https:\/\/semmelweis.hu\/mediasarok\/files\/2022\/01\/RS144583_C19A5513-scr-1024x683.jpg 1024w, https:\/\/semmelweis.hu\/mediasarok\/files\/2022\/01\/RS144583_C19A5513-scr-768x512.jpg 768w, https:\/\/semmelweis.hu\/mediasarok\/files\/2022\/01\/RS144583_C19A5513-scr-753x502.jpg 753w, https:\/\/semmelweis.hu\/mediasarok\/files\/2022\/01\/RS144583_C19A5513-scr-203x135.jpg 203w, https:\/\/semmelweis.hu\/mediasarok\/files\/2022\/01\/RS144583_C19A5513-scr.jpg 1200w\" ><\/a><\/div>\r\n            <\/span>\r\n\r\n            <\/div>\r\n\r\n\t\t\t<div class=\"col-3 pl-0 pr-0\">\r\n\t\t\t\t<div class=\"galeria-right-img d-flex justify-content-between flex-column h-100 w-100 px-0 mx-0 \">\r\n                <div class=\"galeria-box\">\r\n\t\t\t\t\t<h3 class=\"galeria-title\">Gal\u00e9ria<\/h3>\r\n\t\t\t\t\t<div class=\"galeria-subtitle\">\r\n\r\n\t\t\t\t\t\t<div class=\"galeria-page-counter\"><span>7<\/span>k\u00e9p<\/div>\r\n                    <\/div> <\/div>\r\n                    <span class=\"gallery-item frame d-none d-md-flex\">\r\n\t\t\t\t\t<div class=\"galeria-small-img mt-0\"><a href=\"https:\/\/semmelweis.hu\/mediasarok\/files\/2022\/01\/RS144587_C19A5522-scr-1.jpg\"><img src=https:\/\/semmelweis.hu\/mediasarok\/files\/2022\/01\/RS144587_C19A5522-scr-1.jpg \r\n                                alt=\"\"  \r\n                                class=\"attachment-sote-gallery-small size-sote-gallery-small\" \r\n                                srcset=\"https:\/\/semmelweis.hu\/mediasarok\/files\/2022\/01\/RS144587_C19A5522-scr-1-400x267.jpg 400w, https:\/\/semmelweis.hu\/mediasarok\/files\/2022\/01\/RS144587_C19A5522-scr-1-1024x683.jpg 1024w, https:\/\/semmelweis.hu\/mediasarok\/files\/2022\/01\/RS144587_C19A5522-scr-1-768x512.jpg 768w, https:\/\/semmelweis.hu\/mediasarok\/files\/2022\/01\/RS144587_C19A5522-scr-1-753x502.jpg 753w, https:\/\/semmelweis.hu\/mediasarok\/files\/2022\/01\/RS144587_C19A5522-scr-1-203x135.jpg 203w, https:\/\/semmelweis.hu\/mediasarok\/files\/2022\/01\/RS144587_C19A5522-scr-1.jpg 1200w\" ><\/a><\/div>\r\n                    <\/span>\r\n                    <span class=\"gallery-item frame d-none d-md-flex\">\r\n\t\t\t\t\t<div class=\"galeria-small-img mt-0\"><a href=\"https:\/\/semmelweis.hu\/mediasarok\/files\/2022\/01\/RS144627_C19A5792-scr.jpg\"><img src=https:\/\/semmelweis.hu\/mediasarok\/files\/2022\/01\/RS144627_C19A5792-scr.jpg \r\n                                alt=\"\" \r\n                                class=\"attachment-sote-gallery-small size-sote-gallery-small\" \r\n                                srcset=\"https:\/\/semmelweis.hu\/mediasarok\/files\/2022\/01\/RS144627_C19A5792-scr-400x266.jpg 400w, https:\/\/semmelweis.hu\/mediasarok\/files\/2022\/01\/RS144627_C19A5792-scr-1024x680.jpg 1024w, https:\/\/semmelweis.hu\/mediasarok\/files\/2022\/01\/RS144627_C19A5792-scr-768x510.jpg 768w, https:\/\/semmelweis.hu\/mediasarok\/files\/2022\/01\/RS144627_C19A5792-scr-753x500.jpg 753w, https:\/\/semmelweis.hu\/mediasarok\/files\/2022\/01\/RS144627_C19A5792-scr-203x135.jpg 203w, https:\/\/semmelweis.hu\/mediasarok\/files\/2022\/01\/RS144627_C19A5792-scr.jpg 1200w\" ><\/a><\/div>\r\n                    <\/span>\r\n\r\n                <\/div>\r\n\r\n            <\/div>\r\n\r\n            <span class=\"gallery-item\"><div class=\"hidden\"><a href=\"https:\/\/semmelweis.hu\/mediasarok\/files\/2022\/01\/RS144590_C19A5529-scr.jpg\">\r\n        <img src=https:\/\/semmelweis.hu\/mediasarok\/files\/2022\/01\/RS144590_C19A5529-scr.jpg alt=\"\" class=\"attachment-sote-gallery-big size-sote-gallery-big\" srcset=\"https:\/\/semmelweis.hu\/mediasarok\/files\/2022\/01\/RS144590_C19A5529-scr-400x267.jpg 400w, https:\/\/semmelweis.hu\/mediasarok\/files\/2022\/01\/RS144590_C19A5529-scr-1024x683.jpg 1024w, https:\/\/semmelweis.hu\/mediasarok\/files\/2022\/01\/RS144590_C19A5529-scr-768x512.jpg 768w, https:\/\/semmelweis.hu\/mediasarok\/files\/2022\/01\/RS144590_C19A5529-scr-753x502.jpg 753w, https:\/\/semmelweis.hu\/mediasarok\/files\/2022\/01\/RS144590_C19A5529-scr-203x135.jpg 203w, https:\/\/semmelweis.hu\/mediasarok\/files\/2022\/01\/RS144590_C19A5529-scr.jpg 1200w\" >\r\n        <\/a><\/div><\/span><span class=\"gallery-item\"><div class=\"hidden\"><a href=\"https:\/\/semmelweis.hu\/mediasarok\/files\/2022\/01\/RS144596_C19A5546-scr.jpg\">\r\n        <img src=https:\/\/semmelweis.hu\/mediasarok\/files\/2022\/01\/RS144596_C19A5546-scr.jpg alt=\"\" class=\"attachment-sote-gallery-big size-sote-gallery-big\" srcset=\"https:\/\/semmelweis.hu\/mediasarok\/files\/2022\/01\/RS144596_C19A5546-scr-400x267.jpg 400w, https:\/\/semmelweis.hu\/mediasarok\/files\/2022\/01\/RS144596_C19A5546-scr-1024x683.jpg 1024w, https:\/\/semmelweis.hu\/mediasarok\/files\/2022\/01\/RS144596_C19A5546-scr-768x512.jpg 768w, https:\/\/semmelweis.hu\/mediasarok\/files\/2022\/01\/RS144596_C19A5546-scr-753x502.jpg 753w, https:\/\/semmelweis.hu\/mediasarok\/files\/2022\/01\/RS144596_C19A5546-scr-203x135.jpg 203w, https:\/\/semmelweis.hu\/mediasarok\/files\/2022\/01\/RS144596_C19A5546-scr.jpg 1200w\" >\r\n        <\/a><\/div><\/span><span class=\"gallery-item\"><div class=\"hidden\"><a href=\"https:\/\/semmelweis.hu\/mediasarok\/files\/2022\/01\/RS144617_C19A5734-scr.jpg\">\r\n        <img src=https:\/\/semmelweis.hu\/mediasarok\/files\/2022\/01\/RS144617_C19A5734-scr.jpg alt=\"Dr. Merkely B\u00e9la rektor, Sonja Wehsely, a Siemens CEE r\u00e9gi\u00f3 vezet\u0151je, dr. Palkovics L\u00e1szl\u00f3 innov\u00e1ci\u00f3s \u00e9s technol\u00f3giai miniszter, dr. Maurovich Horvat P\u00e1l, az Orvosi K\u00e9palkot\u00f3 Klinika igazgat\u00f3ja\" class=\"attachment-sote-gallery-big size-sote-gallery-big\" srcset=\"https:\/\/semmelweis.hu\/mediasarok\/files\/2022\/01\/RS144617_C19A5734-scr-400x253.jpg 400w, https:\/\/semmelweis.hu\/mediasarok\/files\/2022\/01\/RS144617_C19A5734-scr-1024x649.jpg 1024w, https:\/\/semmelweis.hu\/mediasarok\/files\/2022\/01\/RS144617_C19A5734-scr-768x486.jpg 768w, https:\/\/semmelweis.hu\/mediasarok\/files\/2022\/01\/RS144617_C19A5734-scr-753x477.jpg 753w, https:\/\/semmelweis.hu\/mediasarok\/files\/2022\/01\/RS144617_C19A5734-scr.jpg 1200w\" >\r\n        <\/a><\/div><\/span><span class=\"gallery-item\"><div class=\"hidden\"><a href=\"https:\/\/semmelweis.hu\/mediasarok\/files\/2022\/01\/RS144628_C19A5563-scr.jpg\">\r\n        <img src=https:\/\/semmelweis.hu\/mediasarok\/files\/2022\/01\/RS144628_C19A5563-scr.jpg alt=\"Oroszn\u00e9 Vincze Rita, a Siemens Healthcare Kft. \u00fcgyvezet\u0151 igazgat\u00f3ja\" class=\"attachment-sote-gallery-big size-sote-gallery-big\" srcset=\"https:\/\/semmelweis.hu\/mediasarok\/files\/2022\/01\/RS144628_C19A5563-scr-267x400.jpg 267w, https:\/\/semmelweis.hu\/mediasarok\/files\/2022\/01\/RS144628_C19A5563-scr.jpg 600w\" >\r\n        <\/a><\/div><\/span>\r\n            <\/div>\r\n\r\n            [\/slb_exclude]\r\n\t\n<p>Oroszn\u00e9 Vincze Rita, a Siemens Healthcare Kft. \u00fcgyvezet\u0151 igazgat\u00f3ja elmondta:<\/p>\n<blockquote>\n<p>A Siemens Healthineers-n\u00e9l t\u00f6bb, mint 15 \u00e9v kutat\u00f3, fejleszt\u0151 munk\u00e1ja \u00e9rt most c\u00e9lba. A fejleszt\u00e9s sor\u00e1n a szakemberek szem el\u0151tt tartott\u00e1k, hogy a berendez\u00e9s a kardiol\u00f3giai, az onkol\u00f3giai \u00e9s a pulmonol\u00f3giai ter\u00fcletek speci\u00e1lis k\u00e9palkot\u00e1si elv\u00e1r\u00e1sainak is megfeleljen.<\/p>\n<\/blockquote>\n<p>Kiemelte, hogy a Semmelweis Egyetem \u00e9s a v\u00e1llalat k\u00f6z\u00f6tt k\u00e9t \u00e9ve indult el egy szoros kutat\u00e1s-fejleszt\u00e9si egy\u00fcttm\u0171k\u00f6d\u00e9s.\u00a0 Az \u00faj berendez\u00e9s \u00e1ltal tov\u00e1bbi lehet\u0151s\u00e9gek ny\u00edlnak meg az egyetem \u00e9s a Siemens Healthineers k\u00f6z\u00f6tti egy\u00fcttm\u0171k\u00f6d\u00e9sre. Az \u00fcgyvezet\u0151 igazgat\u00f3 a CT k\u00e9palkot\u00e1si sebess\u00e9g\u00e9vel kapcsolatosan megjegyezte, hogy egy sz\u00edvdobban\u00e1s ideje alatt a teljes sz\u00edv lek\u00e9pezhet\u0151.<\/p>\n<div class=\"fontos_div\">\n<p>A vil\u00e1g\u00fajdons\u00e1gnak sz\u00e1m\u00edt\u00f3 k\u00e9sz\u00fcl\u00e9ket 2022. janu\u00e1r 10-\u00e9n adt\u00e1k \u00e1t a Semmelweis Egyetem K\u00e9palkot\u00f3 Klinik\u00e1j\u00e1n dr. Palkovics L\u00e1szl\u00f3 innov\u00e1ci\u00f3s \u00e9s technol\u00f3giai miniszter jelenl\u00e9t\u00e9ben. Az \u00faj, egyetemi forr\u00e1sb\u00f3l beszerzett, mintegy egymilli\u00e1rd forint \u00e9rt\u00e9k\u0171 k\u00e9sz\u00fcl\u00e9k az amerikai vil\u00e1gpremierrel egyid\u0151ben \u00e9rkezett meg a klinik\u00e1ra.<\/p>\n<\/div>\n<p>Fot\u00f3: Kov\u00e1cs Attila \u2013 Semmelweis Egyetem<\/p>\n<div id=\"GroupWiseSection_1641798138000_kovacs.eszter@semmelweis-univ.hu_79AE05810C1E0000A8B8FDB1764A2942_\" class=\"GroupWiseMessageBody active\">\n<div>Let\u00f6lthet\u0151 v\u00e1g\u00f3k\u00e9pek \u00e9s szinkronok: <a href=\"https:\/\/drive.google.com\/file\/d\/1eX4iyvCgD46JkBCIdpVN2Qw3TjiDsCkw\/view?usp=sharing\" target=\"_blank\" rel=\"noopener\">https:\/\/drive.google.com\/file\/d\/1eX4iyvCgD46JkBCIdpVN2Qw3TjiDsCkw\/view?usp=sharing<\/a><\/div>\n<div>\u00a0<\/div>\n<\/div>\n<p>A gal\u00e9ri\u00e1ban szerepl\u0151 k\u00e9pek hivatkoz\u00e1ssal szabadon felhaszn\u00e1lhat\u00f3ak, \u00e9s az al\u00e1bbi linkr\u0151l is let\u00f6lthet\u0151ek: <a href=\"http:\/\/archivum.semmelweis.hu\/?c=3277&amp;k=9c56795fec\">http:\/\/archivum.semmelweis.hu\/?c=3277&amp;k=9c56795fec<\/a><\/p>\n<p>Vide\u00f3: Bartincki Tamara, Kresalek D\u00e1vid, Luk\u00e1cs M. Sebesty\u00e9n, Major B\u00e1lint, R\u00e9thly D\u00e1vid\u00a0 \u2013 Semmelweis Egyetem<\/p>\n","protected":false},"excerpt":{"rendered":"<p>Az Orvosi K\u00e9palkot\u00f3 Klinika \u00faj CT-k\u00e9sz\u00fcl\u00e9ke forradalmas\u00edthatja a sz\u00edv- \u00e9s \u00e9rgy\u00f3gy\u00e1szatot, valamint az onkol\u00f3giai diagnosztik\u00e1t. <\/p>\n","protected":false},"author":101869,"featured_media":124042,"comment_status":"closed","ping_status":"closed","sticky":false,"template":"","format":"standard","meta":{"_acf_changed":false,"footnotes":""},"categories":[5],"tags":[732],"class_list":["post-123976","post","type-post","status-publish","format-standard","has-post-thumbnail","hentry","category-cikkek","tag-temaajanlo"],"acf":[],"_links":{"self":[{"href":"https:\/\/semmelweis.hu\/mediasarok\/wp-json\/wp\/v2\/posts\/123976","targetHints":{"allow":["GET"]}}],"collection":[{"href":"https:\/\/semmelweis.hu\/mediasarok\/wp-json\/wp\/v2\/posts"}],"about":[{"href":"https:\/\/semmelweis.hu\/mediasarok\/wp-json\/wp\/v2\/types\/post"}],"author":[{"embeddable":true,"href":"https:\/\/semmelweis.hu\/mediasarok\/wp-json\/wp\/v2\/users\/101869"}],"replies":[{"embeddable":true,"href":"https:\/\/semmelweis.hu\/mediasarok\/wp-json\/wp\/v2\/comments?post=123976"}],"version-history":[{"count":9,"href":"https:\/\/semmelweis.hu\/mediasarok\/wp-json\/wp\/v2\/posts\/123976\/revisions"}],"predecessor-version":[{"id":124060,"href":"https:\/\/semmelweis.hu\/mediasarok\/wp-json\/wp\/v2\/posts\/123976\/revisions\/124060"}],"wp:featuredmedia":[{"embeddable":true,"href":"https:\/\/semmelweis.hu\/mediasarok\/wp-json\/wp\/v2\/media\/124042"}],"wp:attachment":[{"href":"https:\/\/semmelweis.hu\/mediasarok\/wp-json\/wp\/v2\/media?parent=123976"}],"wp:term":[{"taxonomy":"category","embeddable":true,"href":"https:\/\/semmelweis.hu\/mediasarok\/wp-json\/wp\/v2\/categories?post=123976"},{"taxonomy":"post_tag","embeddable":true,"href":"https:\/\/semmelweis.hu\/mediasarok\/wp-json\/wp\/v2\/tags?post=123976"}],"curies":[{"name":"wp","href":"https:\/\/api.w.org\/{rel}","templated":true}]}}