{"id":122667,"date":"2021-12-01T06:00:21","date_gmt":"2021-12-01T05:00:21","guid":{"rendered":"https:\/\/semmelweis.hu\/mediasarok\/?p=122667"},"modified":"2025-02-27T12:08:39","modified_gmt":"2025-02-27T11:08:39","slug":"az-autistak-terapias-lehetosegeinek-javitasara-indult-vizsgalat-a-semmelweis-egyetemen","status":"publish","type":"post","link":"https:\/\/semmelweis.hu\/mediasarok\/2021\/12\/01\/az-autistak-terapias-lehetosegeinek-javitasara-indult-vizsgalat-a-semmelweis-egyetemen\/","title":{"rendered":"Az autist\u00e1k ter\u00e1pi\u00e1s lehet\u0151s\u00e9geinek jav\u00edt\u00e1s\u00e1ra indult vizsg\u00e1lat a Semmelweis Egyetemen"},"content":{"rendered":"<div class=\"lead\"><strong>A Semmelweis Egyetem Pszichi\u00e1triai \u00e9s Pszichoter\u00e1pi\u00e1s Klinik\u00e1j\u00e1nak kutat\u00f3i az autizmus spektrum zavar pszichol\u00f3giai \u00e9s neurobiol\u00f3giai alapjainak jobb meg\u00e9rt\u00e9s\u00e9t \u00e9s a ter\u00e1pi\u00e1s lehet\u0151s\u00e9gek jav\u00edt\u00e1s\u00e1t t\u0171zt\u00e9k ki c\u00e9lul. Ennek jegy\u00e9ben egy online k\u00e9rd\u0151\u00edves felm\u00e9r\u00e9shez \u00e9s egy EEG (elektroenkefalogr\u00e1fi\u00e1s) vizsg\u00e1lathoz v\u00e1rj\u00e1k autizmussal \u00e9rintett \u00e9s neurotipikus, vagyis szok\u00e1sos m\u00f3don fejl\u0151d\u0151 idegrendszer\u0171 feln\u0151ttek jelentkez\u00e9s\u00e9t. <\/strong><\/div>\n<p>A lakoss\u00e1g 1-2 sz\u00e1zal\u00e9k\u00e1t \u00e9rint\u0151 autizmus spektrum zavar az idegrendszer szok\u00e1sost\u00f3l elt\u00e9r\u0151 fejl\u0151d\u00e9se k\u00f6vetkezt\u00e9ben alakul ki. A t\u00e1rsas kapcsolatok kialak\u00edt\u00e1s\u00e1nak neh\u00e9zs\u00e9gei mellett gyakran t\u00e1rsul a k\u00fclvil\u00e1g ingereinek szokatlan \u00e9rz\u00e9kel\u00e9s\u00e9vel \u00e9s szorong\u00e1ssal, depresszi\u00f3val vagy m\u00e1s pszich\u00e9s betegs\u00e9gekkel. Az \u00e9rzelmi t\u00fcnetek felm\u00e9r\u00e9s\u00e9t \u00e9s kezel\u00e9s\u00e9t nehez\u00edtheti, hogy az autizmussal \u00e9l\u0151k nem mindig tudj\u00e1k felismerni \u00e9s elmondani saj\u00e1t \u00e9rzelmi \u00e1llapotukat. Az autizmussal kapcsolatos szeml\u00e9let v\u00e1ltoz\u00e1sa miatt az enyh\u00e9bb t\u00fcnetekkel \u00e9s a j\u00f3 besz\u00e9dk\u00e9szs\u00e9ggel rendelkez\u0151k csak feln\u0151ttkorban kapnak diagn\u00f3zist \u00e9s keresnek seg\u00edts\u00e9get.<\/p>\n<p><a href=\"https:\/\/semmelweis.hu\/mediasarok\/files\/2021\/11\/RS30700_KA-20150303-IMG_6683-eeg-scr.jpg\"><img loading=\"lazy\" decoding=\"async\" class=\"alignleft wp-image-122668 size-medium\" src=\"https:\/\/semmelweis.hu\/mediasarok\/files\/2021\/11\/RS30700_KA-20150303-IMG_6683-eeg-scr-400x267.jpg\" alt=\"\" width=\"400\" height=\"267\" srcset=\"https:\/\/semmelweis.hu\/mediasarok\/files\/2021\/11\/RS30700_KA-20150303-IMG_6683-eeg-scr-400x267.jpg 400w, https:\/\/semmelweis.hu\/mediasarok\/files\/2021\/11\/RS30700_KA-20150303-IMG_6683-eeg-scr-768x512.jpg 768w, https:\/\/semmelweis.hu\/mediasarok\/files\/2021\/11\/RS30700_KA-20150303-IMG_6683-eeg-scr-753x502.jpg 753w, https:\/\/semmelweis.hu\/mediasarok\/files\/2021\/11\/RS30700_KA-20150303-IMG_6683-eeg-scr-203x135.jpg 203w, https:\/\/semmelweis.hu\/mediasarok\/files\/2021\/11\/RS30700_KA-20150303-IMG_6683-eeg-scr.jpg 950w\" sizes=\"auto, (max-width: 400px) 100vw, 400px\" \/><\/a>A Semmelweis Egyetem Pszichi\u00e1triai \u00e9s Pszichoter\u00e1pi\u00e1s Klinik\u00e1j\u00e1nak kutat\u00f3i, dr. Czobor P\u00e1l egyetemi docens \u00e9s dr. Kakuszi Brigitta tudom\u00e1nyos munkat\u00e1rs kutat\u00f3csoportja nemzetk\u00f6zi viszonylatban is \u00fatt\u00f6r\u0151nek sz\u00e1m\u00edt\u00f3 m\u00f3dszer\u00fck seg\u00edts\u00e9g\u00e9vel vizsg\u00e1lja az autizmussal \u00e9l\u0151ket. Ennek sor\u00e1n k\u00e9t r\u00e9szvev\u0151 \u2013 egy autista \u00e9s egy neurotipikus szem\u00e9ly \u2013 agyi tev\u00e9kenys\u00e9g\u00e9t regisztr\u00e1lj\u00e1k azonos id\u0151ben, de t\u00e9rben egym\u00e1st\u00f3l elv\u00e1lasztva. Mindketten sz\u00e1m\u00edt\u00f3g\u00e9pes feladatokat oldanak meg, mik\u00f6zben visszajelz\u00e9st kapnak egym\u00e1s teljes\u00edtm\u00e9ny\u00e9r\u0151l. A teljesen f\u00e1jdalommentes m\u00f3dszer sor\u00e1n agyi tev\u00e9kenys\u00e9g\u00fcket k\u00e9t, egyenk\u00e9nt 256 csatorn\u00e1s EEG r\u00f6gz\u00edti. A vizsg\u00e1latt\u00f3l a szakemberek azt v\u00e1rj\u00e1k, hogy seg\u00edti az autizmusban \u00e9szlelhet\u0151 t\u00e1rsas megismer\u00e9si neh\u00e9zs\u00e9gek biol\u00f3giai h\u00e1tter\u00e9nek jobb meg\u00e9rt\u00e9s\u00e9t, emellett pedig hozz\u00e1j\u00e1rulhat a neh\u00e9zs\u00e9gek neurofeedback (a neur\u00e1lis tev\u00e9kenys\u00e9g visszajelz\u00e9s\u00e9n alapul\u00f3) kezel\u00e9si m\u00f3dszereinek kidolgoz\u00e1s\u00e1hoz is.<\/p>\n<p>A vizsg\u00e1lathoz a 18-65 \u00e9v k\u00f6z\u00f6tti feln\u0151ttek 2022. j\u00fanius 30-ig tudnak csatlakozni. \u00c9rdekl\u0151dni, illetve jelentkezni az al\u00e1bbi email c\u00edmen lehet: <a href=\"mailto:kakuszi.brigitta@med.semmelweis-univ.hu\">kakuszi.brigitta@med.semmelweis-univ.hu<\/a>.<\/p>\n<p>A Pszichi\u00e1triai \u00e9s Pszichoter\u00e1pi\u00e1s Klinika m\u00e1sik vizsg\u00e1lat\u00e1ban dr. Farkas Kinga adjunktus \u00e9s kutat\u00f3csoportja egy online k\u00e9rd\u0151\u00edvet \u00e1ll\u00edtott \u00f6ssze, amelyben \u00e1ll\u00edt\u00e1sokat kell \u00e9rt\u00e9kelni a t\u00e1rsas kapcsolatokra, valamint \u00f6nmagunk \u00e9s a k\u00fclvil\u00e1g \u00e9rz\u00e9kel\u00e9s\u00e9nek saj\u00e1toss\u00e1gaira vonatkoz\u00f3an, illetve k\u00e9rd\u00e9sekre kell v\u00e1laszolni. A k\u00f6r\u00fclbel\u00fcl 45-60 percet ig\u00e9nyl\u0151 k\u00e9rd\u0151\u00edves felm\u00e9r\u00e9shez neurotipikus, autista \u00e9s \u00f6nmagukn\u00e1l autizmust felt\u00e9telez\u0151 szem\u00e9lyek jelentkez\u00e9s\u00e9t v\u00e1rj\u00e1k 2022. janu\u00e1r v\u00e9g\u00e9ig.<\/p>\n<p>A felm\u00e9r\u00e9s lez\u00e1rult\u00e1val a kutat\u00f3k az adatok elemz\u00e9s\u00e9t k\u00f6vet\u0151en egy olyan k\u00e9rd\u0151\u00edvcsomag \u00f6ssze\u00e1ll\u00edt\u00e1s\u00e1t tervezik, amelynek seg\u00edts\u00e9g\u00e9vel a szakemberek k\u00f6nnyebben \u00e9s gyorsabban \u00e1ll\u00edthatj\u00e1k majd fel a diagn\u00f3zist, illetve az autizmushoz gyakran t\u00e1rsul\u00f3 ment\u00e1lis betegs\u00e9gek (pl. depresszi\u00f3, szorong\u00e1s) felismer\u00e9s\u00e9t \u00e9s hat\u00e9kony gy\u00f3gyszeres vagy pszichoter\u00e1pi\u00e1s kezel\u00e9s\u00e9t is el\u0151seg\u00edtheti. A <a href=\"https:\/\/autizmuskutatas2021.formr.org\/\" target=\"_blank\" rel=\"noopener\">k\u00e9rd\u0151\u00edv ide kattintva<\/a> \u00e9rhet\u0151 el.\u00a0<\/p>\n<p>Fot\u00f3 (illusztr\u00e1ci\u00f3): Kov\u00e1cs Attila &#8211; Semmelweis Egyetem<\/p>\n<p>&nbsp;<\/p>\n","protected":false},"excerpt":{"rendered":"<p>K\u00e9rd\u0151\u00edves kutat\u00e1shoz \u00e9s EEG vizsg\u00e1lathoz v\u00e1rj\u00e1k az \u00e9rintettek jelentkez\u00e9s\u00e9t a Pszichi\u00e1triai \u00e9s Pszichoter\u00e1pi\u00e1s Klinika kutat\u00f3i. <\/p>\n","protected":false},"author":101748,"featured_media":122668,"comment_status":"closed","ping_status":"closed","sticky":false,"template":"","format":"standard","meta":{"_acf_changed":false,"footnotes":""},"categories":[5],"tags":[732],"class_list":["post-122667","post","type-post","status-publish","format-standard","has-post-thumbnail","hentry","category-cikkek","tag-temaajanlo"],"acf":[],"_links":{"self":[{"href":"https:\/\/semmelweis.hu\/mediasarok\/wp-json\/wp\/v2\/posts\/122667","targetHints":{"allow":["GET"]}}],"collection":[{"href":"https:\/\/semmelweis.hu\/mediasarok\/wp-json\/wp\/v2\/posts"}],"about":[{"href":"https:\/\/semmelweis.hu\/mediasarok\/wp-json\/wp\/v2\/types\/post"}],"author":[{"embeddable":true,"href":"https:\/\/semmelweis.hu\/mediasarok\/wp-json\/wp\/v2\/users\/101748"}],"replies":[{"embeddable":true,"href":"https:\/\/semmelweis.hu\/mediasarok\/wp-json\/wp\/v2\/comments?post=122667"}],"version-history":[{"count":4,"href":"https:\/\/semmelweis.hu\/mediasarok\/wp-json\/wp\/v2\/posts\/122667\/revisions"}],"predecessor-version":[{"id":122718,"href":"https:\/\/semmelweis.hu\/mediasarok\/wp-json\/wp\/v2\/posts\/122667\/revisions\/122718"}],"wp:featuredmedia":[{"embeddable":true,"href":"https:\/\/semmelweis.hu\/mediasarok\/wp-json\/wp\/v2\/media\/122668"}],"wp:attachment":[{"href":"https:\/\/semmelweis.hu\/mediasarok\/wp-json\/wp\/v2\/media?parent=122667"}],"wp:term":[{"taxonomy":"category","embeddable":true,"href":"https:\/\/semmelweis.hu\/mediasarok\/wp-json\/wp\/v2\/categories?post=122667"},{"taxonomy":"post_tag","embeddable":true,"href":"https:\/\/semmelweis.hu\/mediasarok\/wp-json\/wp\/v2\/tags?post=122667"}],"curies":[{"name":"wp","href":"https:\/\/api.w.org\/{rel}","templated":true}]}}