{"id":121381,"date":"2021-10-19T10:36:09","date_gmt":"2021-10-19T08:36:09","guid":{"rendered":"https:\/\/semmelweis.hu\/mediasarok\/?p=121381"},"modified":"2021-10-19T10:36:09","modified_gmt":"2021-10-19T08:36:09","slug":"kozlemeny-18","status":"publish","type":"post","link":"https:\/\/semmelweis.hu\/mediasarok\/2021\/10\/19\/kozlemeny-18\/","title":{"rendered":"K\u00f6zlem\u00e9ny"},"content":{"rendered":"<div class=\"lead\">A Semmelweis Egyetem hat\u00e1rozottan visszautas\u00edtja a 444.hu h\u00edrport\u00e1lon 2021. okt\u00f3ber 19-\u00e9n megjelent, \u201eA vil\u00e1g vezet\u0151 lapj\u00e1ba sz\u00e1nt\u00e1k, v\u00e9g\u00fcl egy \u00f6reged\u00e9studom\u00e1nyi foly\u00f3iratban jelent meg Merkely\u00e9k orsz\u00e1gos kutat\u00e1sa\u201d c\u00edm\u0171 cikk b\u00fajtatott \u00e1ll\u00edt\u00e1s\u00e1t, mely szerint az orsz\u00e1gos, reprezentat\u00edv H-UNCOVER vizsg\u00e1latr\u00f3l sz\u00f3l\u00f3 publik\u00e1ci\u00f3 nem annak tudom\u00e1nyos \u00e9rt\u00e9ke, hanem protekci\u00f3 alapj\u00e1n jelent meg a Springer lapcsoport tulajdon\u00e1ban \u00e1ll\u00f3, amerikai D1-es, vezet\u0151 lapban.<\/div>\n<p>A cikk r\u00f6vid id\u0151 alatt, k\u00f6zlem\u00e9ny\u00fcnk megjelen\u00e9s\u00e9nek id\u0151pontj\u00e1ban m\u00e1r, 35 nemzetk\u00f6zi hivatkoz\u00e1st \u00e9rt el, ami kimagasl\u00f3 \u00e9rt\u00e9knek sz\u00e1m\u00edt.<\/p>\n<p>A publik\u00e1ci\u00f3 siker\u00e9t mutatja \u2013 magyar viszonylatban ritk\u00e1n fordul el\u0151 \u2013, hogy a j\u00e1rv\u00e1nytan \u00e9s a virol\u00f3gia h\u00e1rom nemzetk\u00f6zi h\u00edr\u0171 szaktekint\u00e9lye \u00edrt szerkeszt\u0151i k\u00f6zlem\u00e9nyt, elemezve a H-UNCOVER vizsg\u00e1lat tanuls\u00e1gait. Ezek a szak\u00e9rt\u0151k:<\/p>\n<p><strong>Professor Martin McKee<\/strong><br \/>\nProfessor McKee Eur\u00f3pa vezet\u0151 epidemiol\u00f3gusa, az Eur\u00f3pai N\u00e9peg\u00e9szs\u00e9g\u00fcgyi T\u00e1rsas\u00e1g (European Public Health Association kor\u00e1bbi) eln\u00f6ke, a WHO alatt m\u0171k\u00f6d\u0151 European Observatory on Health Systems and Policies kutat\u00e1si igazgat\u00f3ja. <a href=\"https:\/\/en.wikipedia.org\/wiki\/Martin_McKee\">https:\/\/en.wikipedia.org\/wiki\/Martin_McKee<\/a><\/p>\n<p><strong>Professor Jorge Quarleri<\/strong><br \/>\nProfessor Quarleri Argent\u00edna vezet\u0151 virol\u00f3gus kutat\u00f3ja.<\/p>\n<p><strong>Professor S. V. Subramanian<\/strong><br \/>\nProfessor Subramanian a Harvard Egyetem professzora, aki a nemzetk\u00f6zi tudom\u00e1nyos \u00e9letben a legid\u00e9zettebb 1% k\u00f6z\u00e9 tartozik.<\/p>\n<p>A GeroScience az amerikai \u00f6reged\u00e9studom\u00e1nyi tudom\u00e1nyos t\u00e1rsas\u00e1g, nyolcas impaktfaktorral rendelkez\u0151, nagy preszt\u00edzs\u0171 lapja, melynek f\u0151szerkeszt\u0151je magyar. Minden hazai egyetem t\u00f6rekv\u00e9se az, hogy min\u00e9l t\u00f6bb tudom\u00e1nyos lap f\u0151szerkeszt\u0151je dolgozzon az int\u00e9zm\u00e9nyei falai k\u00f6z\u00f6tt.<\/p>\n<p>A Semmelweis Egyetemet 10. 12-\u00e9n kereste meg a 444.hu szerkeszt\u0151s\u00e9ge az al\u00e1bbi linken el\u00e9rhet\u0151 k\u00e9rd\u00e9sekkel (<a href=\"https:\/\/semmelweis.hu\/mediasarok\/2021\/10\/19\/semmelweis-egyetem-reszletes-valaszai-a-444-hu-nak-a-h-uncover-kutatassal-kapcsolatban\/\">https:\/\/semmelweis.hu\/mediasarok\/2021\/10\/19\/semmelweis-egyetem-reszletes-valaszai-a-444-hu-nak-a-h-uncover-kutatassal-kapcsolatban\/<\/a>), melyekre 10. 14-\u00e9n r\u00e9szletesen v\u00e1laszolt az int\u00e9zm\u00e9ny azzal a k\u00e9r\u00e9ssel, hogy v\u00e1ltoztat\u00e1s n\u00e9lk\u00fcl k\u00f6z\u00f6lje a v\u00e1laszokat a port\u00e1l. A 10. 19-\u00e9n megjelent, eredeti cikk csak r\u00e9szlegesen tartalmazta az egyetem v\u00e1laszait, \u00e9s b\u00e1r az \u00edr\u00e1st megkeres\u00e9s\u00fcnkre kieg\u00e9sz\u00edtette az \u00fajs\u00e1g\u00edr\u00f3, az m\u00e9g jelenleg is t\u00f6bb ponton cs\u00fasztat\u00e1sokat tartalmaz, r\u00e9szben a n\u00e9vtelen forr\u00e1sokra hivatkozva. \u00c9ppen ez\u00e9rt a Semmelweis Egyetem k\u00f6zz\u00e9tette honlapj\u00e1n, a fenti linken az \u00fcgyben le\u00edrt v\u00e1laszait teljes terjedelemben.<\/p>\n<p>Az \u00fajs\u00e1g\u00edr\u00e1s azon gyakorlata, mely n\u00e9vtelen forr\u00e1sok v\u00e9lem\u00e9ny\u00e9t \u00e1ll\u00edtja szembe nev\u00fcket v\u00e1llal\u00f3 szak\u00e9rt\u0151k \u00e1ltal k\u00f6z\u00f6lt, ellen\u0151rizhet\u0151 t\u00e9nyekkel, f\u00e9lrevezeti a k\u00f6zv\u00e9lem\u00e9nyt \u00e9s nem objekt\u00edv.<\/p>\n","protected":false},"excerpt":{"rendered":"<p>A Semmelweis Egyetem hat\u00e1rozottan visszautas\u00edtja a 444.hu h\u00edrport\u00e1lon 2021. okt\u00f3ber 19-\u00e9n megjelent, \u201eA vil\u00e1g vezet\u0151 lapj\u00e1ba sz\u00e1nt\u00e1k, v\u00e9g\u00fcl egy \u00f6reged\u00e9studom\u00e1nyi foly\u00f3iratban jelent meg Merkely\u00e9k orsz\u00e1gos kutat\u00e1sa\u201d c\u00edm\u0171 cikk b\u00fajtatott \u00e1ll\u00edt\u00e1s\u00e1t, mely szerint az orsz\u00e1gos, reprezentat\u00edv H-UNCOVER vizsg\u00e1latr\u00f3l sz\u00f3l\u00f3 publik\u00e1ci\u00f3 nem annak tudom\u00e1nyos \u00e9rt\u00e9ke, hanem protekci\u00f3 alapj\u00e1n jelent meg a Springer lapcsoport tulajdon\u00e1ban \u00e1ll\u00f3, amerikai D1-es, &hellip;<\/p>\n","protected":false},"author":101905,"featured_media":0,"comment_status":"closed","ping_status":"closed","sticky":false,"template":"","format":"standard","meta":{"_acf_changed":false,"footnotes":""},"categories":[5],"tags":[734],"class_list":["post-121381","post","type-post","status-publish","format-standard","hentry","category-cikkek","tag-kozlemeny"],"acf":[],"_links":{"self":[{"href":"https:\/\/semmelweis.hu\/mediasarok\/wp-json\/wp\/v2\/posts\/121381","targetHints":{"allow":["GET"]}}],"collection":[{"href":"https:\/\/semmelweis.hu\/mediasarok\/wp-json\/wp\/v2\/posts"}],"about":[{"href":"https:\/\/semmelweis.hu\/mediasarok\/wp-json\/wp\/v2\/types\/post"}],"author":[{"embeddable":true,"href":"https:\/\/semmelweis.hu\/mediasarok\/wp-json\/wp\/v2\/users\/101905"}],"replies":[{"embeddable":true,"href":"https:\/\/semmelweis.hu\/mediasarok\/wp-json\/wp\/v2\/comments?post=121381"}],"version-history":[{"count":2,"href":"https:\/\/semmelweis.hu\/mediasarok\/wp-json\/wp\/v2\/posts\/121381\/revisions"}],"predecessor-version":[{"id":121385,"href":"https:\/\/semmelweis.hu\/mediasarok\/wp-json\/wp\/v2\/posts\/121381\/revisions\/121385"}],"wp:attachment":[{"href":"https:\/\/semmelweis.hu\/mediasarok\/wp-json\/wp\/v2\/media?parent=121381"}],"wp:term":[{"taxonomy":"category","embeddable":true,"href":"https:\/\/semmelweis.hu\/mediasarok\/wp-json\/wp\/v2\/categories?post=121381"},{"taxonomy":"post_tag","embeddable":true,"href":"https:\/\/semmelweis.hu\/mediasarok\/wp-json\/wp\/v2\/tags?post=121381"}],"curies":[{"name":"wp","href":"https:\/\/api.w.org\/{rel}","templated":true}]}}