{"id":1203,"date":"2011-02-14T15:33:24","date_gmt":"2011-02-14T14:33:24","guid":{"rendered":"http:\/\/mediasarok.sote.hu\/multimedia\/kepek\/i-sz-belgyogyaszati-klinika-tanterematado\/"},"modified":"2020-03-31T12:21:41","modified_gmt":"2020-03-31T10:21:41","slug":"i-sz-belgyogyaszati-klinika-tanterematado","status":"publish","type":"post","link":"https:\/\/semmelweis.hu\/mediasarok\/2011\/02\/14\/i-sz-belgyogyaszati-klinika-tanterematado\/","title":{"rendered":"I. Sz. Belgy\u00f3gy\u00e1szati Klinika tanterem\u00e1tad\u00f3"},"content":{"rendered":"<p>100 \u00e9ves sz\u00fclet\u00e9snapj\u00e1ra 100 milli\u00f3 forintot kapott a Semmelweis Egyetem (SE) I. sz\u00e1m\u00fa Belklinik\u00e1ja az Amerikai Magyar Koal\u00edci\u00f3t\u00f3l. Az \u00f6sszeget a klinika fel\u00faj\u00edt\u00e1s\u00e1ra sz\u00e1nt\u00e1k, ennek k\u00f6sz\u00f6nhet\u0151en az int\u00e9zm\u00e9ny 1\/6-oda \u00fajult meg. Fot\u00f3: D. Kiss Bal\u00e1zs<\/p>\n\r\n        [slb_exclude]\r\n        <div class=\"row galeria-wrapper mx-0 h-auto\">\r\n            <div class=\"col-9 pl-0 pr-2\">\r\n            <span class=\"gallery-item frame\">\r\n\t\t\t\t<div class=\"galeria-left-img\"><a href=\"https:\/\/semmelweis.hu\/mediasarok\/files\/2011\/02\/img_9445.jpg\"><img src=https:\/\/semmelweis.hu\/mediasarok\/files\/2011\/02\/img_9445.jpg  \r\n                            alt=\"I. Sz. Belgy\u00f3gy\u00e1szati Klinika, tanterem\u00e1tad\u00f3\" \r\n                            class=\"attachment-sote-gallery-big size-sote-gallery-big\" \r\n                            srcset=\"https:\/\/semmelweis.hu\/mediasarok\/files\/2011\/02\/img_9445-200x300.jpg 200w, https:\/\/semmelweis.hu\/mediasarok\/files\/2011\/02\/img_9445-682x1024.jpg 682w, https:\/\/semmelweis.hu\/mediasarok\/files\/2011\/02\/img_9445.jpg 1996w\" ><\/a><\/div>\r\n            <\/span>\r\n\r\n            <\/div>\r\n\r\n\t\t\t<div class=\"col-3 pl-0 pr-0\">\r\n\t\t\t\t<div class=\"galeria-right-img d-flex justify-content-between flex-column h-100 w-100 px-0 mx-0 \">\r\n                <div class=\"galeria-box\">\r\n\t\t\t\t\t<h3 class=\"galeria-title\">Gal\u00e9ria<\/h3>\r\n\t\t\t\t\t<div class=\"galeria-subtitle\">\r\n\r\n\t\t\t\t\t\t<div class=\"galeria-page-counter\"><span>15<\/span>k\u00e9p<\/div>\r\n                    <\/div> <\/div>\r\n                    <span class=\"gallery-item frame d-none d-md-flex\">\r\n\t\t\t\t\t<div class=\"galeria-small-img mt-0\"><a href=\"https:\/\/semmelweis.hu\/mediasarok\/files\/2011\/02\/img_9419.jpg\"><img src=https:\/\/semmelweis.hu\/mediasarok\/files\/2011\/02\/img_9419.jpg \r\n                                alt=\"I. Sz. Belgy\u00f3gy\u00e1szati Klinika, tanterem\u00e1tad\u00f3\"  \r\n                                class=\"attachment-sote-gallery-small size-sote-gallery-small\" \r\n                                srcset=\"https:\/\/semmelweis.hu\/mediasarok\/files\/2011\/02\/img_9419-300x200.jpg 300w, https:\/\/semmelweis.hu\/mediasarok\/files\/2011\/02\/img_9419-1024x682.jpg 1024w, https:\/\/semmelweis.hu\/mediasarok\/files\/2011\/02\/img_9419-450x300.jpg 450w\" ><\/a><\/div>\r\n                    <\/span>\r\n                    <span class=\"gallery-item frame d-none d-md-flex\">\r\n\t\t\t\t\t<div class=\"galeria-small-img mt-0\"><a href=\"https:\/\/semmelweis.hu\/mediasarok\/files\/2011\/02\/img_9407.jpg\"><img src=https:\/\/semmelweis.hu\/mediasarok\/files\/2011\/02\/img_9407.jpg \r\n                                alt=\"I. Sz. Belgy\u00f3gy\u00e1szati Klinika, tanterem\u00e1tad\u00f3\" \r\n                                class=\"attachment-sote-gallery-small size-sote-gallery-small\" \r\n                                srcset=\"https:\/\/semmelweis.hu\/mediasarok\/files\/2011\/02\/img_9407-300x200.jpg 300w, https:\/\/semmelweis.hu\/mediasarok\/files\/2011\/02\/img_9407-1024x682.jpg 1024w, https:\/\/semmelweis.hu\/mediasarok\/files\/2011\/02\/img_9407-449x300.jpg 449w\" ><\/a><\/div>\r\n                    <\/span>\r\n\r\n                <\/div>\r\n\r\n            <\/div>\r\n\r\n            <span class=\"gallery-item\"><div class=\"hidden\"><a href=\"https:\/\/semmelweis.hu\/mediasarok\/files\/2011\/02\/img_9375.jpg\">\r\n        <img src=https:\/\/semmelweis.hu\/mediasarok\/files\/2011\/02\/img_9375.jpg alt=\"I. Sz. Belgy\u00f3gy\u00e1szati Klinika, tanterem\u00e1tad\u00f3\" class=\"attachment-sote-gallery-big size-sote-gallery-big\" srcset=\"https:\/\/semmelweis.hu\/mediasarok\/files\/2011\/02\/img_9375-300x200.jpg 300w, https:\/\/semmelweis.hu\/mediasarok\/files\/2011\/02\/img_9375-1024x682.jpg 1024w, https:\/\/semmelweis.hu\/mediasarok\/files\/2011\/02\/img_9375-449x300.jpg 449w\" >\r\n        <\/a><\/div><\/span><span class=\"gallery-item\"><div class=\"hidden\"><a href=\"https:\/\/semmelweis.hu\/mediasarok\/files\/2011\/02\/img_9364.jpg\">\r\n        <img src=https:\/\/semmelweis.hu\/mediasarok\/files\/2011\/02\/img_9364.jpg alt=\"I. Sz. Belgy\u00f3gy\u00e1szati Klinika, tanterem\u00e1tad\u00f3\" class=\"attachment-sote-gallery-big size-sote-gallery-big\" srcset=\"https:\/\/semmelweis.hu\/mediasarok\/files\/2011\/02\/img_9364-300x200.jpg 300w, https:\/\/semmelweis.hu\/mediasarok\/files\/2011\/02\/img_9364-1024x682.jpg 1024w, https:\/\/semmelweis.hu\/mediasarok\/files\/2011\/02\/img_9364-450x300.jpg 450w\" >\r\n        <\/a><\/div><\/span><span class=\"gallery-item\"><div class=\"hidden\"><a href=\"https:\/\/semmelweis.hu\/mediasarok\/files\/2011\/02\/img_9362.jpg\">\r\n        <img src=https:\/\/semmelweis.hu\/mediasarok\/files\/2011\/02\/img_9362.jpg alt=\"I. Sz. Belgy\u00f3gy\u00e1szati Klinika, tanterem\u00e1tad\u00f3\" class=\"attachment-sote-gallery-big size-sote-gallery-big\" srcset=\"https:\/\/semmelweis.hu\/mediasarok\/files\/2011\/02\/img_9362-300x200.jpg 300w, https:\/\/semmelweis.hu\/mediasarok\/files\/2011\/02\/img_9362-1024x682.jpg 1024w, https:\/\/semmelweis.hu\/mediasarok\/files\/2011\/02\/img_9362-449x300.jpg 449w\" >\r\n        <\/a><\/div><\/span><span class=\"gallery-item\"><div class=\"hidden\"><a href=\"https:\/\/semmelweis.hu\/mediasarok\/files\/2011\/02\/img_9360.jpg\">\r\n        <img src=https:\/\/semmelweis.hu\/mediasarok\/files\/2011\/02\/img_9360.jpg alt=\"I. Sz. Belgy\u00f3gy\u00e1szati Klinika, tanterem\u00e1tad\u00f3\" class=\"attachment-sote-gallery-big size-sote-gallery-big\" srcset=\"https:\/\/semmelweis.hu\/mediasarok\/files\/2011\/02\/img_9360-300x199.jpg 300w, https:\/\/semmelweis.hu\/mediasarok\/files\/2011\/02\/img_9360-1024x682.jpg 1024w, https:\/\/semmelweis.hu\/mediasarok\/files\/2011\/02\/img_9360-450x300.jpg 450w\" >\r\n        <\/a><\/div><\/span><span class=\"gallery-item\"><div class=\"hidden\"><a href=\"https:\/\/semmelweis.hu\/mediasarok\/files\/2011\/02\/img_9351.jpg\">\r\n        <img src=https:\/\/semmelweis.hu\/mediasarok\/files\/2011\/02\/img_9351.jpg alt=\"I. Sz. Belgy\u00f3gy\u00e1szati Klinika, tanterem\u00e1tad\u00f3\" class=\"attachment-sote-gallery-big size-sote-gallery-big\" srcset=\"https:\/\/semmelweis.hu\/mediasarok\/files\/2011\/02\/img_9351-300x200.jpg 300w, https:\/\/semmelweis.hu\/mediasarok\/files\/2011\/02\/img_9351-1024x682.jpg 1024w, https:\/\/semmelweis.hu\/mediasarok\/files\/2011\/02\/img_9351-450x300.jpg 450w\" >\r\n        <\/a><\/div><\/span><span class=\"gallery-item\"><div class=\"hidden\"><a href=\"https:\/\/semmelweis.hu\/mediasarok\/files\/2011\/02\/img_9345.jpg\">\r\n        <img src=https:\/\/semmelweis.hu\/mediasarok\/files\/2011\/02\/img_9345.jpg alt=\"I. Sz. Belgy\u00f3gy\u00e1szati Klinika, tanterem\u00e1tad\u00f3\" class=\"attachment-sote-gallery-big size-sote-gallery-big\" srcset=\"https:\/\/semmelweis.hu\/mediasarok\/files\/2011\/02\/img_9345-200x300.jpg 200w, https:\/\/semmelweis.hu\/mediasarok\/files\/2011\/02\/img_9345-682x1024.jpg 682w\" >\r\n        <\/a><\/div><\/span><span class=\"gallery-item\"><div class=\"hidden\"><a href=\"https:\/\/semmelweis.hu\/mediasarok\/files\/2011\/02\/img_9343.jpg\">\r\n        <img src=https:\/\/semmelweis.hu\/mediasarok\/files\/2011\/02\/img_9343.jpg alt=\"I. Sz. Belgy\u00f3gy\u00e1szati Klinika, tanterem\u00e1tad\u00f3\" class=\"attachment-sote-gallery-big size-sote-gallery-big\" srcset=\"https:\/\/semmelweis.hu\/mediasarok\/files\/2011\/02\/img_9343-300x199.jpg 300w, https:\/\/semmelweis.hu\/mediasarok\/files\/2011\/02\/img_9343-1024x682.jpg 1024w, https:\/\/semmelweis.hu\/mediasarok\/files\/2011\/02\/img_9343-450x300.jpg 450w\" >\r\n        <\/a><\/div><\/span><span class=\"gallery-item\"><div class=\"hidden\"><a href=\"https:\/\/semmelweis.hu\/mediasarok\/files\/2011\/02\/img_9337.jpg\">\r\n        <img src=https:\/\/semmelweis.hu\/mediasarok\/files\/2011\/02\/img_9337.jpg alt=\"I. Sz. Belgy\u00f3gy\u00e1szati Klinika, tanterem\u00e1tad\u00f3\" class=\"attachment-sote-gallery-big size-sote-gallery-big\" srcset=\"https:\/\/semmelweis.hu\/mediasarok\/files\/2011\/02\/img_9337-300x200.jpg 300w, https:\/\/semmelweis.hu\/mediasarok\/files\/2011\/02\/img_9337-1024x682.jpg 1024w, https:\/\/semmelweis.hu\/mediasarok\/files\/2011\/02\/img_9337-449x300.jpg 449w\" >\r\n        <\/a><\/div><\/span><span class=\"gallery-item\"><div class=\"hidden\"><a href=\"https:\/\/semmelweis.hu\/mediasarok\/files\/2011\/02\/img_9333.jpg\">\r\n        <img src=https:\/\/semmelweis.hu\/mediasarok\/files\/2011\/02\/img_9333.jpg alt=\"I. Sz. Belgy\u00f3gy\u00e1szati Klinika, tanterem\u00e1tad\u00f3\" class=\"attachment-sote-gallery-big size-sote-gallery-big\" srcset=\"https:\/\/semmelweis.hu\/mediasarok\/files\/2011\/02\/img_9333-300x199.jpg 300w, https:\/\/semmelweis.hu\/mediasarok\/files\/2011\/02\/img_9333-1024x682.jpg 1024w, https:\/\/semmelweis.hu\/mediasarok\/files\/2011\/02\/img_9333-450x300.jpg 450w\" >\r\n        <\/a><\/div><\/span><span class=\"gallery-item\"><div class=\"hidden\"><a href=\"https:\/\/semmelweis.hu\/mediasarok\/files\/2011\/02\/img_9332.jpg\">\r\n        <img src=https:\/\/semmelweis.hu\/mediasarok\/files\/2011\/02\/img_9332.jpg alt=\"I. Sz. Belgy\u00f3gy\u00e1szati Klinika, tanterem\u00e1tad\u00f3\" class=\"attachment-sote-gallery-big size-sote-gallery-big\" srcset=\"https:\/\/semmelweis.hu\/mediasarok\/files\/2011\/02\/img_9332-200x300.jpg 200w, https:\/\/semmelweis.hu\/mediasarok\/files\/2011\/02\/img_9332-682x1024.jpg 682w, https:\/\/semmelweis.hu\/mediasarok\/files\/2011\/02\/img_9332.jpg 1857w\" >\r\n        <\/a><\/div><\/span><span class=\"gallery-item\"><div class=\"hidden\"><a href=\"https:\/\/semmelweis.hu\/mediasarok\/files\/2011\/02\/img_9327.jpg\">\r\n        <img src=https:\/\/semmelweis.hu\/mediasarok\/files\/2011\/02\/img_9327.jpg alt=\"I. Sz. Belgy\u00f3gy\u00e1szati Klinika, tanterem\u00e1tad\u00f3\" class=\"attachment-sote-gallery-big size-sote-gallery-big\" srcset=\"https:\/\/semmelweis.hu\/mediasarok\/files\/2011\/02\/img_9327-300x200.jpg 300w, https:\/\/semmelweis.hu\/mediasarok\/files\/2011\/02\/img_9327-1024x682.jpg 1024w, https:\/\/semmelweis.hu\/mediasarok\/files\/2011\/02\/img_9327-450x300.jpg 450w\" >\r\n        <\/a><\/div><\/span><span class=\"gallery-item\"><div class=\"hidden\"><a href=\"https:\/\/semmelweis.hu\/mediasarok\/files\/2011\/02\/img_9322.jpg\">\r\n        <img src=https:\/\/semmelweis.hu\/mediasarok\/files\/2011\/02\/img_9322.jpg alt=\"I. Sz. Belgy\u00f3gy\u00e1szati Klinika, tanterem\u00e1tad\u00f3\" class=\"attachment-sote-gallery-big size-sote-gallery-big\" srcset=\"https:\/\/semmelweis.hu\/mediasarok\/files\/2011\/02\/img_9322-300x200.jpg 300w, https:\/\/semmelweis.hu\/mediasarok\/files\/2011\/02\/img_9322-1024x682.jpg 1024w, https:\/\/semmelweis.hu\/mediasarok\/files\/2011\/02\/img_9322-449x300.jpg 449w\" >\r\n        <\/a><\/div><\/span>\r\n            <\/div>\r\n\r\n            [\/slb_exclude]\r\n\t\n","protected":false},"excerpt":{"rendered":"<p>100 \u00e9ves sz\u00fclet\u00e9snapj\u00e1ra 100 milli\u00f3 forintot kapott a Semmelweis Egyetem (SE) I. sz\u00e1m\u00fa Belklinik\u00e1ja az Amerikai Magyar Koal\u00edci\u00f3t\u00f3l. Az \u00f6sszeget a klinika fel\u00faj\u00edt\u00e1s\u00e1ra sz\u00e1nt\u00e1k, ennek k\u00f6sz\u00f6nhet\u0151en az int\u00e9zm\u00e9ny 1\/6-oda \u00fajult meg. Fot\u00f3: D. Kiss Bal\u00e1zs<\/p>\n","protected":false},"author":155,"featured_media":42648,"comment_status":"closed","ping_status":"open","sticky":false,"template":"","format":"standard","meta":{"_acf_changed":false,"footnotes":""},"categories":[413],"tags":[728],"class_list":["post-1203","post","type-post","status-publish","format-standard","has-post-thumbnail","hentry","category-galeria","tag-pozitiv"],"acf":[],"_links":{"self":[{"href":"https:\/\/semmelweis.hu\/mediasarok\/wp-json\/wp\/v2\/posts\/1203","targetHints":{"allow":["GET"]}}],"collection":[{"href":"https:\/\/semmelweis.hu\/mediasarok\/wp-json\/wp\/v2\/posts"}],"about":[{"href":"https:\/\/semmelweis.hu\/mediasarok\/wp-json\/wp\/v2\/types\/post"}],"author":[{"embeddable":true,"href":"https:\/\/semmelweis.hu\/mediasarok\/wp-json\/wp\/v2\/users\/155"}],"replies":[{"embeddable":true,"href":"https:\/\/semmelweis.hu\/mediasarok\/wp-json\/wp\/v2\/comments?post=1203"}],"version-history":[{"count":5,"href":"https:\/\/semmelweis.hu\/mediasarok\/wp-json\/wp\/v2\/posts\/1203\/revisions"}],"predecessor-version":[{"id":94200,"href":"https:\/\/semmelweis.hu\/mediasarok\/wp-json\/wp\/v2\/posts\/1203\/revisions\/94200"}],"wp:featuredmedia":[{"embeddable":true,"href":"https:\/\/semmelweis.hu\/mediasarok\/wp-json\/wp\/v2\/media\/42648"}],"wp:attachment":[{"href":"https:\/\/semmelweis.hu\/mediasarok\/wp-json\/wp\/v2\/media?parent=1203"}],"wp:term":[{"taxonomy":"category","embeddable":true,"href":"https:\/\/semmelweis.hu\/mediasarok\/wp-json\/wp\/v2\/categories?post=1203"},{"taxonomy":"post_tag","embeddable":true,"href":"https:\/\/semmelweis.hu\/mediasarok\/wp-json\/wp\/v2\/tags?post=1203"}],"curies":[{"name":"wp","href":"https:\/\/api.w.org\/{rel}","templated":true}]}}