{"id":1200,"date":"2011-02-14T15:16:44","date_gmt":"2011-02-14T14:16:44","guid":{"rendered":"http:\/\/mediasarok.sote.hu\/multimedia\/kepek\/femto-laser\/femto-laser\/"},"modified":"2020-03-31T12:21:41","modified_gmt":"2020-03-31T10:21:41","slug":"femto-laser-2","status":"publish","type":"post","link":"https:\/\/semmelweis.hu\/mediasarok\/2011\/02\/14\/femto-laser-2\/","title":{"rendered":"Femto laser"},"content":{"rendered":"<p>A vil\u00e1gon els\u0151k\u00e9nt Magyarorsz\u00e1gon, a Semmelweis Egyetem Szem\u00e9szeti Klinik\u00e1j\u00e1n alkalmazt\u00e1k el\u0151sz\u00f6r az \u00faj femtol\u00e9zeres h\u00e1lyogseb\u00e9szeti elj\u00e1r\u00e1st.<\/p>\n<p>A szuperfinom l\u00e9zersug\u00e1r \u00fatj\u00e1t sz\u00e1m\u00edt\u00f3g\u00e9p vez\u00e9rli, \u00edgy a manu\u00e1lis m\u0171t\u00e9tekhez k\u00e9pest j\u00f3val pontosabb v\u00e1g\u00e1sok ejthet\u0151ek a szemben. A kor\u00e1bbi 6-10 mm-es sebnagys\u00e1g most 2 mm-re cs\u00f6kken, ennek k\u00f6sz\u00f6nhet\u0151en gyorsabb a sebgy\u00f3gyul\u00e1s \u00e9s kisebb a fert\u0151z\u00e9svesz\u00e9ly. A m\u0171szer pontoss\u00e1g\u00e1nak k\u00f6sz\u00f6nhet\u0151en t\u00f6bb esetben \u00e9rhet\u0151 el javul\u00e1s vagy teljes l\u00e1t\u00e1s-rehabilit\u00e1ci\u00f3. fot\u00f3k: D. Kiss Bal\u00e1zs<\/p>\n\r\n        [slb_exclude]\r\n        <div class=\"row galeria-wrapper mx-0 h-auto\">\r\n            <div class=\"col-9 pl-0 pr-2\">\r\n            <span class=\"gallery-item frame\">\r\n\t\t\t\t<div class=\"galeria-left-img\"><a href=\"https:\/\/semmelweis.hu\/mediasarok\/files\/2011\/02\/img_5333.jpg\"><img src=https:\/\/semmelweis.hu\/mediasarok\/files\/2011\/02\/img_5333.jpg  \r\n                            alt=\"\" \r\n                            class=\"attachment-sote-gallery-big size-sote-gallery-big\" \r\n                            srcset=\"https:\/\/semmelweis.hu\/mediasarok\/files\/2011\/02\/img_5333-300x200.jpg 300w, https:\/\/semmelweis.hu\/mediasarok\/files\/2011\/02\/img_5333-1024x682.jpg 1024w, https:\/\/semmelweis.hu\/mediasarok\/files\/2011\/02\/img_5333-450x300.jpg 450w\" ><\/a><\/div>\r\n            <\/span>\r\n\r\n            <\/div>\r\n\r\n\t\t\t<div class=\"col-3 pl-0 pr-0\">\r\n\t\t\t\t<div class=\"galeria-right-img d-flex justify-content-between flex-column h-100 w-100 px-0 mx-0 \">\r\n                <div class=\"galeria-box\">\r\n\t\t\t\t\t<h3 class=\"galeria-title\">Gal\u00e9ria<\/h3>\r\n\t\t\t\t\t<div class=\"galeria-subtitle\">\r\n\r\n\t\t\t\t\t\t<div class=\"galeria-page-counter\"><span>3<\/span>k\u00e9p<\/div>\r\n                    <\/div> <\/div>\r\n                    <span class=\"gallery-item frame d-none d-md-flex\">\r\n\t\t\t\t\t<div class=\"galeria-small-img mt-0\"><a href=\"https:\/\/semmelweis.hu\/mediasarok\/files\/2011\/02\/img_5323.jpg\"><img src=https:\/\/semmelweis.hu\/mediasarok\/files\/2011\/02\/img_5323.jpg \r\n                                alt=\"\"  \r\n                                class=\"attachment-sote-gallery-small size-sote-gallery-small\" \r\n                                srcset=\"https:\/\/semmelweis.hu\/mediasarok\/files\/2011\/02\/img_5323-300x200.jpg 300w, https:\/\/semmelweis.hu\/mediasarok\/files\/2011\/02\/img_5323-1024x682.jpg 1024w, https:\/\/semmelweis.hu\/mediasarok\/files\/2011\/02\/img_5323-450x300.jpg 450w\" ><\/a><\/div>\r\n                    <\/span>\r\n                    <span class=\"gallery-item frame d-none d-md-flex\">\r\n\t\t\t\t\t<div class=\"galeria-small-img mt-0\"><a href=\"https:\/\/semmelweis.hu\/mediasarok\/files\/2011\/02\/femto-laser.jpg\"><img src=https:\/\/semmelweis.hu\/mediasarok\/files\/2011\/02\/femto-laser.jpg \r\n                                alt=\"\" \r\n                                class=\"attachment-sote-gallery-small size-sote-gallery-small\" \r\n                                srcset=\"https:\/\/semmelweis.hu\/mediasarok\/files\/2011\/02\/femto-laser-300x200.jpg 300w, https:\/\/semmelweis.hu\/mediasarok\/files\/2011\/02\/femto-laser-1024x682.jpg 1024w, https:\/\/semmelweis.hu\/mediasarok\/files\/2011\/02\/femto-laser-450x300.jpg 450w\" ><\/a><\/div>\r\n                    <\/span>\r\n\r\n                <\/div>\r\n\r\n            <\/div>\r\n\r\n            \r\n            <\/div>\r\n\r\n            [\/slb_exclude]\r\n\t\n","protected":false},"excerpt":{"rendered":"<p>A vil\u00e1gon els\u0151k\u00e9nt Magyarorsz\u00e1gon, a Semmelweis Egyetem Szem\u00e9szeti Klinik\u00e1j\u00e1n alkalmazt\u00e1k el\u0151sz\u00f6r az \u00faj femtol\u00e9zeres h\u00e1lyogseb\u00e9szeti elj\u00e1r\u00e1st. A szuperfinom l\u00e9zersug\u00e1r \u00fatj\u00e1t sz\u00e1m\u00edt\u00f3g\u00e9p vez\u00e9rli, \u00edgy a manu\u00e1lis m\u0171t\u00e9tekhez k\u00e9pest j\u00f3val pontosabb v\u00e1g\u00e1sok ejthet\u0151ek a szemben. A kor\u00e1bbi 6-10 mm-es sebnagys\u00e1g most 2 mm-re cs\u00f6kken, ennek k\u00f6sz\u00f6nhet\u0151en gyorsabb a sebgy\u00f3gyul\u00e1s \u00e9s kisebb a fert\u0151z\u00e9svesz\u00e9ly. A m\u0171szer pontoss\u00e1g\u00e1nak k\u00f6sz\u00f6nhet\u0151en &hellip;<\/p>\n","protected":false},"author":155,"featured_media":45181,"comment_status":"closed","ping_status":"open","sticky":false,"template":"","format":"standard","meta":{"_acf_changed":false,"footnotes":""},"categories":[413],"tags":[728],"class_list":["post-1200","post","type-post","status-publish","format-standard","has-post-thumbnail","hentry","category-galeria","tag-pozitiv"],"acf":[],"_links":{"self":[{"href":"https:\/\/semmelweis.hu\/mediasarok\/wp-json\/wp\/v2\/posts\/1200","targetHints":{"allow":["GET"]}}],"collection":[{"href":"https:\/\/semmelweis.hu\/mediasarok\/wp-json\/wp\/v2\/posts"}],"about":[{"href":"https:\/\/semmelweis.hu\/mediasarok\/wp-json\/wp\/v2\/types\/post"}],"author":[{"embeddable":true,"href":"https:\/\/semmelweis.hu\/mediasarok\/wp-json\/wp\/v2\/users\/155"}],"replies":[{"embeddable":true,"href":"https:\/\/semmelweis.hu\/mediasarok\/wp-json\/wp\/v2\/comments?post=1200"}],"version-history":[{"count":4,"href":"https:\/\/semmelweis.hu\/mediasarok\/wp-json\/wp\/v2\/posts\/1200\/revisions"}],"predecessor-version":[{"id":94201,"href":"https:\/\/semmelweis.hu\/mediasarok\/wp-json\/wp\/v2\/posts\/1200\/revisions\/94201"}],"wp:featuredmedia":[{"embeddable":true,"href":"https:\/\/semmelweis.hu\/mediasarok\/wp-json\/wp\/v2\/media\/45181"}],"wp:attachment":[{"href":"https:\/\/semmelweis.hu\/mediasarok\/wp-json\/wp\/v2\/media?parent=1200"}],"wp:term":[{"taxonomy":"category","embeddable":true,"href":"https:\/\/semmelweis.hu\/mediasarok\/wp-json\/wp\/v2\/categories?post=1200"},{"taxonomy":"post_tag","embeddable":true,"href":"https:\/\/semmelweis.hu\/mediasarok\/wp-json\/wp\/v2\/tags?post=1200"}],"curies":[{"name":"wp","href":"https:\/\/api.w.org\/{rel}","templated":true}]}}