{"id":119578,"date":"2021-09-01T12:24:08","date_gmt":"2021-09-01T10:24:08","guid":{"rendered":"https:\/\/semmelweis.hu\/mediasarok\/?p=119578"},"modified":"2025-02-27T12:12:35","modified_gmt":"2025-02-27T11:12:35","slug":"elkezdodott-a-2021-22-es-tanev-a-semmelweis-egyetem","status":"publish","type":"post","link":"https:\/\/semmelweis.hu\/mediasarok\/2021\/09\/01\/elkezdodott-a-2021-22-es-tanev-a-semmelweis-egyetem\/","title":{"rendered":"Elkezd\u0151d\u00f6tt a 2021\/22-es tan\u00e9v a Semmelweis Egyetemen"},"content":{"rendered":"<div class=\"lead\"><em><strong>\u201e<\/strong><\/em><strong>Kiv\u00e9teles hivat\u00e1st v\u00e1lasztanak azok, akik az orvos- \u00e9s eg\u00e9szs\u00e9gtudom\u00e1ny mellett k\u00f6telezik el magukat\u201d \u2013 k\u00f6sz\u00f6nt\u00f6tte dr. Merkely B\u00e9la rektor az \u00faj hallgat\u00f3kat a Semmelweis Egyetem \u00fcnnep\u00e9lyes tan\u00e9vnyit\u00f3j\u00e1n a M\u0171v\u00e9szetek Palot\u00e1j\u00e1ban. A hat karon mintegy 3200 els\u0151\u00e9ves hallgat\u00f3 kezdheti meg tanulm\u00e1nyait a 2021\/22-es tan\u00e9vben, k\u00f6z\u00fcl\u00fck minden harmadik az angol, illetve a n\u00e9met nyelvi programban. A tan\u00e9vnyit\u00f3 \u00fcnneps\u00e9gen vehette \u00e1t a Semmelweis Budapest Awardot dr. Gloviczki P\u00e9ter nemzetk\u00f6zi h\u00edr\u0171 \u00e9rseb\u00e9sz, emellett a rektor Pro Universitate \u00e9s Kiv\u00e1l\u00f3 Oktat\u00f3 elismer\u00e9seket is \u00e1tadott. Az \u00fcnneps\u00e9g keret\u00e9ben kooper\u00e1ci\u00f3s szerz\u0151d\u00e9st \u00edrt al\u00e1 a Semmelweis Egyetem \u00e9s a hamburgi Asklepios Medical School a n\u00e9met hallgat\u00f3k k\u00e9pz\u00e9s\u00e9vel kapcsolatos sikeres egy\u00fcttm\u0171k\u00f6d\u00e9s tov\u00e1bbi meghosszabb\u00edt\u00e1s\u00e1r\u00f3l. A nap z\u00e1r\u00e1sak\u00e9nt h\u00e1lakoncerttel k\u00f6sz\u00f6ni meg az int\u00e9zm\u00e9ny az egyetemi dolgoz\u00f3k \u00e9s hallgat\u00f3k r\u00e9szv\u00e9tel\u00e9t a COVID-19 elleni k\u00fczdelemben.<\/strong><\/div>\n<p><em>\u00a0<\/em>Dr. Merkely B\u00e9la rektor besz\u00e9d\u00e9ben felid\u00e9zte, hogy n\u00e9h\u00e1ny nap h\u00edj\u00e1n pontosan m\u00e1sf\u00e9l \u00e9vvel ezel\u0151tt jelent meg az \u00faj t\u00edpus\u00fa koronav\u00edrus Magyarorsz\u00e1gon, a Semmelweis Egyetem pedig m\u00e1r a j\u00e1rv\u00e1ny kezdet\u00e9n a v\u00edrus elleni harc \u00e9l\u00e9re \u00e1llt, amelyben munkat\u00e1rsak \u00e9s hallgat\u00f3k egyar\u00e1nt r\u00e9szt v\u00e1llaltak.<\/p>\n<blockquote>\n<p>\u201eAzt, hogy visszat\u00e9rhett\u00fcnk hagyom\u00e1nyainkhoz, \u00e9s t\u00f6bb ezer els\u0151\u00e9ves hallgat\u00f3nk jelenl\u00e9t\u00e9ben nyithatjuk meg a 2021\/22-es tan\u00e9vet, a v\u00e9d\u0151olt\u00e1soknak k\u00f6sz\u00f6nhetj\u00fck\u201d<\/p>\n<\/blockquote>\n<p>\u2013 jelentette ki a rektor.<\/p>\n<p><a href=\"https:\/\/semmelweis.hu\/mediasarok\/files\/2021\/09\/RS138269_C19A2647-scr-1.jpg\"><img loading=\"lazy\" decoding=\"async\" class=\"aligncenter wp-image-119620 size-full\" src=\"https:\/\/semmelweis.hu\/mediasarok\/files\/2021\/09\/RS138269_C19A2647-scr-1.jpg\" alt=\"\" width=\"1200\" height=\"800\" srcset=\"https:\/\/semmelweis.hu\/mediasarok\/files\/2021\/09\/RS138269_C19A2647-scr-1.jpg 1200w, https:\/\/semmelweis.hu\/mediasarok\/files\/2021\/09\/RS138269_C19A2647-scr-1-400x267.jpg 400w, https:\/\/semmelweis.hu\/mediasarok\/files\/2021\/09\/RS138269_C19A2647-scr-1-1024x683.jpg 1024w, https:\/\/semmelweis.hu\/mediasarok\/files\/2021\/09\/RS138269_C19A2647-scr-1-768x512.jpg 768w, https:\/\/semmelweis.hu\/mediasarok\/files\/2021\/09\/RS138269_C19A2647-scr-1-753x502.jpg 753w, https:\/\/semmelweis.hu\/mediasarok\/files\/2021\/09\/RS138269_C19A2647-scr-1-203x135.jpg 203w\" sizes=\"auto, (max-width: 1200px) 100vw, 1200px\" \/><\/a><\/p>\n<p>Eml\u00e9keztetett arra, hogy az egyetemen az els\u0151k k\u00f6z\u00f6tt indult el a COVID-19 elleni vakcin\u00e1ci\u00f3 2020. december 26-\u00e1n, \u00e9s az\u00f3ta is az orsz\u00e1g egyik legnagyobb olt\u00f3k\u00f6zpontjak\u00e9nt m\u0171k\u00f6dik az int\u00e9zm\u00e9ny, amelynek polg\u00e1rai eddig t\u00f6bb mint 376 ezer vakcin\u00e1t adtak be.<\/p>\n<blockquote>\n<p>\u201eEgyetem\u00fcnk\u00f6n bel\u00fcl szinte 100 sz\u00e1zal\u00e9kos az \u00e1toltotts\u00e1g, dolgoz\u00f3ink \u00e9s hallgat\u00f3ink m\u00e1r a kezdetekt\u0151l ebben is p\u00e9ld\u00e1t mutattak a t\u00e1rsadalomnak, felel\u0151ss\u00e9get v\u00e1llalva egym\u00e1s, \u00e9s a r\u00e1nk b\u00edzott betegek biztons\u00e1g\u00e1\u00e9rt\u201d<\/p>\n<\/blockquote>\n<p>\u2013 emelte ki.<\/p>\n<p>Az egyetem a betegek ell\u00e1t\u00e1s\u00e1ban is z\u00e1szl\u00f3shaj\u00f3k\u00e9nt vett r\u00e9szt, a klinik\u00e1k mintegy 12 ezer fekv\u0151- \u00e9s j\u00e1r\u00f3beteget l\u00e1ttak el a koronav\u00edrussal \u00f6sszef\u00fcgg\u00e9sben.<\/p>\n<p><em>\u201e<\/em>Kiv\u00e9teles hivat\u00e1st v\u00e1lasztanak azok, akik az orvos- \u00e9s eg\u00e9szs\u00e9gtudom\u00e1ny mellett k\u00f6telezik el magukat\u201d \u2013 emelte ki a rektor az els\u0151\u00e9ves hallgat\u00f3khoz sz\u00f3lva, egy\u00e9rtelm\u0171v\u00e9 t\u00e9ve azt is, hogy ezen a ter\u00fcleten a k\u00e9pz\u00e9s elk\u00e9pzelhetetlen gyakorlati oktat\u00e1s \u00e9s vizsg\u00e1k n\u00e9lk\u00fcl. Felid\u00e9zte, hogy a Semmelweis-hallgat\u00f3k \u2013 \u00e1t\u00e9rezve a gy\u00f3gy\u00edt\u00f3 hivat\u00e1st v\u00e1laszt\u00f3k felel\u0151ss\u00e9g\u00e9t \u2013 a pand\u00e9mia kezdete \u00f3ta r\u00e9szt v\u00e1llaltak tanulm\u00e1nyaik mellett a j\u00e1rv\u00e1ny elleni v\u00e9dekez\u00e9sben \u2013 k\u00f6z\u00fcl\u00fck t\u00f6bb ezren voltak ott a beteg\u00e1gyakn\u00e1l, a PCR-sz\u0171r\u00e9sekben, az olt\u00f3pontokon. Bizonyos \u00e9rtelemben a COVID-19 elleni k\u00fczdelemben val\u00f3 r\u00e9szv\u00e9tellel egy minden kor\u00e1bbin\u00e1l intenz\u00edvebb jelenl\u00e9ti oktat\u00e1s val\u00f3sult meg, amelyet \u00faj, gyakorlatorient\u00e1lt kurrikulumreformunk is lehet\u0151v\u00e9 tett \u2013 v\u00e9lte a rektor. A rektor arra is felh\u00edvta az \u00faj hallgat\u00f3k figyelm\u00e9t, hogy b\u00e1rmilyen fejlett is legyen a tudom\u00e1ny, b\u00e1rmilyen modern technol\u00f3gia is \u00e1ll a gy\u00f3gy\u00edt\u00f3 szakember rendelkez\u00e9s\u00e9re, a betegre val\u00f3 figyelem nem cs\u00f6kkenhet \u2013 err\u0151l is sz\u00f3l az orvosi esk\u00fc.<\/p>\n<div class=\"fontos_div\">\n<p>Dr. Merkely B\u00e9la kit\u00e9rt az augusztus 1-j\u00e9vel megval\u00f3sult fenntart\u00f3i modellv\u00e1lt\u00e1sra is. Mint hangs\u00falyozta: a Semmelweis Egyetem m\u00e1r most is Magyarorsz\u00e1g \u00e9s a r\u00e9gi\u00f3 vezet\u0151 orvos- \u00e9s eg\u00e9szs\u00e9gtudom\u00e1nyi egyeteme, az alap\u00edtv\u00e1nyi modellel el\u00e9rhet\u0151 rugalmasabb strukt\u00fara megadja a kell\u0151 mozg\u00e1steret a tov\u00e1bbi fejl\u0151d\u00e9s\u00fcnkh\u00f6z. \u201eA modellv\u00e1lt\u00e1ssal h\u00e9tm\u00e9rf\u00f6ldes csizm\u00e1t vett\u00fcnk fel, hogy m\u00e9g nagyobb l\u00e9p\u00e9sekkel haladhassunk c\u00e9lunk fel\u00e9, ami a vil\u00e1g legjobb sz\u00e1z egyeteme, Eur\u00f3pa legjobb 5 gy\u00f3gy\u00edt\u00f3 egyeteme k\u00f6z\u00e9 val\u00f3 bejut\u00e1s\u201d \u2013 fogalmazott a rektor.<\/p>\n<\/div>\n<p><span style=\"color: #1e2326;font-family: 'PT serif', serif;font-size: 1rem\">\u201eA Semmelweis Egyetem m\u00f6g\u00f6tt \u00e1ll\u00f3 t\u00f6bb mint 250 \u00e9v sok mindennel gazdag\u00edtott benn\u00fcnket, az int\u00e9zm\u00e9ny mindig is fontos szerepet t\u00f6lt\u00f6tt be Magyarorsz\u00e1g \u00e9let\u00e9ben, a tudom\u00e1nyos kutat\u00e1s \u00e9s a nemzetk\u00f6zi preszt\u00edzs szempontj\u00e1b\u00f3l is. Nem v\u00e9letlen, hogy egyes szakegyetemi rangsorok szerint ez a legjobb magyar fels\u0151oktat\u00e1si int\u00e9zm\u00e9ny, ahol nemcsak az orsz\u00e1g, de K\u00f6z\u00e9p-Eur\u00f3pa legjelent\u0151sebb \u00e9s legnemzetk\u00f6zibb orvos- \u00e9s eg\u00e9szs\u00e9gtudom\u00e1nyi k\u00e9pz\u00e9se zajlik \u201d \u2013 emelte ki a tan\u00e9vnyit\u00f3n mondott besz\u00e9d\u00e9ben dr. Palkovics L\u00e1szl\u00f3 innov\u00e1ci\u00f3s \u00e9s technol\u00f3giai miniszter.<\/span><\/p>\n<div id=\"GroupWiseSection_1630490604000_dobozi.palma@semmelweis-univ.hu_08797E0118BF0000B518000000000000_\" class=\"GroupWiseMessageBody active\">\n<div class=\"fontos_div\">Kit\u00e9rt arra, hogy Magyarorsz\u00e1g strat\u00e9giai c\u00e9ljainak el\u00e9r\u00e9s\u00e9ben fontos szerep h\u00e1rul a fels\u0151oktat\u00e1si int\u00e9zm\u00e9nyekre, csak \u00fagy v\u00e1lhat az orsz\u00e1g \u00e9llovass\u00e1, ha olyan versenyk\u00e9pes egyetemei vannak, mint amilyen a Semmelweis.<\/div>\n<div>A miniszter \u00fagy fogalmazott, hogy a jelenlegi id\u0151szak egyed\u00fcl\u00e1ll\u00f3 a hazai oktat\u00e1s t\u00f6rt\u00e9net\u00e9ben, a rendelkez\u00e9sre \u00e1ll\u00f3 forr\u00e1sok \u00e9s a fejleszt\u00e9sek volumene tekintet\u00e9ben is. A fejleszt\u00e9si forr\u00e1sok azonban csak erre alkalmas m\u0171k\u00f6d\u00e9si modellben tudnak megfelel\u0151en hasznosulni; ezt szolg\u00e1lja a k\u00f6zfeladatot ell\u00e1t\u00f3 k\u00f6z\u00e9rdek\u0171 vagyonkezel\u0151 alap\u00edtv\u00e1nyi modell, amely megn\u00f6vekedett mozg\u00e1steret \u00e9s lehet\u0151s\u00e9geket biztos\u00edt az egyetemeknek. Id\u00e9n szeptembert\u0151l t\u00f6bb mint 180 ezer hallgat\u00f3 kezdi meg tanulm\u00e1nyait modellv\u00e1lt\u00f3 int\u00e9zm\u00e9nyben \u2013 tette hozz\u00e1. Dr. Palkovics L\u00e1szl\u00f3 r\u00e1mutatott: a reformok egyszerre szolg\u00e1lj\u00e1k a fels\u0151oktat\u00e1s versenyk\u00e9pess\u00e9g\u00e9t \u00e9s az egyes egyetemek \u00e9rdek\u00e9t. A Semmelweisen sz\u00e1mos fejleszt\u00e9s val\u00f3sulhat meg a k\u00f6vetkez\u0151 10 \u00e9vben a korm\u00e1ny t\u00e1mogat\u00e1s\u00e1val, 2030-ra szintekkel l\u00e9phet m\u00e9g feljebb az egyetem az infrastrukt\u00fara korszer\u0171s\u00e9g\u00e9ben, a k\u00e9pz\u00e9sben \u00e9s a nemzetk\u00f6zi kapcsolatokban, \u00e9s ak\u00e1r vezet\u0151 szerepre tehet szert az eg\u00e9szs\u00e9g\u00fcgyi, eg\u00e9szs\u00e9gipari, adat-alap\u00fa paradigmav\u00e1lt\u00e1s t\u00e1mogat\u00e1s\u00e1ban.<\/div>\n<div>A miniszter m\u00e9ltatta az orvosk\u00e9pz\u0151 egyetemek j\u00e1rv\u00e1ny elleni k\u00fczdelemben v\u00e1llalt szerep\u00e9t is, kiemelve, hogy a COVID betegek 20 sz\u00e1zal\u00e9ka egyetemi klinik\u00e1kon gy\u00f3gyult, valamint a hallgat\u00f3k helyt\u00e1ll\u00e1s\u00e1t is. \u201eAz orvosk\u00e9pz\u0151 egyetemek dolgoz\u00f3i \u00e9s hallgat\u00f3i n\u00e9lk\u00fcl nem siker\u00fclt volna id\u0151ben is gyorsan l\u00e9pn\u00fcnk. A j\u00e1rv\u00e1nykezel\u00e9s kor\u00e1ntsem lett volna ilyen sikeres, ha nem sz\u00e1m\u00edthatunk az egyetem r\u00e9szv\u00e9tel\u00e9re a v\u00e9dekez\u00e9sben\u201d \u2013 jelentette ki a miniszter.<\/div>\n<div><span style=\"font-size: 1rem\"><br \/>\nOrb\u00e1n G\u00e1bor, az egyetemet az augusztus 1-ji modellv\u00e1lt\u00e1s ut\u00e1n fenntart\u00f3 Nemzeti Eg\u00e9szs\u00e9g\u00fcgyi \u00e9s Orvosk\u00e9pz\u00e9s\u00e9rt Alap\u00edtv\u00e1ny eln\u00f6ke, a Richter Gedeon Nyrt. vez\u00e9rigazgat\u00f3ja hangs\u00falyozta: az, hogy a tan\u00e9vet most elkezd\u0151 hallgat\u00f3k a kitart\u00f3 munka v\u00e9g\u00e9n egy rendk\u00edv\u00fcl nagy preszt\u00edzs\u0171 int\u00e9zm\u00e9nyben szerezhetik majd meg a diplom\u00e1jukat nemcsak a szakmai karrierj\u00fckben nyit komoly t\u00e1vlatokat, \u00e9s a szem\u00e9lyes tud\u00e1st n\u00f6veli, de a magyar szellemi t\u0151k\u00e9t is gyarap\u00edtja majd. Kit\u00e9rt arra is, hogy a vil\u00e1gj\u00e1rv\u00e1ny jelent\u0151sen fel\u00e9rt\u00e9kelte az egyetemen foly\u00f3 munk\u00e1t is, a Semmelweis \u00e9len j\u00e1rt a COVID-tesztel\u00e9sben, a betegell\u00e1t\u00e1sban, k\u00e9s\u0151bb az olt\u00e1sokban, \u00e9s mindv\u00e9gig vezet\u0151 szerepet j\u00e1tszott a t\u00e1rsadalmi kommunik\u00e1ci\u00f3ban, amin egy v\u00e1ls\u00e1ghelyzetben mindig nagyon sok m\u00falik. A modellv\u00e1lt\u00e1sr\u00f3l az alap\u00edtv\u00e1ny eln\u00f6ke \u00fagy fogalmazott: ez egy fontos m\u00e9rf\u00f6ldk\u0151 a j\u00f6v\u0151 \u00e9p\u00edt\u00e9s\u00e9ben, ami egyed\u00fcl\u00e1ll\u00f3 fejl\u0151d\u00e9si lehet\u0151s\u00e9get nyit; a kurat\u00f3rium feladata \u00e9s felel\u0151ss\u00e9ge, hogy ezzel a lehet\u0151s\u00e9ggel a lehet\u0151 legjobban tudjon \u00e9lni az egyetem.<\/span><\/div>\n<\/div>\n<blockquote>\n<p>\u201eHissz\u00fck, hogy a modellv\u00e1lt\u00e1s megfelel\u0151 keretet \u00e9s t\u00e1mogat\u00e1st ad majd az egyetem vezet\u00e9s\u00e9nek a teljes\u00edtm\u00e9ny tov\u00e1bbi n\u00f6vel\u00e9s\u00e9hez, a tudom\u00e1nyos sz\u00ednvonal emel\u00e9s\u00e9hez, az egyetemi c\u00e9lkit\u0171z\u00e9sek mindenkori megval\u00f3s\u00edt\u00e1s\u00e1hoz. Meggy\u0151z\u0151d\u00e9sem, hogy a modellv\u00e1lt\u00e1ssal j\u00e1r\u00f3 nagyobb rugalmass\u00e1g \u00e9s n\u00f6vekv\u0151 gazd\u00e1lkod\u00e1si szabads\u00e1g \u00faj lend\u00fcletet ad az egyetemi fejleszt\u00e9sek megval\u00f3s\u00edt\u00e1s\u00e1hoz, az ipari egy\u00fcttm\u0171k\u00f6d\u00e9sekbe \u00e9s vil\u00e1gsz\u00ednvonal\u00fa kutat\u00e1si projektekbe val\u00f3 bekapcsol\u00f3d\u00e1shoz\u201d<\/p>\n<\/blockquote>\n<p>\u2013 jelentette ki a kurat\u00f3riumi eln\u00f6k.<\/p>\n<p>A besz\u00e9dek ut\u00e1n a Semmelweis Egyetem els\u0151 \u00e9vfolyam\u00e1ra beiratkoz\u00f3 hallgat\u00f3k fogadalomt\u00e9tele k\u00f6vetkezett h\u00e1rom nyelven, magyarul, angolul \u00e9s n\u00e9met\u00fcl.<\/p>\n<p><a href=\"https:\/\/semmelweis.hu\/mediasarok\/files\/2021\/08\/RS138273_C19A2838-scr.jpg\"><img loading=\"lazy\" decoding=\"async\" class=\"aligncenter wp-image-119618 size-full\" src=\"https:\/\/semmelweis.hu\/mediasarok\/files\/2021\/08\/RS138273_C19A2838-scr.jpg\" alt=\"\" width=\"1200\" height=\"800\" srcset=\"https:\/\/semmelweis.hu\/mediasarok\/files\/2021\/08\/RS138273_C19A2838-scr.jpg 1200w, https:\/\/semmelweis.hu\/mediasarok\/files\/2021\/08\/RS138273_C19A2838-scr-400x267.jpg 400w, https:\/\/semmelweis.hu\/mediasarok\/files\/2021\/08\/RS138273_C19A2838-scr-1024x683.jpg 1024w, https:\/\/semmelweis.hu\/mediasarok\/files\/2021\/08\/RS138273_C19A2838-scr-768x512.jpg 768w, https:\/\/semmelweis.hu\/mediasarok\/files\/2021\/08\/RS138273_C19A2838-scr-753x502.jpg 753w, https:\/\/semmelweis.hu\/mediasarok\/files\/2021\/08\/RS138273_C19A2838-scr-203x135.jpg 203w\" sizes=\"auto, (max-width: 1200px) 100vw, 1200px\" \/><\/a><\/p>\n<p>Az \u00fcnnep\u00e9lyes tan\u00e9vnyit\u00f3 keret\u00e9ben adta \u00e1t dr. Merkely B\u00e9la rektor az egyetem nagy preszt\u00edzs\u0171 nemzetk\u00f6zi d\u00edj\u00e1t, a Semmelweis Budapest Awardot dr. Gloviczki P\u00e9ter \u00e9rseb\u00e9sz professzornak, a Mayo Klinika nyugalmazott egyetemi tan\u00e1r\u00e1nak, a Journal of Vascular Surgery f\u0151szerkeszt\u0151j\u00e9nek. Dr. Gloviczki P\u00e9ter p\u00e1ly\u00e1ja a Semmelweis Egyetemr\u0151l indult, majd az \u00e9rseb\u00e9szet sz\u00e1mos ter\u00fclet\u00e9nek nemzetk\u00f6zileg elismert szak\u00e9rt\u0151j\u00e9v\u00e9 v\u00e1lt, munk\u00e1j\u00e1t sz\u00e1mtalan kit\u00fcntet\u00e9ssel ismert\u00e9k el az eg\u00e9sz vil\u00e1gon. Dr. Gloviczki P\u00e9ter \u2013 aki a Nemzeti Eg\u00e9szs\u00e9g\u00fcgyi \u00e9s Orvosk\u00e9pz\u00e9s\u00e9rt Alap\u00edtv\u00e1ny kurat\u00f3rium\u00e1nak tagja is \u2013 a d\u00edj 2020. \u00e9vi kit\u00fcntetettje, a j\u00e1rv\u00e1nyhelyzet miatt vehette \u00e1t most az elismer\u00e9st.<\/p>\n<p>Az \u00fcnneps\u00e9gen t\u00f6rt\u00e9nt meg az Asklepios Medical School (AMC) \u00e9s a Semmelweis Egyetem k\u00f6z\u00f6tt l\u00e9trej\u00f6tt \u00faj kooper\u00e1ci\u00f3s szerz\u0151d\u00e9s al\u00e1\u00edr\u00e1sa. Az Eur\u00f3p\u00e1ban egyed\u00fcl\u00e1ll\u00f3, 2008-ban indult egy\u00fcttm\u0171k\u00f6d\u00e9s keret\u00e9ben a Semmelweis Egyetem n\u00e9met nyelv\u0171 \u00e1ltal\u00e1nos orvosk\u00e9pz\u00e9s\u00e9ben r\u00e9szt vev\u0151 hallgat\u00f3k lehet\u0151s\u00e9get kapnak arra, hogy harmad\u00e9vt\u0151l a k\u00e9pz\u00e9s pre-klinikai \u00e9s klinikai r\u00e9sz\u00e9t Hamburgban folytass\u00e1k. Tanulm\u00e1nyaik v\u00e9g\u00e9n a di\u00e1kok a Semmelweis Egyetem Eur\u00f3pai Uni\u00f3ban is elismert \u00e1ltal\u00e1nos orvosi diplom\u00e1j\u00e1t vehetik \u00e1t.<\/p>\n<p>Ezt k\u00f6vet\u0151en Tripolszky B\u00e1lint, a Semmelweis Egyetem Hallgat\u00f3i \u00d6nkorm\u00e1nyzat\u00e1nak eln\u00f6ke k\u00f6sz\u00f6nt\u00f6tte az els\u0151\u00e9veseket. Besz\u00e9d\u00e9ben sz\u00f3lt arr\u00f3l, hogy a hallgat\u00f3k v\u00e1laszt\u00e1sukkal az emberek szolg\u00e1lat\u00e1ra szeg\u0151dtek, mellyel egy\u00e9rtelm\u0171 \u00e9rt\u00e9kv\u00e1laszt\u00e1st tettek. \u201eTi m\u00e1r a gyakorlati oktat\u00e1st el\u0151t\u00e9rbe helyez\u0151 kurrikulumreform el\u0151nyeit \u00e9lvezve \u00e9s az \u00edg\u00e9retes perspekt\u00edv\u00e1kat k\u00edn\u00e1l\u00f3 modellv\u00e1lt\u00e1s megval\u00f3sult\u00e1val kezdhetitek meg tanulm\u00e1nyaitokat. \u00c1tfog\u00f3 koll\u00e9giumi fel\u00faj\u00edt\u00e1sok zajlanak, valamint a folyamatban l\u00e9v\u0151 fejleszt\u00e9seknek k\u00f6sz\u00f6nhet\u0151en b\u0151vebb hallgat\u00f3i terek fogadnak benneteket\u201d \u2013 fogalmazott.<\/p>\n<p><a href=\"https:\/\/semmelweis.hu\/mediasarok\/files\/2021\/09\/RS138274_C19A2855-scr.jpg\"><img loading=\"lazy\" decoding=\"async\" class=\"aligncenter wp-image-119621 size-full\" src=\"https:\/\/semmelweis.hu\/mediasarok\/files\/2021\/09\/RS138274_C19A2855-scr.jpg\" alt=\"\" width=\"1200\" height=\"800\" srcset=\"https:\/\/semmelweis.hu\/mediasarok\/files\/2021\/09\/RS138274_C19A2855-scr.jpg 1200w, https:\/\/semmelweis.hu\/mediasarok\/files\/2021\/09\/RS138274_C19A2855-scr-400x267.jpg 400w, https:\/\/semmelweis.hu\/mediasarok\/files\/2021\/09\/RS138274_C19A2855-scr-1024x683.jpg 1024w, https:\/\/semmelweis.hu\/mediasarok\/files\/2021\/09\/RS138274_C19A2855-scr-768x512.jpg 768w, https:\/\/semmelweis.hu\/mediasarok\/files\/2021\/09\/RS138274_C19A2855-scr-753x502.jpg 753w, https:\/\/semmelweis.hu\/mediasarok\/files\/2021\/09\/RS138274_C19A2855-scr-203x135.jpg 203w\" sizes=\"auto, (max-width: 1200px) 100vw, 1200px\" \/><\/a><\/p>\n<p>Az \u00fcnneps\u00e9g z\u00e1r\u00e1sak\u00e9nt a Medikus Zenekar Beethovent\u0151l az Istv\u00e1n kir\u00e1ly nyit\u00e1nyt adta el\u0151.<\/p>\n<p>A j\u00e1rv\u00e1nyhelyzet ok\u00e1n a M\u00dcPA-ban zajl\u00f3 esem\u00e9nnyel p\u00e1rhuzamosan a Nagyv\u00e1rad t\u00e9ri Elm\u00e9leti T\u00f6mb D\u00edszterm\u00e9ben \u00e9l\u0151ben volt k\u00f6vethet\u0151 az esem\u00e9ny. \u00a0<\/p>\n<p>A tan\u00e9vnyit\u00f3 est\u00e9j\u00e9n 19 \u00f3r\u00e1t\u00f3l ugyancsak a M\u0171v\u00e9szetek Palot\u00e1ja ny\u00fajt helysz\u00ednt a Semmelweis Egyetem \u00e1ltal szervezett H\u00e1lakoncertnek, amelyen az egyetem Medikus Zenekar\u00e1nak el\u0151ad\u00e1sa csend\u00fcl fel. A koncert azok el\u0151tt a Semmelweis Polg\u00e1rok el\u0151tt tiszteleg, akik az \u00faj t\u00edpus\u00fa koronav\u00edrus magyarorsz\u00e1gi megjelen\u00e9se \u00f3ta elk\u00f6telezetten k\u00fczdenek a j\u00e1rv\u00e1ny okozta kih\u00edv\u00e1sokkal. Az esem\u00e9nyt dr. Merkely B\u00e9la rektor nyitja meg, aki egy r\u00f6vid, a COVID-19 elleni harc pillanatait feleleven\u00edt\u0151 vide\u00f3val is k\u00f6sz\u00f6netet mond az egyetem polg\u00e1rainak, munkat\u00e1rsainak \u00e9s hallgat\u00f3inak.<\/p>\n<p>Fot\u00f3: Semmelweis Egyetem \u2013 Kov\u00e1cs Attila<\/p>\n<p>&nbsp;<\/p>\n","protected":false},"excerpt":{"rendered":"<p>A hat karon mintegy 3200 els\u0151\u00e9ves hallgat\u00f3 kezdheti meg tanulm\u00e1nyait a 2021\/22-es tan\u00e9vben.<\/p>\n","protected":false},"author":101869,"featured_media":119615,"comment_status":"closed","ping_status":"closed","sticky":false,"template":"","format":"standard","meta":{"_acf_changed":false,"footnotes":""},"categories":[5],"tags":[734],"class_list":["post-119578","post","type-post","status-publish","format-standard","has-post-thumbnail","hentry","category-cikkek","tag-kozlemeny"],"acf":[],"_links":{"self":[{"href":"https:\/\/semmelweis.hu\/mediasarok\/wp-json\/wp\/v2\/posts\/119578","targetHints":{"allow":["GET"]}}],"collection":[{"href":"https:\/\/semmelweis.hu\/mediasarok\/wp-json\/wp\/v2\/posts"}],"about":[{"href":"https:\/\/semmelweis.hu\/mediasarok\/wp-json\/wp\/v2\/types\/post"}],"author":[{"embeddable":true,"href":"https:\/\/semmelweis.hu\/mediasarok\/wp-json\/wp\/v2\/users\/101869"}],"replies":[{"embeddable":true,"href":"https:\/\/semmelweis.hu\/mediasarok\/wp-json\/wp\/v2\/comments?post=119578"}],"version-history":[{"count":6,"href":"https:\/\/semmelweis.hu\/mediasarok\/wp-json\/wp\/v2\/posts\/119578\/revisions"}],"predecessor-version":[{"id":119624,"href":"https:\/\/semmelweis.hu\/mediasarok\/wp-json\/wp\/v2\/posts\/119578\/revisions\/119624"}],"wp:featuredmedia":[{"embeddable":true,"href":"https:\/\/semmelweis.hu\/mediasarok\/wp-json\/wp\/v2\/media\/119615"}],"wp:attachment":[{"href":"https:\/\/semmelweis.hu\/mediasarok\/wp-json\/wp\/v2\/media?parent=119578"}],"wp:term":[{"taxonomy":"category","embeddable":true,"href":"https:\/\/semmelweis.hu\/mediasarok\/wp-json\/wp\/v2\/categories?post=119578"},{"taxonomy":"post_tag","embeddable":true,"href":"https:\/\/semmelweis.hu\/mediasarok\/wp-json\/wp\/v2\/tags?post=119578"}],"curies":[{"name":"wp","href":"https:\/\/api.w.org\/{rel}","templated":true}]}}