{"id":119387,"date":"2021-08-25T06:00:07","date_gmt":"2021-08-25T04:00:07","guid":{"rendered":"https:\/\/semmelweis.hu\/mediasarok\/?p=119387"},"modified":"2025-11-26T11:22:00","modified_gmt":"2025-11-26T10:22:00","slug":"csalankiutestol-a-torokduzzanatig-figyelmezteto-jelek-rovarcsipes-eseten","status":"publish","type":"post","link":"https:\/\/semmelweis.hu\/mediasarok\/2021\/08\/25\/csalankiutestol-a-torokduzzanatig-figyelmezteto-jelek-rovarcsipes-eseten\/","title":{"rendered":"Csal\u00e1nki\u00fct\u00e9st\u0151l a torokduzzanatig \u2013 figyelmeztet\u0151 jelek rovarcs\u00edp\u00e9s eset\u00e9n"},"content":{"rendered":"<div class=\"lead\"><strong>Kipirosodott, irrit\u00e1lt b\u0151r, viszket\u00e9s, h\u00f3lyagok \u2013 ezek a rovarcs\u00edp\u00e9sek jellegzetes t\u00fcnetei, melyek a legt\u00f6bbsz\u00f6r n\u00e9h\u00e1ny nap alatt \u00e9s f\u00e1jdalom n\u00e9lk\u00fcl elm\u00falnak. \u00c1m ha a cs\u00edp\u00e9s helye elfert\u0151z\u0151dik, csal\u00e1nki\u00fct\u00e9s vagy torokduzzanat alakul ki, esetleg a gyulladt ter\u00fclet \u00e1tm\u00e9r\u0151je nagyobb, mint 10 cm, mindenk\u00e9pp \u00e9rdemes orvoshoz fordulni, f\u00fcggetlen\u00fcl att\u00f3l, hogy p\u00f3k, sz\u00fanyog, \u00e1gyipoloska vagy egy\u00e9b rovar okozza a f\u00e1jdalmas t\u00fcneteket. Haz\u00e1nkban is megjelent m\u00e1r a tigrissz\u00fanyog, ami ak\u00e1r s\u00falyos betegs\u00e9geket is terjeszthet. <\/strong><\/div>\n<p>A sz\u00fanyogcs\u00edp\u00e9s hely\u00e9n kialakul\u00f3 duzzanat, b\u0151rp\u00edr az esetek nagy r\u00e9sz\u00e9ben vesz\u00e9lytelen, vakarni azonban nem szabad, mert kisebesed\u00e9shez \u00e9s a sebek elfert\u0151z\u0151d\u00e9s\u00e9hez vezethet, ami tov\u00e1bbi panaszokat okozhat. A legt\u00f6bb esetben a cs\u00edp\u00e9s okozta<strong>\u00a0<\/strong>irrit\u00e1ci\u00f3 egy-k\u00e9t napon bel\u00fcl elm\u00falik, a kellemetlen viszket\u00e9s pedig t\u00f6bbf\u00e9lek\u00e9ppen is kezelhet\u0151: h\u0171s\u00edt\u0151 vagy egy\u00e9b nyugtat\u00f3 hat\u00e1s\u00fa kr\u00e9mekkel \u2013 mondja dr. B\u00e1nv\u00f6lgyi Andr\u00e1s, a Semmelweis Egyetem B\u0151r,- Nemik\u00f3rtani \u00e9s B\u0151ronkol\u00f3giai Klinika adjunktusa. Hozz\u00e1teszi:<\/p>\n<blockquote>\n<p>a rovarcs\u00edp\u00e9sekkel m\u00e9reganyag ker\u00fcl a szervezetbe, ez pedig minden esetben kisebb-nagyobb helyi reakci\u00f3kat v\u00e1lt ki. Sz\u00fanyogcs\u00edp\u00e9s eset\u00e9n nagyon ritka esetben, de m\u00e1s rovarok cs\u00edp\u00e9s\u00e9n\u00e9l gyakrabban ak\u00e1r s\u00falyos t\u00fcnetek is kialakulhatnak, mint a csal\u00e1nki\u00fct\u00e9s, vagy ak\u00e1r a torok duzzanata, ilyenkor orvoshoz kell fordulni.<\/p>\n<\/blockquote>\n<p>Az egy\u00e9ni \u00e9rz\u00e9kenys\u00e9g ugyanis nagyon k\u00fcl\u00f6nb\u00f6z\u0151, de a val\u00f3di allergi\u00e1s reakci\u00f3 az egyszer\u0171 sz\u00fanyogcs\u00edp\u00e9s eset\u00e9ben nem bizony\u00edtott. Egyes cs\u00edp\u0151sz\u00fanyog fajok azonban \u2013 p\u00e9ld\u00e1ul a tigrissz\u00fanyog m\u00e1r Magyarorsz\u00e1gon is megjelent \u2013 ak\u00e1r s\u00falyos betegs\u00e9geket is terjeszthetnek \u2013 \u00fagy, mint nyugat-n\u00edlusi l\u00e1zat, s\u00e1rgal\u00e1zat, Dengue-l\u00e1zat vagy a Zika-v\u00edrust. Ezek k\u00f6z\u00fcl a nyugat-n\u00edlusi l\u00e1z \u2013 szerencs\u00e9re ugyan ritk\u00e1n \u2013 de m\u00e1r haz\u00e1nkban is el\u0151fordult. A tigrissz\u00fanyog cs\u00edp\u00e9se egy\u00e9bk\u00e9nt is hevesebb allergi\u00e1s t\u00fcneteket\u00a0v\u00e1lt ki, \u00edgy a viszket\u00e9s m\u00e9rt\u00e9ke nagyobb b\u0151rfel\u00fcletet is \u00e9rinthet \u00e9s a duzzanat sokkal lassabban m\u00falik el. Tigrissz\u00fanyog cs\u00edp\u00e9se eset\u00e9n, ha nagysz\u00e1m\u00fa, t\u00f6bb centim\u00e9ter \u00e1tm\u00e9r\u0151j\u0171 cs\u00edp\u00e9sekr\u0151l van sz\u00f3 \u00e9rdemes orvoshoz fordulni. Ez\u00e1ltal gyorsabban kezelhet\u0151 az allergi\u00e1s reakci\u00f3 gy\u00f3gyszerekkel \u00e9s kr\u00e9mekkel.<\/p>\n<div class=\"fontos_div\">\n<p>Amennyiben ez a fajta sz\u00fanyog cs\u00edpett meg valakit \u00e9s ut\u00e1na l\u00e1z, h\u00e1nyinger, f\u00e9ny\u00e9rz\u00e9kenys\u00e9g, izom-, \u00edz\u00fcleti \u00e9s csontf\u00e1jdalom, esetleg a b\u0151r\u00f6n vagy a sz\u00e1jban bev\u00e9rz\u00e9sek jelentkeznek, akkor halad\u00e9ktalanul forduljon orvoshoz, mivel ezek s\u00falyos, a fent r\u00e9szletezett fert\u0151z\u00e9sekre utalhatnak.<\/p>\n<\/div>\n<p>A sz\u00fanyogokt\u00f3l r\u00e9szben elt\u00e9r\u0151 cs\u00edp\u00e9s\u00fck van a p\u00f3koknak, mely a legt\u00f6bb esetben egyszer\u0171en felismerhet\u0151, ugyanis j\u00f3l l\u00e1that\u00f3 az egym\u00e1st\u00f3l 1-2 mm-re l\u00e9v\u0151 sz\u00fartcsatorna, ami a p\u00f3kcs\u00edp\u00e9sek jellemz\u0151je. A tipikus p\u00f3kcs\u00edp\u00e9s enyh\u00e9bb esetben kisebb terjedelm\u0171 piros, sz\u00far\u00f3, viszket\u0151, \u00e9g\u0151 \u00e9rz\u00e9ssel j\u00e1r\u00f3 duzzanatot okoz, amelyet \u00f3vatos jegel\u00e9ssel, h\u0171s\u00edt\u0151 vagy gyullad\u00e1scs\u00f6kkent\u0151 lok\u00e1lis k\u00e9sz\u00edtm\u00e9nyekkel kezelhet\u00fcnk. Ilyen esetekben a t\u00fcnetek n\u00e9h\u00e1ny nap alatt elm\u00falnak \u2013 teszi hozz\u00e1 dr. B\u00e1nv\u00f6lgyi Andr\u00e1s. Azonban, ha a gyulladt ter\u00fclet 10-20 cm \u00e1tm\u00e9r\u0151j\u0171 lesz, h\u00f3lyagok, esetleg l\u00e1z alakul ki, a sz\u00far\u00e1s helye kem\u00e9ny vagy gennyes lesz, akkor felt\u00e9tlen\u00fcl orvoshoz kell fordulni. Haz\u00e1nkban csak n\u00e9h\u00e1ny p\u00f3kfajta jelent vesz\u00e9lyt az emberre \u2013 m\u00e9rges dajkap\u00f3k, pokoli csel\u0151p\u00f3k \u2013 b\u00e1r ezek m\u00e9rge sem hal\u00e1los, de mar\u00e1suk kifejezett f\u00e1jdalommal, ak\u00e1r \u00e1ltal\u00e1nos rosszull\u00e9ttel j\u00e1rhat, szerencs\u00e9re ezek azonban viszonylag ritk\u00e1n fordulnak el\u0151 \u2013 mutat r\u00e1 az egyetemi adjunktus.<\/p>\n<p><a href=\"https:\/\/semmelweis.hu\/mediasarok\/files\/2021\/08\/foto2.jpg\"><img loading=\"lazy\" decoding=\"async\" class=\"alignright size-medium wp-image-119388\" src=\"https:\/\/semmelweis.hu\/mediasarok\/files\/2021\/08\/foto2-300x400.jpg\" alt=\"\" width=\"300\" height=\"400\" srcset=\"https:\/\/semmelweis.hu\/mediasarok\/files\/2021\/08\/foto2-300x400.jpg 300w, https:\/\/semmelweis.hu\/mediasarok\/files\/2021\/08\/foto2-768x1024.jpg 768w, https:\/\/semmelweis.hu\/mediasarok\/files\/2021\/08\/foto2-1152x1536.jpg 1152w, https:\/\/semmelweis.hu\/mediasarok\/files\/2021\/08\/foto2-1536x2048.jpg 1536w, https:\/\/semmelweis.hu\/mediasarok\/files\/2021\/08\/foto2-753x1004.jpg 753w, https:\/\/semmelweis.hu\/mediasarok\/files\/2021\/08\/foto2.jpg 1560w\" sizes=\"auto, (max-width: 300px) 100vw, 300px\" \/><\/a>Az \u00e1gyi poloska gyakorta \u00e9szrevehetetlen, \u00e9jszaka cs\u00edp \u00e9s a t\u00fcnetek csak m\u00e1snap vagy napokkal k\u00e9s\u0151bb jellenek meg \u00e9s egy\u00e9nenk\u00e9nt k\u00fcl\u00f6nb\u00f6z\u0151ek. Duzzanatokat, viszket\u00e9st, h\u00f3lyagokat okozhatnak, de van olyan is, akin\u00e9l semmilyen panasz nem jelentkezik \u2013 ismerteti a szakember. A cs\u00edp\u00e9s centrum\u00e1ban egy sz\u00fart pont l\u00e1that\u00f3 \u00e9s ez ism\u00e9tl\u0151dhet, ugyanis az \u00e1gyi polosk\u00e1n\u00e1l jellemz\u0151 a h\u00e1rmas t\u00fcnet megjelen\u00e9se, ami azt jelenti, hogy a rovar cs\u00edp, tov\u00e1bbmegy, megint cs\u00edp, majd tov\u00e1bbmegy, \u00e9s \u00edgy tov\u00e1bb, ezt nevezik \u201ereggeli-eb\u00e9d-vacsora\u201d- jelens\u00e9gnek \u2013 magyar\u00e1zza dr. B\u00e1nv\u00f6lgyi Andr\u00e1s. A cs\u00edp\u00e9sek helye alapvet\u0151en a kar, l\u00e1b, ritk\u00e1bban a t\u00f6rzs. Amennyiben ilyen t\u00fcnetek jelentkeznek, \u00e9s a cs\u00edp\u00e9sek h\u00f3lyagoss\u00e1 v\u00e1lnak, \u00e9rdemes orvoshoz fordulni, ilyenkor a kezel\u00e9s \u00e1ltal\u00e1ban h\u0171s\u00edt\u0151- \u00e9s szteroid alap\u00fa kr\u00e9mekkel t\u00f6rt\u00e9nik.<\/p>\n<p>Kullancscs\u00edp\u00e9s eset\u00e9n, amennyiben megjelenik az \u00fagynevezett Lyme-folt (orvosi nev\u00e9n erythema chronicum migrans), vagyis a cs\u00edp\u00e9s k\u00f6r\u00fcl k\u00f6rk\u00f6r\u00f6sen terjed\u0151, kok\u00e1rda alak\u00fa vagy egybef\u00fcgg\u0151 k\u00f6ralak\u00fa\/ ov\u00e1lis b\u0151relv\u00e1ltoz\u00e1s, felt\u00e9tlen\u00fcl orvoshoz kell fordulni. A Lyme-folt a leggyakrabban a cs\u00edp\u00e9s ut\u00e1n 1 h\u00e9ttel indul el, \u00e1tm\u00e9r\u0151je \u00e1ltal\u00e1ban el\u00e9ri vagy meghaladja az 5 cm-t, gyakorta nem viszket \u00e9s m\u00e1s panaszt sem okoz, de sz\u00e1mos ett\u0151l elt\u00e9r\u0151 at\u00edpusos megjelen\u00e9se is lehets\u00e9ges. A t\u00edpusos b\u0151rt\u00fcnet alapj\u00e1n fel\u00e1ll\u00edthat\u00f3 lehet a Borrelia burgdorferi bakt\u00e9rium okozta Lyme-k\u00f3r diagn\u00f3zisa, mely a megfelel\u0151 c\u00e9lzott antibiotikum ter\u00e1pi\u00e1val id\u0151ben \u00e9s j\u00f3l kezelhet\u0151.<\/p>\n<p><a href=\"https:\/\/semmelweis.hu\/hirek\/2015\/08\/03\/meh-es-darazscsipes-veszelytelen-vagy-halalos\/\" target=\"_blank\" rel=\"noopener noreferrer\">A m\u00e9h \u00e9s dar\u00e1zscs\u00edp\u00e9s<\/a> komoly anafilaxi\u00e1s sokkot is okozhat az erre allergi\u00e1s egy\u00e9nekn\u00e9l, ami azonnali s\u00fcrg\u0151ss\u00e9gi ell\u00e1t\u00e1st ig\u00e9nyel. S\u00falyos hasi g\u00f6rcs, hasmen\u00e9s, h\u00e1ny\u00e1s, testszerte megjelen\u0151 csal\u00e1nki\u00fct\u00e9s, s\u00e1padts\u00e1g, nyel\u00e9si zavar, sz\u00e9d\u00fcl\u00e9s, \u00e1jul\u00e1s\u00e9rz\u00e9s, sz\u00e1jban vagy szemben jelentkez\u0151 duzzanat, k\u00f6h\u00f6g\u00e9s, torokszor\u00edt\u00f3 \u00e9rz\u00e9s, s\u00edpol\u00f3 vagy neh\u00e9zl\u00e9gz\u00e9s, de ak\u00e1r eszm\u00e9letveszt\u00e9s is el\u0151fordulhat a cs\u00edp\u00e9s hat\u00e1s\u00e1ra. Ilyenkor azonnal ment\u0151t kell h\u00edvni, \u00e9s ha rendelkez\u00e9sre \u00e1ll adrenalin tartalm\u00fa s\u00fcrg\u0151ss\u00e9gi injekci\u00f3 azt a betegnek miel\u0151bb meg kell kapnia.<\/p>\n<div class=\"fontos_div\">\n<p>Ezen k\u00edv\u00fcl, ha anafilaxi\u00e1s reakci\u00f3 nem is l\u00e9p fel, de a cs\u00edp\u00e9s \u00e1tm\u00e9r\u0151je meghaladja a 10-15 cm \u00e1tm\u00e9r\u0151t, vagy a cs\u00edp\u00e9st k\u00f6vet\u0151 k\u00e9t napon bel\u00fcl a t\u00e1volabbi b\u0151rfel\u00fcleten ki\u00fct\u00e9sek jelentkeznek, szint\u00e9n szakorvoshoz kell menni, mert ezek is allergi\u00e1s reakci\u00f3ra utalnak.<\/p>\n<\/div>\n<p>Elmondhatjuk, hogy a rovarcs\u00edp\u00e9sek nagyon sokf\u00e9le t\u00fcnetet okozhatnak, de \u00e1ltal\u00e1noss\u00e1gban az enyh\u00e9bb t\u00fcneteket \u00f3vatos jegel\u00e9ssel, h\u0171s\u00edt\u0151 vagy gyullad\u00e1scs\u00f6kkent\u0151 kr\u00e9mekkel otthon is tudjuk kezelni, azonban, ha ezek s\u00falyosabb\u00e1 v\u00e1lnak, mindenk\u00e9ppen forduljunk szakemberhez.<\/p>\n<p>Fot\u00f3: Semmelweis Egyetem, Bor\u00edt\u00f3k\u00e9p, illusztr\u00e1ci\u00f3 \u2013 pixabay.com\/FotoshopTofs<\/p>\n<p>&nbsp;<\/p>\n<p>&nbsp;<\/p>\n","protected":false},"excerpt":{"rendered":"<p>Haz\u00e1nkban is megjelent m\u00e1r a tigrissz\u00fanyog, ami ak\u00e1r s\u00falyos betegs\u00e9geket is terjeszthet. <\/p>\n","protected":false},"author":101869,"featured_media":119389,"comment_status":"closed","ping_status":"closed","sticky":false,"template":"","format":"standard","meta":{"_acf_changed":false,"footnotes":""},"categories":[5],"tags":[732],"class_list":["post-119387","post","type-post","status-publish","format-standard","has-post-thumbnail","hentry","category-cikkek","tag-temaajanlo"],"acf":[],"_links":{"self":[{"href":"https:\/\/semmelweis.hu\/mediasarok\/wp-json\/wp\/v2\/posts\/119387","targetHints":{"allow":["GET"]}}],"collection":[{"href":"https:\/\/semmelweis.hu\/mediasarok\/wp-json\/wp\/v2\/posts"}],"about":[{"href":"https:\/\/semmelweis.hu\/mediasarok\/wp-json\/wp\/v2\/types\/post"}],"author":[{"embeddable":true,"href":"https:\/\/semmelweis.hu\/mediasarok\/wp-json\/wp\/v2\/users\/101869"}],"replies":[{"embeddable":true,"href":"https:\/\/semmelweis.hu\/mediasarok\/wp-json\/wp\/v2\/comments?post=119387"}],"version-history":[{"count":9,"href":"https:\/\/semmelweis.hu\/mediasarok\/wp-json\/wp\/v2\/posts\/119387\/revisions"}],"predecessor-version":[{"id":175282,"href":"https:\/\/semmelweis.hu\/mediasarok\/wp-json\/wp\/v2\/posts\/119387\/revisions\/175282"}],"wp:featuredmedia":[{"embeddable":true,"href":"https:\/\/semmelweis.hu\/mediasarok\/wp-json\/wp\/v2\/media\/119389"}],"wp:attachment":[{"href":"https:\/\/semmelweis.hu\/mediasarok\/wp-json\/wp\/v2\/media?parent=119387"}],"wp:term":[{"taxonomy":"category","embeddable":true,"href":"https:\/\/semmelweis.hu\/mediasarok\/wp-json\/wp\/v2\/categories?post=119387"},{"taxonomy":"post_tag","embeddable":true,"href":"https:\/\/semmelweis.hu\/mediasarok\/wp-json\/wp\/v2\/tags?post=119387"}],"curies":[{"name":"wp","href":"https:\/\/api.w.org\/{rel}","templated":true}]}}