{"id":117816,"date":"2021-06-30T16:17:52","date_gmt":"2021-06-30T14:17:52","guid":{"rendered":"https:\/\/semmelweis.hu\/mediasarok\/?p=117816"},"modified":"2021-06-30T16:17:52","modified_gmt":"2021-06-30T14:17:52","slug":"sajtokozlemeny-korszeru-uj-laboratorium-letesitese-a-semmelweis-egyetemen","status":"publish","type":"post","link":"https:\/\/semmelweis.hu\/mediasarok\/2021\/06\/30\/sajtokozlemeny-korszeru-uj-laboratorium-letesitese-a-semmelweis-egyetemen\/","title":{"rendered":"\u00a0Sajt\u00f3k\u00f6zlem\u00e9ny: Korszer\u0171 \u00faj laborat\u00f3rium l\u00e9tes\u00edt\u00e9se a Semmelweis Egyetemen"},"content":{"rendered":"<div class=\"lead\">Semmelweis Egyetem a Sz\u00e9chenyi 2020 program keret\u00e9ben 299,65 milli\u00f3 forint vissza nem t\u00e9r\u00edtend\u0151 eur\u00f3pai uni\u00f3s t\u00e1mogat\u00e1st nyert el korszer\u0171 m\u0171szeregy\u00fcttes beszerz\u00e9s\u00e9re, melyek lehet\u0151v\u00e9 teszik a sejtek \u00e1ltal kibocs\u00e1tott membr\u00e1nnal k\u00f6r\u00fclvett h\u00f3lyagocsk\u00e1k izol\u00e1l\u00e1s\u00e1t \u00e9s jellemz\u00e9s\u00e9t. Mindezek a j\u00f6v\u0151ben diagnosztikus \u00e9s ter\u00e1pi\u00e1s c\u00e9l\u00fa fejleszt\u00e9sek alapj\u00e1t k\u00e9pezhetik k\u00fcl\u00f6nb\u00f6z\u0151 megbeteged\u00e9sek eset\u00e9ben (pl. daganatos vagy sz\u00edv \u00e9s \u00e9rrendszeri megbeteged\u00e9sekben).<\/div>\n<p>A projekt c\u00e9lja k\u00f6zponti kutat\u00f3, szolg\u00e1ltat\u00f3 \u00e9s referencia laborat\u00f3rium l\u00e9trehoz\u00e1sa volt a Semmelweis Egyetemen a sejtek \u00e1ltal kibocs\u00e1tott nanom\u00e9ret\u0171 h\u00f3lyagocsk\u00e1k tiszt\u00edt\u00e1s\u00e1ra \u00e9s jellemz\u00e9s\u00e9re. A projekt r\u00e9szek\u00e9nt beszerzett korszer\u0171 laborat\u00f3riumi m\u0171szeregy\u00fcttes r\u00e9sze egy laborat\u00f3riumi \u00e1ll\u00f3 ultracentrifuga, egy nanor\u00e9szecske sz\u00e1ml\u00e1l\u00f3 berendez\u00e9s, egy nagy \u00e9rz\u00e9kenys\u00e9g\u0171 \u00e1raml\u00e1si citom\u00e9ter \u00e9s egy l\u00e9zer konfok\u00e1lis mikroszk\u00f3p. Ezzel hi\u00e1nyp\u00f3tl\u00f3, a nemzetk\u00f6zi elv\u00e1r\u00e1soknak megfelel\u0151, sejtek \u00e1ltal kibocs\u00e1tott nanom\u00e9ret\u0171 h\u00f3lyagocska izol\u00e1l\u00e1si\/detekt\u00e1l\u00e1si infrastrukt\u00fara \u00e9p\u00fclt ki a Semmelweis Egyetem Genetikai, Sejt- \u00e9s Immunbiol\u00f3giai int\u00e9zet\u00e9ben, illetve a Semmelweis Egyetem Farmakol\u00f3giai \u00e9s Farmakoter\u00e1pi\u00e1s Int\u00e9zet\u00e9ben.<\/p>\n<div class=\"fontos_div\">\n<p>A nemzetk\u00f6zi elv\u00e1r\u00e1soknak megfelel\u0151 infrastrukt\u00fara seg\u00edti az egyetem fejleszt\u00e9si \u00e9s szolg\u00e1ltat\u00e1si tev\u00e9kenys\u00e9g\u00e9t, illetve az egy\u00fcttm\u0171k\u00f6d\u00e9st bels\u0151 \u00e9s k\u00fcls\u0151 partnerekkel. A projekt keret\u00e9ben beszerzett m\u0171szerek hat\u00e9konyan t\u00e1mogatj\u00e1k m\u00e1s kutat\u00e1si p\u00e1ly\u00e1zatok megval\u00f3s\u00edt\u00e1s\u00e1t is.<\/p>\n<\/div>\n<p>A Versenyk\u00e9pes K\u00f6z\u00e9p-Magyarorsz\u00e1gi Operat\u00edv Program \u201eVEKOP-2.3.3-15 Kutat\u00e1si infrastrukt\u00fara meger\u0151s\u00edt\u00e9se \u2013- nemzetk\u00f6ziesed\u00e9s, h\u00e1l\u00f3zatosod\u00e1s\u201d p\u00e1ly\u00e1zati felh\u00edv\u00e1s keret\u00e9ben t\u00e1mogatott VEKOP-2.3.3-15-2017-00016 \u201eMagyar K\u00f6zponti Extracellul\u00e1ris Vezikula Kutat\u00f3, Szolg\u00e1ltat\u00f3 \u00e9s Referencia Laborat\u00f3rium l\u00e9trehoz\u00e1sa a Semmelweis Egyetemen\u201d projekt a Sz\u00e9chenyi 2020 program keret\u00e9ben val\u00f3sult meg 2017. \u00e1prilis 1. \u00e9s 2021. j\u00fanius 30. k\u00f6z\u00f6tt.<\/p>\n<p>A projektr\u0151l b\u0151vebb inform\u00e1ci\u00f3t a <a href=\"http:\/\/gsi.semmelweis.hu\" target=\"_blank\" rel=\"noopener noreferrer\">http:\/\/gsi.semmelweis.hu<\/a> \u00e9s a <a href=\"http:\/\/semmelweispharma.com\/netcorefacility\/\" target=\"_blank\" rel=\"noopener noreferrer\">http:\/\/semmelweispharma.com\/netcorefacility\/<\/a><br \/>\noldalakon olvashatnak, illet\u0151leg hamarosan a Semmelweis Egyetem eg\u00e9sz\u00e9re kiterjed\u0151 meg\u00fajult online core facilit\u00e1s adatb\u00e1zisban is el\u00e9rhet\u0151k lesznek bels\u0151 kollabor\u00e1torok \u00e9s k\u00fcls\u0151 partnerek fel\u00e9 egyar\u00e1nt.<\/p>\n<p><img loading=\"lazy\" decoding=\"async\" class=\"alignright wp-image-117818 size-medium\" src=\"https:\/\/semmelweis.hu\/mediasarok\/files\/2021\/06\/szechenyi2020-logo-400x276.jpg\" alt=\"\" width=\"400\" height=\"276\" srcset=\"https:\/\/semmelweis.hu\/mediasarok\/files\/2021\/06\/szechenyi2020-logo-400x276.jpg 400w, https:\/\/semmelweis.hu\/mediasarok\/files\/2021\/06\/szechenyi2020-logo-1024x708.jpg 1024w, https:\/\/semmelweis.hu\/mediasarok\/files\/2021\/06\/szechenyi2020-logo-768x531.jpg 768w, https:\/\/semmelweis.hu\/mediasarok\/files\/2021\/06\/szechenyi2020-logo-175x120.jpg 175w, https:\/\/semmelweis.hu\/mediasarok\/files\/2021\/06\/szechenyi2020-logo-753x520.jpg 753w, https:\/\/semmelweis.hu\/mediasarok\/files\/2021\/06\/szechenyi2020-logo.jpg 1453w\" sizes=\"auto, (max-width: 400px) 100vw, 400px\" \/><\/p>\n<p><strong>Tov\u00e1bbi inform\u00e1ci\u00f3 k\u00e9rhet\u0151:<\/strong><\/p>\n<p>Dr. Buz\u00e1s Edit egyetemi tan\u00e1r, az MTA levelez\u0151 tagja<\/p>\n<p>buzas.edit@med.semmelweis-univ.hu (+36-1-210-2930)<\/p>\n","protected":false},"excerpt":{"rendered":"<p>A Sz\u00e9chenyi 2020 programban nyert 299,65 milli\u00f3 forint vissza nem t\u00e9r\u00edtend\u0151 eur\u00f3pai uni\u00f3s t\u00e1mogat\u00e1st a Semmelweis Egyetem. <\/p>\n","protected":false},"author":101748,"featured_media":117817,"comment_status":"closed","ping_status":"closed","sticky":false,"template":"","format":"standard","meta":{"_acf_changed":false,"footnotes":""},"categories":[5],"tags":[734],"class_list":["post-117816","post","type-post","status-publish","format-standard","has-post-thumbnail","hentry","category-cikkek","tag-kozlemeny"],"acf":[],"_links":{"self":[{"href":"https:\/\/semmelweis.hu\/mediasarok\/wp-json\/wp\/v2\/posts\/117816","targetHints":{"allow":["GET"]}}],"collection":[{"href":"https:\/\/semmelweis.hu\/mediasarok\/wp-json\/wp\/v2\/posts"}],"about":[{"href":"https:\/\/semmelweis.hu\/mediasarok\/wp-json\/wp\/v2\/types\/post"}],"author":[{"embeddable":true,"href":"https:\/\/semmelweis.hu\/mediasarok\/wp-json\/wp\/v2\/users\/101748"}],"replies":[{"embeddable":true,"href":"https:\/\/semmelweis.hu\/mediasarok\/wp-json\/wp\/v2\/comments?post=117816"}],"version-history":[{"count":3,"href":"https:\/\/semmelweis.hu\/mediasarok\/wp-json\/wp\/v2\/posts\/117816\/revisions"}],"predecessor-version":[{"id":117821,"href":"https:\/\/semmelweis.hu\/mediasarok\/wp-json\/wp\/v2\/posts\/117816\/revisions\/117821"}],"wp:featuredmedia":[{"embeddable":true,"href":"https:\/\/semmelweis.hu\/mediasarok\/wp-json\/wp\/v2\/media\/117817"}],"wp:attachment":[{"href":"https:\/\/semmelweis.hu\/mediasarok\/wp-json\/wp\/v2\/media?parent=117816"}],"wp:term":[{"taxonomy":"category","embeddable":true,"href":"https:\/\/semmelweis.hu\/mediasarok\/wp-json\/wp\/v2\/categories?post=117816"},{"taxonomy":"post_tag","embeddable":true,"href":"https:\/\/semmelweis.hu\/mediasarok\/wp-json\/wp\/v2\/tags?post=117816"}],"curies":[{"name":"wp","href":"https:\/\/api.w.org\/{rel}","templated":true}]}}