{"id":113327,"date":"2021-03-04T16:41:35","date_gmt":"2021-03-04T15:41:35","guid":{"rendered":"https:\/\/semmelweis.hu\/mediasarok\/?p=113327"},"modified":"2021-03-05T18:13:03","modified_gmt":"2021-03-05T17:13:03","slug":"magyar-fejlesztesu-lelegeztetogepeket-kapott-a-semmelweis-egyetem","status":"publish","type":"post","link":"https:\/\/semmelweis.hu\/mediasarok\/2021\/03\/04\/magyar-fejlesztesu-lelegeztetogepeket-kapott-a-semmelweis-egyetem\/","title":{"rendered":"Magyar fejleszt\u00e9s\u0171 l\u00e9legeztet\u0151g\u00e9peket kapott a Semmelweis Egyetem"},"content":{"rendered":"<div class=\"lead\"><strong><strong>\u00c1tadt\u00e1k az \u00faj gener\u00e1ci\u00f3s, hazai fejleszt\u00e9s\u0171 l\u00e9legeztet\u0151g\u00e9p els\u0151 t\u00edz protot\u00edpus\u00e1t a Semmelweis Egyetem Aneszteziol\u00f3giai \u00e9s Intenz\u00edv Ter\u00e1pi\u00e1s Klinik\u00e1j\u00e1nak, amely az orsz\u00e1g legnagyobb l\u00e9legeztet\u00e9si k\u00f6zpontj\u00e1nak sz\u00e1m\u00edt. A berendez\u00e9seket az egyetem orvosszakmai vezet\u00e9s\u00e9vel, a Femtonics Kft. \u00e9s magyar partnerc\u00e9gek r\u00e9szv\u00e9tel\u00e9vel, az Innov\u00e1ci\u00f3s \u00e9s Technol\u00f3giai Miniszt\u00e9rium (ITM) t\u00e1mogat\u00e1s\u00e1val fejlesztett\u00e9k ki. A d<\/strong><\/strong><span style=\"font-size: 1.1rem\">r. B\u00f3dis J\u00f3zsef <\/span><span style=\"font-size: 1.1rem\">fels\u0151oktat\u00e1s\u00e9rt, innov\u00e1ci\u00f3\u00e9rt \u00e9s szakk\u00e9pz\u00e9s\u00e9rt felel\u0151s \u00e1llamtitk\u00e1r <\/span><strong>jelenl\u00e9t\u00e9ben 2021. m\u00e1rcius 4-\u00e9n \u00e1tadott hazai l\u00e9legeztet\u0151g\u00e9peket els\u0151 l\u00e9p\u00e9sben a klinikai kutat\u00e1sban haszn\u00e1lj\u00e1k majd, seg\u00edts\u00e9g\u00fckkel szem\u00e9lyre \u00e9s betegs\u00e9gre szabott l\u00e9legeztet\u00e9si m\u00f3dok kialak\u00edt\u00e1s\u00e1ra ny\u00edlik lehet\u0151s\u00e9g, \u00edgy a fejleszt\u00e9s \u00faj t\u00e1vlatokat nyithat a l\u00e9legeztet\u00e9si ter\u00e1pia ter\u00e9n.<\/strong><\/div>\n<p>A kifejlesztett eszk\u00f6z\u00f6k a klinikai vizsg\u00e1latok sor\u00e1n tudom\u00e1nyos, orvos-szakmai \u00e9s etikai szempontb\u00f3l egyar\u00e1nt sikeresen teljes\u00edtettek. Az eszm\u00e9letlen \u00e9s tudatukn\u00e1l l\u00e9v\u0151 betegek kezel\u00e9s\u00e9n\u00e9l is alkalmazott protot\u00edpusok megfelel\u0151en t\u00e1mogatt\u00e1k a spont\u00e1n l\u00e9gv\u00e9teleket, hib\u00e1tlanul reag\u00e1ltak a l\u00e9legeztet\u00e9s sor\u00e1n el\u0151fordul\u00f3 esem\u00e9nyekre (p\u00e9ld\u00e1ul k\u00f6h\u00f6g\u00e9sre).<\/p>\n<p>Dr. Merkely B\u00e9la, a Semmelweis Egyetem rektora az \u00e1tad\u00e1s kapcs\u00e1n hangs\u00falyozta:<\/p>\n<blockquote>\n<p>az egyetem kiemelten t\u00e1mogat minden olyan fejleszt\u00e9st, amely a beteg\u00e1gy mellett k\u00f6zvetlen\u00fcl felhaszn\u00e1lhat\u00f3 eredm\u00e9nyekkel j\u00e1r. A fejleszt\u00e9s siker\u00e9ben fontos szerepet j\u00e1tszott, hogy a Semmelweis Egyetem h\u00e1rmas, sz\u00e9tv\u00e1laszthatatlan egys\u00e9ge az oktat\u00e1s, a kutat\u00e1s-innov\u00e1ci\u00f3 \u00e9s a magas szint\u0171 klinikai betegell\u00e1t\u00e1s.<\/p>\n<\/blockquote>\n<p>Az egyetem Aneszteziol\u00f3giai \u00e9s Intenz\u00edv Ter\u00e1pi\u00e1s Klinik\u00e1j\u00e1n (AITK) a protot\u00edpusok seg\u00edts\u00e9g\u00e9vel olyan szem\u00e9lyre \u00e9s betegs\u00e9gt\u00edpusra param\u00e9terezhet\u0151 l\u00e9legeztet\u0151g\u00e9p fejleszt\u00e9se a c\u00e9l nemzetk\u00f6zi tapasztalatok alapj\u00e1n, amely speci\u00e1lis l\u00e9legeztet\u00e9si m\u00f3dokat is alkalmaz \u00e9s \u00faj t\u00e1vlatokat nyit a l\u00e9legeztet\u00e9si ter\u00e1pia ter\u00e9n \u2013 emelte ki Lorx Andr\u00e1s, az AITK egyetemi docense, a fejleszt\u00e9s orvosszakmai vezet\u0151je.<\/p>\n<div class=\"fontos_div\">\n<p>A tavaly m\u00e1rcius v\u00e9g\u00e9n ind\u00edtott innovat\u00edv egy\u00fcttm\u0171k\u00f6d\u00e9sr\u0151l R\u00f3zsa Bal\u00e1zs, a fejleszt\u00e9st megval\u00f3s\u00edt\u00f3 Femtonics Kft. alap\u00edt\u00f3 tulajdonosa elmondta, hogy nagyon r\u00f6vid id\u0151 alatt siker\u00fclt kimagasl\u00f3 eredm\u00e9nyt el\u00e9rni, a Semmelweis Egyetem seg\u00edts\u00e9g\u00e9vel m\u00e9g sz\u00e1mos innovat\u00edv \u00f6tletet \u00e9s elj\u00e1r\u00e1st lenn\u00e9nek k\u00e9pesek a l\u00e9legeztet\u0151g\u00e9pekbe implement\u00e1lni.<\/p>\n<\/div>\n<p>A c\u00e9gvezet\u0151 kiemelte, hogy a v\u00e1llalati-egyetemi \u00f6sszefog\u00e1shoz sok hazai v\u00e1llalkoz\u00e1s csatlakozott, a 77 Elektronika Kft., a Linde G\u00e1z Magyarorsz\u00e1g Zrt.,a Momert Zrt., a Mould-Tech M\u00e9rn\u00f6ki Iroda Kft., a PCB Design Kft. \u00e9s a Tech-Con Hung\u00e1ria Kft. is kiemelt partnerei voltak a magyar fejleszt\u00e9snek. A hazai tud\u00e1st\u0151ke felhaszn\u00e1l\u00e1s\u00e1val nemcsak egy sz\u00ednvonalas l\u00e9legeztet\u0151g\u00e9p megalkot\u00e1sa v\u00e1lt lehets\u00e9gess\u00e9, hanem egy speci\u00e1lis elj\u00e1r\u00e1sokat alkalmaz\u00f3, egyed\u00fcl\u00e1ll\u00f3 term\u00e9k ker\u00fclhet piacra a j\u00f6v\u0151ben, amely a l\u00e9gz\u00e9si el\u00e9gtelens\u00e9ggel k\u00fczd\u0151 betegek sikeresebb kezel\u00e9s\u00e9hez j\u00e1rulhat hozz\u00e1 \u2013 emelte ki a c\u00e9gvezet\u0151.<\/p>\n<p>Dr. B\u00f3dis J\u00f3zsef fels\u0151oktat\u00e1s\u00e9rt, innov\u00e1ci\u00f3\u00e9rt \u00e9s szakk\u00e9pz\u00e9s\u00e9rt felel\u0151s \u00e1llamtitk\u00e1r hangs\u00falyozta:<\/p>\n<blockquote>\n<p>az ITM t\u00e1mogat\u00e1s\u00e1val 2020 tavasza \u00f3ta mintegy 30 kutat\u00e1s-fejleszt\u00e9si projekt indult el, amelyek nemzetk\u00f6zi szinten is kimagasl\u00f3 eredm\u00e9nyess\u00e9ggel zajlanak, r\u00e9szben m\u00e1r be is fejez\u0151dtek.<\/p>\n<\/blockquote>\n<p>A miniszt\u00e9rium 3 milli\u00e1rd forintos keret\u00f6sszeg\u0171 alapj\u00e1b\u00f3l t\u00e1mogatott kezdem\u00e9nyez\u00e9sek jelent\u0151s r\u00e9sze k\u00f6zel egy \u00e9ve eredm\u00e9nyesen seg\u00edti a hazai v\u00e9dekez\u00e9st, jellemz\u0151en ilyenek a v\u00edrus terjed\u00e9s\u00e9t vizsg\u00e1l\u00f3, j\u00e1rv\u00e1nymatematikai elemz\u00e9sek, vagy a gy\u00f3gyszerk\u00e9sz\u00edtm\u00e9ny \u00e9s ter\u00e1pi\u00e1s fejleszt\u00e9si \u00e9s gy\u00e1rt\u00e1si projektek. A hazai szakemberek a koronav\u00edrus glob\u00e1lis kih\u00edv\u00e1s\u00e1ra gyorsan reag\u00e1lva vil\u00e1gsz\u00ednvonal\u00fa tud\u00e1st \u00e1ll\u00edtottak csatasorba a magyar emberek \u00e9lete \u00e9s eg\u00e9szs\u00e9ge v\u00e9delm\u00e9ben. A korm\u00e1nyzati forr\u00e1soknak \u00e9s koordin\u00e1ci\u00f3nak k\u00f6sz\u00f6nhet\u0151en Magyarorsz\u00e1g k\u00fclf\u00f6ldi kitetts\u00e9g\u00e9t cs\u00f6kkentve k\u00e9pess\u00e9 v\u00e1lt az \u00f6nell\u00e1t\u00e1sra maszkokb\u00f3l, fert\u0151tlen\u00edt\u0151szerekb\u0151l, Debrecenben koronav\u00edrus-vakcin\u00e1t is el\u0151\u00e1ll\u00edt\u00f3 nemzeti olt\u00f3anyaggy\u00e1r \u00e9p\u00fcl \u2013 tette hozz\u00e1 az \u00e1llamtitk\u00e1r.<\/p>\n\r\n        [slb_exclude]\r\n        <div class=\"row galeria-wrapper mx-0 h-auto\">\r\n            <div class=\"col-9 pl-0 pr-2\">\r\n            <span class=\"gallery-item frame\">\r\n\t\t\t\t<div class=\"galeria-left-img\"><a href=\"https:\/\/semmelweis.hu\/mediasarok\/files\/2021\/03\/RS129261_C19A8839-scr-1.jpg\"><img src=https:\/\/semmelweis.hu\/mediasarok\/files\/2021\/03\/RS129261_C19A8839-scr-1.jpg  \r\n                            alt=\"\" \r\n                            class=\"attachment-sote-gallery-big size-sote-gallery-big\" \r\n                            srcset=\"https:\/\/semmelweis.hu\/mediasarok\/files\/2021\/03\/RS129261_C19A8839-scr-1-400x267.jpg 400w, https:\/\/semmelweis.hu\/mediasarok\/files\/2021\/03\/RS129261_C19A8839-scr-1-1024x683.jpg 1024w, https:\/\/semmelweis.hu\/mediasarok\/files\/2021\/03\/RS129261_C19A8839-scr-1-768x512.jpg 768w, https:\/\/semmelweis.hu\/mediasarok\/files\/2021\/03\/RS129261_C19A8839-scr-1-753x502.jpg 753w, https:\/\/semmelweis.hu\/mediasarok\/files\/2021\/03\/RS129261_C19A8839-scr-1-203x135.jpg 203w, https:\/\/semmelweis.hu\/mediasarok\/files\/2021\/03\/RS129261_C19A8839-scr-1.jpg 1200w\" ><\/a><\/div>\r\n            <\/span>\r\n\r\n            <\/div>\r\n\r\n\t\t\t<div class=\"col-3 pl-0 pr-0\">\r\n\t\t\t\t<div class=\"galeria-right-img d-flex justify-content-between flex-column h-100 w-100 px-0 mx-0 \">\r\n                <div class=\"galeria-box\">\r\n\t\t\t\t\t<h3 class=\"galeria-title\">Gal\u00e9ria<\/h3>\r\n\t\t\t\t\t<div class=\"galeria-subtitle\">\r\n\r\n\t\t\t\t\t\t<div class=\"galeria-page-counter\"><span>5<\/span>k\u00e9p<\/div>\r\n                    <\/div> <\/div>\r\n                    <span class=\"gallery-item frame d-none d-md-flex\">\r\n\t\t\t\t\t<div class=\"galeria-small-img mt-0\"><a href=\"https:\/\/semmelweis.hu\/mediasarok\/files\/2021\/03\/RS129250_C19A8764-scr.jpg\"><img src=https:\/\/semmelweis.hu\/mediasarok\/files\/2021\/03\/RS129250_C19A8764-scr.jpg \r\n                                alt=\"\"  \r\n                                class=\"attachment-sote-gallery-small size-sote-gallery-small\" \r\n                                srcset=\"https:\/\/semmelweis.hu\/mediasarok\/files\/2021\/03\/RS129250_C19A8764-scr-400x267.jpg 400w, https:\/\/semmelweis.hu\/mediasarok\/files\/2021\/03\/RS129250_C19A8764-scr-1024x683.jpg 1024w, https:\/\/semmelweis.hu\/mediasarok\/files\/2021\/03\/RS129250_C19A8764-scr-768x512.jpg 768w, https:\/\/semmelweis.hu\/mediasarok\/files\/2021\/03\/RS129250_C19A8764-scr-753x502.jpg 753w, https:\/\/semmelweis.hu\/mediasarok\/files\/2021\/03\/RS129250_C19A8764-scr-203x135.jpg 203w, https:\/\/semmelweis.hu\/mediasarok\/files\/2021\/03\/RS129250_C19A8764-scr.jpg 1200w\" ><\/a><\/div>\r\n                    <\/span>\r\n                    <span class=\"gallery-item frame d-none d-md-flex\">\r\n\t\t\t\t\t<div class=\"galeria-small-img mt-0\"><a href=\"https:\/\/semmelweis.hu\/mediasarok\/files\/2021\/03\/RS129246_C19A8750-scr.jpg\"><img src=https:\/\/semmelweis.hu\/mediasarok\/files\/2021\/03\/RS129246_C19A8750-scr.jpg \r\n                                alt=\"\" \r\n                                class=\"attachment-sote-gallery-small size-sote-gallery-small\" \r\n                                srcset=\"https:\/\/semmelweis.hu\/mediasarok\/files\/2021\/03\/RS129246_C19A8750-scr-400x256.jpg 400w, https:\/\/semmelweis.hu\/mediasarok\/files\/2021\/03\/RS129246_C19A8750-scr-1024x655.jpg 1024w, https:\/\/semmelweis.hu\/mediasarok\/files\/2021\/03\/RS129246_C19A8750-scr-768x491.jpg 768w, https:\/\/semmelweis.hu\/mediasarok\/files\/2021\/03\/RS129246_C19A8750-scr-753x481.jpg 753w, https:\/\/semmelweis.hu\/mediasarok\/files\/2021\/03\/RS129246_C19A8750-scr.jpg 1200w\" ><\/a><\/div>\r\n                    <\/span>\r\n\r\n                <\/div>\r\n\r\n            <\/div>\r\n\r\n            <span class=\"gallery-item\"><div class=\"hidden\"><a href=\"https:\/\/semmelweis.hu\/mediasarok\/files\/2021\/03\/RS129220_C19A8643-scr.jpg\">\r\n        <img src=https:\/\/semmelweis.hu\/mediasarok\/files\/2021\/03\/RS129220_C19A8643-scr.jpg alt=\"\" class=\"attachment-sote-gallery-big size-sote-gallery-big\" srcset=\"https:\/\/semmelweis.hu\/mediasarok\/files\/2021\/03\/RS129220_C19A8643-scr-267x400.jpg 267w, https:\/\/semmelweis.hu\/mediasarok\/files\/2021\/03\/RS129220_C19A8643-scr.jpg 600w\" >\r\n        <\/a><\/div><\/span><span class=\"gallery-item\"><div class=\"hidden\"><a href=\"https:\/\/semmelweis.hu\/mediasarok\/files\/2021\/03\/RS129214_C19A8631-scr.jpg\">\r\n        <img src=https:\/\/semmelweis.hu\/mediasarok\/files\/2021\/03\/RS129214_C19A8631-scr.jpg alt=\"\" class=\"attachment-sote-gallery-big size-sote-gallery-big\" srcset=\"https:\/\/semmelweis.hu\/mediasarok\/files\/2021\/03\/RS129214_C19A8631-scr-400x259.jpg 400w, https:\/\/semmelweis.hu\/mediasarok\/files\/2021\/03\/RS129214_C19A8631-scr-1024x663.jpg 1024w, https:\/\/semmelweis.hu\/mediasarok\/files\/2021\/03\/RS129214_C19A8631-scr-768x497.jpg 768w, https:\/\/semmelweis.hu\/mediasarok\/files\/2021\/03\/RS129214_C19A8631-scr-753x488.jpg 753w, https:\/\/semmelweis.hu\/mediasarok\/files\/2021\/03\/RS129214_C19A8631-scr.jpg 1200w\" >\r\n        <\/a><\/div><\/span>\r\n            <\/div>\r\n\r\n            [\/slb_exclude]\r\n\t\n<p>Az \u00e1tad\u00f3n k\u00e9sz\u00fclt v\u00e1g\u00f3k\u00e9pek az al\u00e1bbi linken \u00e9rhet\u0151k el: <a href=\"https:\/\/drive.google.com\/file\/d\/1Mf7gKaVeb6JzMRKiEajnbyL7fbFbHLGU\/view\">https:\/\/drive.google.com\/file\/d\/1Mf7gKaVeb6JzMRKiEajnbyL7fbFbHLGU\/view<\/a><\/p>\n<p>\u00a0Fot\u00f3: Kov\u00e1cs Attila &#8211; Semmelweis Egyetem<\/p>\n","protected":false},"excerpt":{"rendered":"<p>Az \u00faj gener\u00e1ci\u00f3s, hazai fejleszt\u00e9s\u0171 l\u00e9legeztet\u0151g\u00e9p els\u0151 t\u00edz protot\u00edpus\u00e1t a klinikai kutat\u00e1sban haszn\u00e1lj\u00e1k majd.<\/p>\n","protected":false},"author":101748,"featured_media":113328,"comment_status":"closed","ping_status":"closed","sticky":false,"template":"","format":"standard","meta":{"_acf_changed":false,"footnotes":""},"categories":[5],"tags":[734],"class_list":["post-113327","post","type-post","status-publish","format-standard","has-post-thumbnail","hentry","category-cikkek","tag-kozlemeny"],"acf":[],"_links":{"self":[{"href":"https:\/\/semmelweis.hu\/mediasarok\/wp-json\/wp\/v2\/posts\/113327","targetHints":{"allow":["GET"]}}],"collection":[{"href":"https:\/\/semmelweis.hu\/mediasarok\/wp-json\/wp\/v2\/posts"}],"about":[{"href":"https:\/\/semmelweis.hu\/mediasarok\/wp-json\/wp\/v2\/types\/post"}],"author":[{"embeddable":true,"href":"https:\/\/semmelweis.hu\/mediasarok\/wp-json\/wp\/v2\/users\/101748"}],"replies":[{"embeddable":true,"href":"https:\/\/semmelweis.hu\/mediasarok\/wp-json\/wp\/v2\/comments?post=113327"}],"version-history":[{"count":8,"href":"https:\/\/semmelweis.hu\/mediasarok\/wp-json\/wp\/v2\/posts\/113327\/revisions"}],"predecessor-version":[{"id":113393,"href":"https:\/\/semmelweis.hu\/mediasarok\/wp-json\/wp\/v2\/posts\/113327\/revisions\/113393"}],"wp:featuredmedia":[{"embeddable":true,"href":"https:\/\/semmelweis.hu\/mediasarok\/wp-json\/wp\/v2\/media\/113328"}],"wp:attachment":[{"href":"https:\/\/semmelweis.hu\/mediasarok\/wp-json\/wp\/v2\/media?parent=113327"}],"wp:term":[{"taxonomy":"category","embeddable":true,"href":"https:\/\/semmelweis.hu\/mediasarok\/wp-json\/wp\/v2\/categories?post=113327"},{"taxonomy":"post_tag","embeddable":true,"href":"https:\/\/semmelweis.hu\/mediasarok\/wp-json\/wp\/v2\/tags?post=113327"}],"curies":[{"name":"wp","href":"https:\/\/api.w.org\/{rel}","templated":true}]}}