{"id":11078,"date":"2011-11-22T20:07:19","date_gmt":"2011-11-22T19:07:19","guid":{"rendered":"http:\/\/mediasarok.sote.hu\/?p=11078"},"modified":"2025-11-04T10:55:26","modified_gmt":"2025-11-04T09:55:26","slug":"kozlemeny-felhivas-semmelweis-media-dij-palyazatra","status":"publish","type":"post","link":"https:\/\/semmelweis.hu\/mediasarok\/2011\/11\/22\/kozlemeny-felhivas-semmelweis-media-dij-palyazatra\/","title":{"rendered":"K\u00d6ZLEM\u00c9NY: Felh\u00edv\u00e1s Semmelweis M\u00e9dia D\u00edj p\u00e1ly\u00e1zatra"},"content":{"rendered":"<p style=\"text-align: center\"><strong>A Semmelweis Egyetem az eg\u00e9szs\u00e9g\u00fcgyet \u00e9s az eg\u00e9szs\u00e9gtudom\u00e1nyt \u00e9rint\u0151 \u00fajs\u00e1g\u00edr\u00e1s, h\u00edrk\u00f6zl\u00e9s \u00e9s t\u00e1j\u00e9koztat\u00e1s ter\u00fclet\u00e9n ny\u00fajtott kiemelked\u0151 teljes\u00edtm\u00e9ny elismer\u00e9s\u00e9re <\/strong><\/p>\n<p style=\"text-align: center\"><strong>SEMMELWEIS M\u00c9DIA D\u00cdJAT \u00e9s<br \/>\nSEMMELWEIS H\u00cdRSZERKESZT\u0150I D\u00cdJAT alap\u00edtott.<\/strong><\/p>\n<p style=\"text-align: center\"><strong>D\u00edjak \u00f6ssz\u00e9rt\u00e9ke: brutt\u00f3 400.000,- Ft<\/strong><\/p>\n<p>A d\u00edjat azok az \u00fajs\u00e1g\u00edr\u00f3k, m\u00e9diaszakemberek kaphatj\u00e1k, akik a Semmelweis Egyetem \u00a0tev\u00e9kenys\u00e9gi k\u00f6r\u00e9be tartoz\u00f3, az egyetem tev\u00e9kenys\u00e9g\u00e9t bemutat\u00f3, eg\u00e9szs\u00e9g\u00fcgyi \u00e9s tudom\u00e1nyos \u00fajs\u00e1g\u00edr\u00e1st, illetve ismeretterjeszt\u00e9st sz\u00ednvonalasan, \u00e9rt\u00e9kteremt\u0151 m\u00f3don, az orvosl\u00e1st \u00e9s eg\u00e9szs\u00e9g\u00fcgyi kutat\u00e1st \u00e9rint\u0151 egy\u00e9b szempontoknak is megfelel\u0151en m\u0171velik.<\/p>\n<p>A Semmelweis M\u00e9dia D\u00edjra p\u00e1ly\u00e1zni lehet a magyarorsz\u00e1gi \u00edrott, elektronikus vagy h\u00edr\u00fcgyn\u00f6ks\u00e9gi\/on-line sajt\u00f3ban 2011. m\u00e1rcius 2. \u00e9s 2012. m\u00e1rcius 1. k\u00f6z\u00f6tt megjelent publik\u00e1ci\u00f3val, interj\u00faval, riporttal illetve cikksorozattal, riport sorozattal, illetve dokumentumfilmmel.<\/p>\n<p>A Semmelweis H\u00edrszerkeszt\u0151i D\u00edjra p\u00e1ly\u00e1zni lehet a magyarorsz\u00e1gi r\u00e1di\u00f3k \u00e9s telev\u00edzi\u00f3k h\u00edrblokkjaiban elhangzott, vagy h\u00edrad\u00f3iban 2011. m\u00e1rcius 2. \u00e9s 2012. m\u00e1rcius 1. k\u00f6z\u00f6tt megjelent anyagokkal.<\/p>\n<p><strong>A p\u00e1ly\u00e1zatnak tartalmaznia kell:<\/strong><\/p>\n<ul>\n<li>a cikk vagy m\u0171sor megjelen\u00e9s\u00e9nek id\u0151pontj\u00e1t \u00e9s a m\u00e9dia nev\u00e9t,<\/li>\n<li>az alkot\u00f3, vagy alkot\u00f3k\u00f6z\u00f6ss\u00e9g nev\u00e9t, el\u00e9rhet\u0151s\u00e9g\u00e9t<\/li>\n<\/ul>\n<p>Amennyiben az \u00e1tk\u00fcld\u00f6tt anyag nem igazolja egy\u00e9rtelm\u0171en a m\u00e9dia megjelen\u00e9st, ellen\u0151rizhet\u0151 hivatkoz\u00e1st kell erre vonatkoz\u00f3an felt\u00fcntetni.<\/p>\n<p>A nyerteseket k\u00fcl\u00f6n \u00e9rtes\u00edtj\u00fck, honlapjainkon k\u00f6zz\u00e9tessz\u00fck.<\/p>\n<p>A zs\u0171ri a d\u00edjat \u00e9ves rendszeress\u00e9ggel \u00edt\u00e9li oda az arra \u00e9rdemes \u00fajs\u00e1gcikk, telev\u00edzi\u00f3- vagy r\u00e1di\u00f3m\u0171sor, internetes \u00edr\u00e1s szerz\u0151j\u00e9nek.<\/p>\n<p><strong>Nevez\u00e9si hat\u00e1rid\u0151:<\/strong> a p\u00e1ly\u00e1zatokat Word form\u00e1tumban, elektronikus form\u00e1ban, vagy CD-n k\u00e9rj\u00fck elk\u00fcldeni <strong>2012. m\u00e1rcius 15-ig<\/strong> az al\u00e1bb c\u00edmre: kovacs.eszter@semmelweis-univ.hu vagy<\/p>\n<p>Semmelweis Egyetem Kov\u00e1cs Eszter, 1085 BP. \u00dcll\u0151i \u00fat 26.<\/p>\n<p>A be\u00e9rkezett p\u00e1ly\u00e1zatokat szakmai \u00e9s egyetemi vezet\u0151s\u00e9gb\u0151l \u00e1ll\u00f3 b\u00edr\u00e1l\u00f3 bizotts\u00e1g legk\u00e9s\u0151bb <strong>2011. m\u00e1jus 15-ig b\u00edr\u00e1lja el<\/strong>.<\/p>\n<p><strong>A D\u00edj \u00e1tad\u00e1s\u00e1ra a 2012. j\u00faliusi Semmelweis Napon ker\u00fcl sor.<\/strong><\/p>\n","protected":false},"excerpt":{"rendered":"<p>A Semmelweis Egyetem az eg\u00e9szs\u00e9g\u00fcgyet \u00e9s az eg\u00e9szs\u00e9gtudom\u00e1nyt \u00e9rint\u0151 \u00fajs\u00e1g\u00edr\u00e1s, h\u00edrk\u00f6zl\u00e9s \u00e9s t\u00e1j\u00e9koztat\u00e1s ter\u00fclet\u00e9n ny\u00fajtott kiemelked\u0151 teljes\u00edtm\u00e9ny elismer\u00e9s\u00e9re SEMMELWEIS M\u00c9DIA D\u00cdJAT \u00e9s SEMMELWEIS H\u00cdRSZERKESZT\u0150I D\u00cdJAT alap\u00edtott. D\u00edjak \u00f6ssz\u00e9rt\u00e9ke: brutt\u00f3 400.000,- Ft A d\u00edjat azok az \u00fajs\u00e1g\u00edr\u00f3k, m\u00e9diaszakemberek kaphatj\u00e1k, akik a Semmelweis Egyetem \u00a0tev\u00e9kenys\u00e9gi k\u00f6r\u00e9be tartoz\u00f3, az egyetem tev\u00e9kenys\u00e9g\u00e9t bemutat\u00f3, eg\u00e9szs\u00e9g\u00fcgyi \u00e9s tudom\u00e1nyos \u00fajs\u00e1g\u00edr\u00e1st, illetve ismeretterjeszt\u00e9st &hellip;<\/p>\n","protected":false},"author":155,"featured_media":0,"comment_status":"closed","ping_status":"open","sticky":false,"template":"","format":"standard","meta":{"_acf_changed":false,"footnotes":""},"categories":[5],"tags":[734],"class_list":["post-11078","post","type-post","status-publish","format-standard","hentry","category-cikkek","tag-kozlemeny"],"acf":[],"_links":{"self":[{"href":"https:\/\/semmelweis.hu\/mediasarok\/wp-json\/wp\/v2\/posts\/11078","targetHints":{"allow":["GET"]}}],"collection":[{"href":"https:\/\/semmelweis.hu\/mediasarok\/wp-json\/wp\/v2\/posts"}],"about":[{"href":"https:\/\/semmelweis.hu\/mediasarok\/wp-json\/wp\/v2\/types\/post"}],"author":[{"embeddable":true,"href":"https:\/\/semmelweis.hu\/mediasarok\/wp-json\/wp\/v2\/users\/155"}],"replies":[{"embeddable":true,"href":"https:\/\/semmelweis.hu\/mediasarok\/wp-json\/wp\/v2\/comments?post=11078"}],"version-history":[{"count":1,"href":"https:\/\/semmelweis.hu\/mediasarok\/wp-json\/wp\/v2\/posts\/11078\/revisions"}],"predecessor-version":[{"id":93592,"href":"https:\/\/semmelweis.hu\/mediasarok\/wp-json\/wp\/v2\/posts\/11078\/revisions\/93592"}],"wp:attachment":[{"href":"https:\/\/semmelweis.hu\/mediasarok\/wp-json\/wp\/v2\/media?parent=11078"}],"wp:term":[{"taxonomy":"category","embeddable":true,"href":"https:\/\/semmelweis.hu\/mediasarok\/wp-json\/wp\/v2\/categories?post=11078"},{"taxonomy":"post_tag","embeddable":true,"href":"https:\/\/semmelweis.hu\/mediasarok\/wp-json\/wp\/v2\/tags?post=11078"}],"curies":[{"name":"wp","href":"https:\/\/api.w.org\/{rel}","templated":true}]}}