{"id":110588,"date":"2020-12-15T07:40:50","date_gmt":"2020-12-15T06:40:50","guid":{"rendered":"https:\/\/semmelweis.hu\/mediasarok\/?p=110588"},"modified":"2020-12-14T18:06:39","modified_gmt":"2020-12-14T17:06:39","slug":"visszaeles-a-semmelweis-egyetem-es-dr-merkely-bela-rektor-nevevel-kozlemeny-2020-december-15","status":"publish","type":"post","link":"https:\/\/semmelweis.hu\/mediasarok\/2020\/12\/15\/visszaeles-a-semmelweis-egyetem-es-dr-merkely-bela-rektor-nevevel-kozlemeny-2020-december-15\/","title":{"rendered":"Vissza\u00e9l\u00e9s a Semmelweis Egyetem \u00e9s dr. Merkely B\u00e9la rektor nev\u00e9vel &#8211; k\u00f6zlem\u00e9ny 2020. december 15."},"content":{"rendered":"<p>Ism\u00e9t vissza\u00e9ltek a Semmelweis Egyetem nev\u00e9vel. Ez alkalommal az egyetem V\u00e1rosmajori Sz\u00edv- \u00e9s \u00c9rgy\u00f3gy\u00e1szati Klinik\u00e1j\u00e1ra, valamint a klinika vezet\u0151j\u00e9re, dr. Merkely B\u00e9la rektorra hivatkozva olyan szert rekl\u00e1moznak, amely azt \u00edg\u00e9ri, hogy megtiszt\u00edtja a v\u00e9rereket, \u00e9s ezzel meghosszabb\u00edtja az \u00e9letet, megakad\u00e1lyozva a magas v\u00e9rnyom\u00e1s kialakul\u00e1s\u00e1t. Az online fel\u00fcleten el\u00e9rhet\u0151 cikk hamisan azt a l\u00e1tszatot kelti, hogy a k\u00e9sz\u00edtm\u00e9nyt az egyetemi klinik\u00e1n fejlesztett\u00e9k ki \u00e9s val\u00f3tlan \u00e1linterj\u00fat k\u00f6z\u00f6l fot\u00f3val egy\u00fctt dr. Merkely B\u00e9la rektorral, klinikaigazgat\u00f3val. A Semmelweis Egyetem a vissza\u00e9l\u00e9s miatt megteszi a sz\u00fcks\u00e9ges l\u00e9p\u00e9seket, de addig k\u00e9rj\u00fck, hogy gy\u00f3gyhat\u00e1s\u00fa k\u00e9sz\u00edtm\u00e9nyeket kiz\u00e1r\u00f3lag Magyarorsz\u00e1gon enged\u00e9lyezett helyr\u0151l, leg\u00e1lis forr\u00e1sb\u00f3l, orvosukkal val\u00f3 konzult\u00e1ci\u00f3 ut\u00e1n szerezzenek be a fogyaszt\u00f3k. A biztons\u00e1gos gy\u00f3gyszerv\u00e1s\u00e1rl\u00e1shoz seg\u00edts\u00e9get ny\u00fajt a<a href=\"https:\/\/www.ogyei.gov.hu\/megbizhat%C3%B3_gyogyszer\/\">z Orsz\u00e1gos Gy\u00f3gyszer\u00e9szeti \u00e9s \u00c9lelmez\u00e9s-eg\u00e9szs\u00e9g\u00fcgyi Int\u00e9zet (OGY\u00c9I) honlapj\u00e1n olvashat\u00f3 \u00f6sszefoglal\u00f3<\/a>.<\/p>\n","protected":false},"excerpt":{"rendered":"<p>Ism\u00e9t vissza\u00e9ltek a Semmelweis Egyetem nev\u00e9vel. Ez alkalommal az egyetem V\u00e1rosmajori Sz\u00edv- \u00e9s \u00c9rgy\u00f3gy\u00e1szati Klinik\u00e1j\u00e1ra, valamint a klinika vezet\u0151j\u00e9re, dr. Merkely B\u00e9la rektorra hivatkozva olyan szert rekl\u00e1moznak, amely azt \u00edg\u00e9ri, hogy megtiszt\u00edtja a v\u00e9rereket, \u00e9s ezzel meghosszabb\u00edtja az \u00e9letet, megakad\u00e1lyozva a magas v\u00e9rnyom\u00e1s kialakul\u00e1s\u00e1t. Az online fel\u00fcleten el\u00e9rhet\u0151 cikk hamisan azt a l\u00e1tszatot kelti, hogy &hellip;<\/p>\n","protected":false},"author":155,"featured_media":0,"comment_status":"closed","ping_status":"closed","sticky":false,"template":"","format":"standard","meta":{"_acf_changed":false,"footnotes":""},"categories":[5],"tags":[734],"class_list":["post-110588","post","type-post","status-publish","format-standard","hentry","category-cikkek","tag-kozlemeny"],"acf":[],"_links":{"self":[{"href":"https:\/\/semmelweis.hu\/mediasarok\/wp-json\/wp\/v2\/posts\/110588","targetHints":{"allow":["GET"]}}],"collection":[{"href":"https:\/\/semmelweis.hu\/mediasarok\/wp-json\/wp\/v2\/posts"}],"about":[{"href":"https:\/\/semmelweis.hu\/mediasarok\/wp-json\/wp\/v2\/types\/post"}],"author":[{"embeddable":true,"href":"https:\/\/semmelweis.hu\/mediasarok\/wp-json\/wp\/v2\/users\/155"}],"replies":[{"embeddable":true,"href":"https:\/\/semmelweis.hu\/mediasarok\/wp-json\/wp\/v2\/comments?post=110588"}],"version-history":[{"count":1,"href":"https:\/\/semmelweis.hu\/mediasarok\/wp-json\/wp\/v2\/posts\/110588\/revisions"}],"predecessor-version":[{"id":110589,"href":"https:\/\/semmelweis.hu\/mediasarok\/wp-json\/wp\/v2\/posts\/110588\/revisions\/110589"}],"wp:attachment":[{"href":"https:\/\/semmelweis.hu\/mediasarok\/wp-json\/wp\/v2\/media?parent=110588"}],"wp:term":[{"taxonomy":"category","embeddable":true,"href":"https:\/\/semmelweis.hu\/mediasarok\/wp-json\/wp\/v2\/categories?post=110588"},{"taxonomy":"post_tag","embeddable":true,"href":"https:\/\/semmelweis.hu\/mediasarok\/wp-json\/wp\/v2\/tags?post=110588"}],"curies":[{"name":"wp","href":"https:\/\/api.w.org\/{rel}","templated":true}]}}