{"id":1102,"date":"2011-02-09T13:38:01","date_gmt":"2011-02-09T12:38:01","guid":{"rendered":"http:\/\/mediasarok.sote.hu\/multimedia\/kepek\/sziv-ct-atadas\/"},"modified":"2020-03-31T12:21:41","modified_gmt":"2020-03-31T10:21:41","slug":"sziv-ct-atadas-2","status":"publish","type":"post","link":"https:\/\/semmelweis.hu\/mediasarok\/2011\/02\/09\/sziv-ct-atadas-2\/","title":{"rendered":"Sz\u00edv-CT \u00e1tad\u00e1s"},"content":{"rendered":"<p>Egy nap helyett ak\u00e1r 1 \u00f3ra alatt is elk\u00e9sz\u00fclhet a vizsg\u00e1lat, s\u0151t a diagn\u00f3zis is a Semmelweis Egyetem (SE) \u00faj sz\u00edv CT-j\u00e9vel, az egyetem Kardiol\u00f3giai K\u00f6zpontj\u00e1ban. A Kutat\u00f3 Egyetemi t\u00e1mogat\u00e1s keret\u00e9b\u0151l megv\u00e1s\u00e1rolt berendez\u00e9s helyettes\u00edtheti az \u00e9rfest\u00e9ses sz\u00edvkat\u00e9terez\u00e9st. fot\u00f3k: D. Kiss Bal\u00e1zs<\/p>\n\r\n        [slb_exclude]\r\n        <div class=\"row galeria-wrapper mx-0 h-auto\">\r\n            <div class=\"col-9 pl-0 pr-2\">\r\n            <span class=\"gallery-item frame\">\r\n\t\t\t\t<div class=\"galeria-left-img\"><a href=\"https:\/\/semmelweis.hu\/mediasarok\/files\/2011\/02\/szivkep.jpg\"><img src=https:\/\/semmelweis.hu\/mediasarok\/files\/2011\/02\/szivkep.jpg  \r\n                            alt=\"\" \r\n                            class=\"attachment-sote-gallery-big size-sote-gallery-big\" \r\n                            srcset=\"https:\/\/semmelweis.hu\/mediasarok\/files\/2011\/02\/szivkep-290x300.jpg 290w, https:\/\/semmelweis.hu\/mediasarok\/files\/2011\/02\/szivkep.jpg 581w\" ><\/a><\/div>\r\n            <\/span>\r\n\r\n            <\/div>\r\n\r\n\t\t\t<div class=\"col-3 pl-0 pr-0\">\r\n\t\t\t\t<div class=\"galeria-right-img d-flex justify-content-between flex-column h-100 w-100 px-0 mx-0 \">\r\n                <div class=\"galeria-box\">\r\n\t\t\t\t\t<h3 class=\"galeria-title\">Gal\u00e9ria<\/h3>\r\n\t\t\t\t\t<div class=\"galeria-subtitle\">\r\n\r\n\t\t\t\t\t\t<div class=\"galeria-page-counter\"><span>8<\/span>k\u00e9p<\/div>\r\n                    <\/div> <\/div>\r\n                    <span class=\"gallery-item frame d-none d-md-flex\">\r\n\t\t\t\t\t<div class=\"galeria-small-img mt-0\"><a href=\"https:\/\/semmelweis.hu\/mediasarok\/files\/2011\/02\/szivct.jpg\"><img src=https:\/\/semmelweis.hu\/mediasarok\/files\/2011\/02\/szivct.jpg \r\n                                alt=\"\"  \r\n                                class=\"attachment-sote-gallery-small size-sote-gallery-small\" \r\n                                srcset=\"https:\/\/semmelweis.hu\/mediasarok\/files\/2011\/02\/szivct-289x300.jpg 289w, https:\/\/semmelweis.hu\/mediasarok\/files\/2011\/02\/szivct.jpg 579w\" ><\/a><\/div>\r\n                    <\/span>\r\n                    <span class=\"gallery-item frame d-none d-md-flex\">\r\n\t\t\t\t\t<div class=\"galeria-small-img mt-0\"><a href=\"https:\/\/semmelweis.hu\/mediasarok\/files\/2011\/02\/img_5684-masolata.jpg\"><img src=https:\/\/semmelweis.hu\/mediasarok\/files\/2011\/02\/img_5684-masolata.jpg \r\n                                alt=\"\" \r\n                                class=\"attachment-sote-gallery-small size-sote-gallery-small\" \r\n                                srcset=\"https:\/\/semmelweis.hu\/mediasarok\/files\/2011\/02\/img_5684-masolata-300x240.jpg 300w, https:\/\/semmelweis.hu\/mediasarok\/files\/2011\/02\/img_5684-masolata-1024x820.jpg 1024w, https:\/\/semmelweis.hu\/mediasarok\/files\/2011\/02\/img_5684-masolata-374x300.jpg 374w\" ><\/a><\/div>\r\n                    <\/span>\r\n\r\n                <\/div>\r\n\r\n            <\/div>\r\n\r\n            <span class=\"gallery-item\"><div class=\"hidden\"><a href=\"https:\/\/semmelweis.hu\/mediasarok\/files\/2011\/02\/img_5683-masolata.jpg\">\r\n        <img src=https:\/\/semmelweis.hu\/mediasarok\/files\/2011\/02\/img_5683-masolata.jpg alt=\"\" class=\"attachment-sote-gallery-big size-sote-gallery-big\" srcset=\"https:\/\/semmelweis.hu\/mediasarok\/files\/2011\/02\/img_5683-masolata-300x200.jpg 300w, https:\/\/semmelweis.hu\/mediasarok\/files\/2011\/02\/img_5683-masolata-1024x682.jpg 1024w, https:\/\/semmelweis.hu\/mediasarok\/files\/2011\/02\/img_5683-masolata-450x300.jpg 450w\" >\r\n        <\/a><\/div><\/span><span class=\"gallery-item\"><div class=\"hidden\"><a href=\"https:\/\/semmelweis.hu\/mediasarok\/files\/2011\/02\/img_5655_0.jpg\">\r\n        <img src=https:\/\/semmelweis.hu\/mediasarok\/files\/2011\/02\/img_5655_0.jpg alt=\"\" class=\"attachment-sote-gallery-big size-sote-gallery-big\" srcset=\"https:\/\/semmelweis.hu\/mediasarok\/files\/2011\/02\/img_5655_0-300x200.jpg 300w, https:\/\/semmelweis.hu\/mediasarok\/files\/2011\/02\/img_5655_0-1024x682.jpg 1024w, https:\/\/semmelweis.hu\/mediasarok\/files\/2011\/02\/img_5655_0-450x300.jpg 450w\" >\r\n        <\/a><\/div><\/span><span class=\"gallery-item\"><div class=\"hidden\"><a href=\"https:\/\/semmelweis.hu\/mediasarok\/files\/2011\/02\/img_5630.jpg\">\r\n        <img src=https:\/\/semmelweis.hu\/mediasarok\/files\/2011\/02\/img_5630.jpg alt=\"Dr. Maurovich Horv\u00e1t P\u00e1l\" class=\"attachment-sote-gallery-big size-sote-gallery-big\" srcset=\"https:\/\/semmelweis.hu\/mediasarok\/files\/2011\/02\/img_5630-200x300.jpg 200w, https:\/\/semmelweis.hu\/mediasarok\/files\/2011\/02\/img_5630.jpg 400w\" >\r\n        <\/a><\/div><\/span><span class=\"gallery-item\"><div class=\"hidden\"><a href=\"https:\/\/semmelweis.hu\/mediasarok\/files\/2011\/02\/img_5629-masolata.jpg\">\r\n        <img src=https:\/\/semmelweis.hu\/mediasarok\/files\/2011\/02\/img_5629-masolata.jpg alt=\"Dr. Tulassay Tivadar\" class=\"attachment-sote-gallery-big size-sote-gallery-big\" srcset=\"https:\/\/semmelweis.hu\/mediasarok\/files\/2011\/02\/img_5629-masolata-188x300.jpg 188w, https:\/\/semmelweis.hu\/mediasarok\/files\/2011\/02\/img_5629-masolata.jpg 376w\" >\r\n        <\/a><\/div><\/span><span class=\"gallery-item\"><div class=\"hidden\"><a href=\"https:\/\/semmelweis.hu\/mediasarok\/files\/2011\/02\/img_5620-masolata.jpg\">\r\n        <img src=https:\/\/semmelweis.hu\/mediasarok\/files\/2011\/02\/img_5620-masolata.jpg alt=\"\" class=\"attachment-sote-gallery-big size-sote-gallery-big\" srcset=\"https:\/\/semmelweis.hu\/mediasarok\/files\/2011\/02\/img_5620-masolata-300x207.jpg 300w, https:\/\/semmelweis.hu\/mediasarok\/files\/2011\/02\/img_5620-masolata-433x300.jpg 433w, https:\/\/semmelweis.hu\/mediasarok\/files\/2011\/02\/img_5620-masolata-175x120.jpg 175w, https:\/\/semmelweis.hu\/mediasarok\/files\/2011\/02\/img_5620-masolata.jpg 800w\" >\r\n        <\/a><\/div><\/span>\r\n            <\/div>\r\n\r\n            [\/slb_exclude]\r\n\t\n","protected":false},"excerpt":{"rendered":"<p>Egy nap helyett ak\u00e1r 1 \u00f3ra alatt is elk\u00e9sz\u00fclhet a vizsg\u00e1lat, s\u0151t a diagn\u00f3zis is a Semmelweis Egyetem (SE) \u00faj sz\u00edv CT-j\u00e9vel, az egyetem Kardiol\u00f3giai K\u00f6zpontj\u00e1ban. A Kutat\u00f3 Egyetemi t\u00e1mogat\u00e1s keret\u00e9b\u0151l megv\u00e1s\u00e1rolt berendez\u00e9s helyettes\u00edtheti az \u00e9rfest\u00e9ses sz\u00edvkat\u00e9terez\u00e9st. fot\u00f3k: D. Kiss Bal\u00e1zs<\/p>\n","protected":false},"author":155,"featured_media":45189,"comment_status":"closed","ping_status":"open","sticky":false,"template":"","format":"standard","meta":{"_acf_changed":false,"footnotes":""},"categories":[413],"tags":[728],"class_list":["post-1102","post","type-post","status-publish","format-standard","has-post-thumbnail","hentry","category-galeria","tag-pozitiv"],"acf":[],"_links":{"self":[{"href":"https:\/\/semmelweis.hu\/mediasarok\/wp-json\/wp\/v2\/posts\/1102","targetHints":{"allow":["GET"]}}],"collection":[{"href":"https:\/\/semmelweis.hu\/mediasarok\/wp-json\/wp\/v2\/posts"}],"about":[{"href":"https:\/\/semmelweis.hu\/mediasarok\/wp-json\/wp\/v2\/types\/post"}],"author":[{"embeddable":true,"href":"https:\/\/semmelweis.hu\/mediasarok\/wp-json\/wp\/v2\/users\/155"}],"replies":[{"embeddable":true,"href":"https:\/\/semmelweis.hu\/mediasarok\/wp-json\/wp\/v2\/comments?post=1102"}],"version-history":[{"count":4,"href":"https:\/\/semmelweis.hu\/mediasarok\/wp-json\/wp\/v2\/posts\/1102\/revisions"}],"predecessor-version":[{"id":94202,"href":"https:\/\/semmelweis.hu\/mediasarok\/wp-json\/wp\/v2\/posts\/1102\/revisions\/94202"}],"wp:featuredmedia":[{"embeddable":true,"href":"https:\/\/semmelweis.hu\/mediasarok\/wp-json\/wp\/v2\/media\/45189"}],"wp:attachment":[{"href":"https:\/\/semmelweis.hu\/mediasarok\/wp-json\/wp\/v2\/media?parent=1102"}],"wp:term":[{"taxonomy":"category","embeddable":true,"href":"https:\/\/semmelweis.hu\/mediasarok\/wp-json\/wp\/v2\/categories?post=1102"},{"taxonomy":"post_tag","embeddable":true,"href":"https:\/\/semmelweis.hu\/mediasarok\/wp-json\/wp\/v2\/tags?post=1102"}],"curies":[{"name":"wp","href":"https:\/\/api.w.org\/{rel}","templated":true}]}}