{"id":10942,"date":"2011-11-18T15:18:21","date_gmt":"2011-11-18T14:18:21","guid":{"rendered":"http:\/\/mediasarok.sote.hu\/?p=10942"},"modified":"2024-05-28T08:38:00","modified_gmt":"2024-05-28T06:38:00","slug":"meghivo-sajtotajekoztato-koranyi-projekt","status":"publish","type":"post","link":"https:\/\/semmelweis.hu\/mediasarok\/2011\/11\/18\/meghivo-sajtotajekoztato-koranyi-projekt\/","title":{"rendered":"Megh\u00edv\u00f3: Sajt\u00f3t\u00e1j\u00e9koztat\u00f3 &#8211; Kor\u00e1nyi Projekt"},"content":{"rendered":"<p>Az \u00daj Sz\u00e9chenyi Terv egyik legkiemelked\u0151bb eg\u00e9szs\u00e9g\u00fcgyi projektje az \u00fagynevezett <strong>Kor\u00e1nyi Projekt<\/strong>, amely 8,1 milli\u00e1rd forintos fejleszt\u00e9si t\u00e1mogat\u00e1ssal val\u00f3sul meg. A Nemzeti Er\u0151forr\u00e1s Miniszt\u00e9rium \u00e9s a Semmelweis Egyetem a napokban egy\u00fcttm\u0171k\u00f6d\u00e9si meg\u00e1llapod\u00e1st \u00edrt al\u00e1 a megval\u00f3s\u00edt\u00e1s \u00e9rdek\u00e9ben.<\/p>\n<p style=\"text-align: center\">A Kor\u00e1nyi Projektr\u0151l sajt\u00f3t\u00e1j\u00e9koztat\u00f3t tart :<br \/>\n<strong>R\u00e9thelyi Mikl\u00f3s nemzeti er\u0151forr\u00e1s miniszter <\/strong><\/p>\n<p style=\"text-align: center\">A sajt\u00f3t\u00e1j\u00e9koztat\u00f3n r\u00e9szt vesz:<br \/>\nCserh\u00e1ti P\u00e9ter helyettes \u00e1llamtitk\u00e1r, NEFMI Eg\u00e9szs\u00e9g\u00fcgy\u00e9rt felel\u0151s \u00c1llamtitk\u00e1rs\u00e1g<br \/>\nTulassay Tivadar, a Semmelweis Egyetem rektora<br \/>\nStubnya Guszt\u00e1v, Semmelweis Egyetem strat\u00e9giai f\u0151igazgat\u00f3ja<br \/>\nIv\u00e1dy Vilmos, a Semmelweis Egyetem gazdas\u00e1gi f\u0151igazgat\u00f3 (SE)<\/p>\n<p style=\"text-align: center\">A sajt\u00f3t\u00e1j\u00e9koztat\u00f3 id\u0151pontja:<br \/>\n<strong> 2011. november 21. (h\u00e9tf\u0151) 10.00 \u00f3ra<br \/>\n<\/strong><br \/>\nA sajt\u00f3t\u00e1j\u00e9koztat\u00f3 helysz\u00edne:<br \/>\n<strong>Semmelweis Egyetem K\u00fcls\u0151 Klinikai T\u00f6mbj\u00e9nek udvara<\/strong><br \/>\nBudapest, VIII. ker\u00fclet \u00dcll\u0151i \u00fat 78. 10-es kapu (Klinik\u00e1k metr\u00f3meg\u00e1ll\u00f3n\u00e1l)<\/p>\n<p>Tisztelettel:<\/p>\n<p>Nemzeti Er\u0151forr\u00e1s Miniszt\u00e9rium<br \/>\nSajt\u00f3- \u00e9s Kommunik\u00e1ci\u00f3s Titk\u00e1rs\u00e1g<\/p>\n<p>KMOP 4.3.1\/A_2-09-2F-2010-0001<br \/>\n<a href=\"http:\/\/mediasarok.sote.hu\/10942\/meghivo-sajtotajekoztato-koranyi-projekt\/tamop-esza\/\" rel=\"attachment wp-att-10943\"><img loading=\"lazy\" decoding=\"async\" class=\"aligncenter size-large wp-image-10943\" src=\"https:\/\/semmelweis.hu\/wp-content\/blogs.dir\/106\/files\/2011\/11\/T\u00c1MOP-ESZA-1024x206.jpg\" alt=\"\" width=\"640\" height=\"128\" srcset=\"https:\/\/semmelweis.hu\/mediasarok\/files\/2011\/11\/T\u00c1MOP-ESZA-1024x206.jpg 1024w, https:\/\/semmelweis.hu\/mediasarok\/files\/2011\/11\/T\u00c1MOP-ESZA-300x60.jpg 300w, https:\/\/semmelweis.hu\/mediasarok\/files\/2011\/11\/T\u00c1MOP-ESZA-580x116.jpg 580w\" sizes=\"auto, (max-width: 640px) 100vw, 640px\" \/><\/a><\/p>\n","protected":false},"excerpt":{"rendered":"<p>Az \u00daj Sz\u00e9chenyi Terv egyik legkiemelked\u0151bb eg\u00e9szs\u00e9g\u00fcgyi projektje az \u00fagynevezett Kor\u00e1nyi Projekt, amely 8,1 milli\u00e1rd forintos fejleszt\u00e9si t\u00e1mogat\u00e1ssal val\u00f3sul meg. A Nemzeti Er\u0151forr\u00e1s Miniszt\u00e9rium \u00e9s a Semmelweis Egyetem a napokban egy\u00fcttm\u0171k\u00f6d\u00e9si meg\u00e1llapod\u00e1st \u00edrt al\u00e1 a megval\u00f3s\u00edt\u00e1s \u00e9rdek\u00e9ben. A Kor\u00e1nyi Projektr\u0151l sajt\u00f3t\u00e1j\u00e9koztat\u00f3t tart : R\u00e9thelyi Mikl\u00f3s nemzeti er\u0151forr\u00e1s miniszter A sajt\u00f3t\u00e1j\u00e9koztat\u00f3n r\u00e9szt vesz: Cserh\u00e1ti P\u00e9ter helyettes &hellip;<\/p>\n","protected":false},"author":155,"featured_media":10951,"comment_status":"closed","ping_status":"open","sticky":false,"template":"","format":"standard","meta":{"_acf_changed":false,"footnotes":""},"categories":[5],"tags":[733],"class_list":["post-10942","post","type-post","status-publish","format-standard","has-post-thumbnail","hentry","category-cikkek","tag-meghivo"],"acf":[],"_links":{"self":[{"href":"https:\/\/semmelweis.hu\/mediasarok\/wp-json\/wp\/v2\/posts\/10942","targetHints":{"allow":["GET"]}}],"collection":[{"href":"https:\/\/semmelweis.hu\/mediasarok\/wp-json\/wp\/v2\/posts"}],"about":[{"href":"https:\/\/semmelweis.hu\/mediasarok\/wp-json\/wp\/v2\/types\/post"}],"author":[{"embeddable":true,"href":"https:\/\/semmelweis.hu\/mediasarok\/wp-json\/wp\/v2\/users\/155"}],"replies":[{"embeddable":true,"href":"https:\/\/semmelweis.hu\/mediasarok\/wp-json\/wp\/v2\/comments?post=10942"}],"version-history":[{"count":1,"href":"https:\/\/semmelweis.hu\/mediasarok\/wp-json\/wp\/v2\/posts\/10942\/revisions"}],"predecessor-version":[{"id":93596,"href":"https:\/\/semmelweis.hu\/mediasarok\/wp-json\/wp\/v2\/posts\/10942\/revisions\/93596"}],"wp:featuredmedia":[{"embeddable":true,"href":"https:\/\/semmelweis.hu\/mediasarok\/wp-json\/wp\/v2\/media\/10951"}],"wp:attachment":[{"href":"https:\/\/semmelweis.hu\/mediasarok\/wp-json\/wp\/v2\/media?parent=10942"}],"wp:term":[{"taxonomy":"category","embeddable":true,"href":"https:\/\/semmelweis.hu\/mediasarok\/wp-json\/wp\/v2\/categories?post=10942"},{"taxonomy":"post_tag","embeddable":true,"href":"https:\/\/semmelweis.hu\/mediasarok\/wp-json\/wp\/v2\/tags?post=10942"}],"curies":[{"name":"wp","href":"https:\/\/api.w.org\/{rel}","templated":true}]}}