{"id":104926,"date":"2020-06-15T09:44:12","date_gmt":"2020-06-15T07:44:12","guid":{"rendered":"https:\/\/semmelweis.hu\/mediasarok\/?p=104926"},"modified":"2025-02-27T12:29:58","modified_gmt":"2025-02-27T11:29:58","slug":"a-gyermekkori-prevenciora-fokuszal-a-semmelweis-egeszseg-napok-juniusi-programja","status":"publish","type":"post","link":"https:\/\/semmelweis.hu\/mediasarok\/2020\/06\/15\/a-gyermekkori-prevenciora-fokuszal-a-semmelweis-egeszseg-napok-juniusi-programja\/","title":{"rendered":"A gyermekkori prevenci\u00f3ra f\u00f3kusz\u00e1l a Semmelweis Eg\u00e9szs\u00e9g Napok j\u00faniusi programja"},"content":{"rendered":"<div class=\"lead\">Mi\u00e9rt fontos a gyermekek eset\u00e9ben is figyelemmel k\u00eds\u00e9rni a test jelz\u00e9seit? Mit \u00fczenhetnek p\u00e9ld\u00e1ul a nyirokcsom\u00f3k v\u00e1ltoz\u00e1sai? Mit vegy\u00fcnk be allergia eset\u00e9n, \u00e9s mi\u00e9rt van sz\u00fcks\u00e9g\u00fcnk a vitaminokra a Covid-19 j\u00e1rv\u00e1ny id\u0151szak\u00e1ban? A digit\u00e1lis form\u00e1ban \u00fajraindul\u00f3 Semmelweis Eg\u00e9szs\u00e9g Napok j\u00fanius 25-i alkalm\u00e1n ezekre a k\u00e9rd\u00e9sekre is v\u00e1laszt kaphatnak az \u00e9rdekl\u0151d\u0151k a II. Sz. Gyermekgy\u00f3gy\u00e1szati Klinika programj\u00e1n a virtu\u00e1lis t\u00e9rben.<\/div>\n<p>A j\u00e1rv\u00e1ny\u00fcgyi helyzet miatt n\u00e9h\u00e1ny h\u00f3napos kihagy\u00e1s ut\u00e1n online folytat\u00f3dik a Semmelweis Egyetem 250. \u00e9ves fenn\u00e1ll\u00e1sa alkalm\u00e1b\u00f3l ind\u00edtott lakoss\u00e1gi prevenci\u00f3s programsorozat, a Semmelweis Eg\u00e9szs\u00e9g Napok. A j\u00fanius 25-\u00e9n 16-20 \u00f3ra k\u00f6z\u00f6tt rendezett esem\u00e9nyen ez\u00fattal a gyermekkori prevenci\u00f3 ker\u00fcl a k\u00f6z\u00e9ppontba: az onkol\u00f3giai betegs\u00e9gek korai felismer\u00e9s\u00e9r\u0151l, a leggyakoribb mozg\u00e1sszervi elv\u00e1ltoz\u00e1sokr\u00f3l, a cukorbetegs\u00e9gr\u0151l, valamint az egyre t\u00f6bb gyermeket \u00e9rint\u0151 elh\u00edz\u00e1sr\u00f3l is t\u00e1j\u00e9koz\u00f3dhatnak az \u00e9rdekl\u0151d\u0151k, akiket a hi\u00e1nyp\u00f3tl\u00f3 el\u0151ad\u00e1sokon t\u00fal, interakt\u00edv tan\u00e1csad\u00e1ssal \u00e9s hasznos kisfilmekkel v\u00e1rnak az egyetem I. \u00e9s II. Sz. Gyermekgy\u00f3gy\u00e1szati Klinik\u00e1j\u00e1nak szakemberei.<\/p>\n\r\n        [slb_exclude]\r\n        <div class=\"row galeria-wrapper mx-0 h-auto\">\r\n            <div class=\"col-9 pl-0 pr-2\">\r\n            <span class=\"gallery-item frame\">\r\n\t\t\t\t<div class=\"galeria-left-img\"><a href=\"https:\/\/semmelweis.hu\/mediasarok\/files\/2020\/06\/RS7051_20110707-IMG_2274-scr.jpg\"><img src=https:\/\/semmelweis.hu\/mediasarok\/files\/2020\/06\/RS7051_20110707-IMG_2274-scr.jpg  \r\n                            alt=\"\" \r\n                            class=\"attachment-sote-gallery-big size-sote-gallery-big\" \r\n                            srcset=\"https:\/\/semmelweis.hu\/mediasarok\/files\/2020\/06\/RS7051_20110707-IMG_2274-scr-400x267.jpg 400w, https:\/\/semmelweis.hu\/mediasarok\/files\/2020\/06\/RS7051_20110707-IMG_2274-scr-768x512.jpg 768w, https:\/\/semmelweis.hu\/mediasarok\/files\/2020\/06\/RS7051_20110707-IMG_2274-scr-753x502.jpg 753w, https:\/\/semmelweis.hu\/mediasarok\/files\/2020\/06\/RS7051_20110707-IMG_2274-scr-203x135.jpg 203w, https:\/\/semmelweis.hu\/mediasarok\/files\/2020\/06\/RS7051_20110707-IMG_2274-scr.jpg 950w\" ><\/a><\/div>\r\n            <\/span>\r\n\r\n            <\/div>\r\n\r\n\t\t\t<div class=\"col-3 pl-0 pr-0\">\r\n\t\t\t\t<div class=\"galeria-right-img d-flex justify-content-between flex-column h-100 w-100 px-0 mx-0 \">\r\n                <div class=\"galeria-box\">\r\n\t\t\t\t\t<h3 class=\"galeria-title\">Gal\u00e9ria<\/h3>\r\n\t\t\t\t\t<div class=\"galeria-subtitle\">\r\n\r\n\t\t\t\t\t\t<div class=\"galeria-page-counter\"><span>6<\/span>k\u00e9p<\/div>\r\n                    <\/div> <\/div>\r\n                    <span class=\"gallery-item frame d-none d-md-flex\">\r\n\t\t\t\t\t<div class=\"galeria-small-img mt-0\"><a href=\"https:\/\/semmelweis.hu\/mediasarok\/files\/2020\/06\/RS7085_20110707-IMG_2005-scr.jpg\"><img src=https:\/\/semmelweis.hu\/mediasarok\/files\/2020\/06\/RS7085_20110707-IMG_2005-scr.jpg \r\n                                alt=\"\"  \r\n                                class=\"attachment-sote-gallery-small size-sote-gallery-small\" \r\n                                srcset=\"https:\/\/semmelweis.hu\/mediasarok\/files\/2020\/06\/RS7085_20110707-IMG_2005-scr-400x267.jpg 400w, https:\/\/semmelweis.hu\/mediasarok\/files\/2020\/06\/RS7085_20110707-IMG_2005-scr-768x512.jpg 768w, https:\/\/semmelweis.hu\/mediasarok\/files\/2020\/06\/RS7085_20110707-IMG_2005-scr-753x502.jpg 753w, https:\/\/semmelweis.hu\/mediasarok\/files\/2020\/06\/RS7085_20110707-IMG_2005-scr-203x135.jpg 203w, https:\/\/semmelweis.hu\/mediasarok\/files\/2020\/06\/RS7085_20110707-IMG_2005-scr.jpg 950w\" ><\/a><\/div>\r\n                    <\/span>\r\n                    <span class=\"gallery-item frame d-none d-md-flex\">\r\n\t\t\t\t\t<div class=\"galeria-small-img mt-0\"><a href=\"https:\/\/semmelweis.hu\/mediasarok\/files\/2020\/06\/RS46873_KA-20160316-KA__5007-scr.jpg\"><img src=https:\/\/semmelweis.hu\/mediasarok\/files\/2020\/06\/RS46873_KA-20160316-KA__5007-scr.jpg \r\n                                alt=\"\" \r\n                                class=\"attachment-sote-gallery-small size-sote-gallery-small\" \r\n                                srcset=\"https:\/\/semmelweis.hu\/mediasarok\/files\/2020\/06\/RS46873_KA-20160316-KA__5007-scr-400x267.jpg 400w, https:\/\/semmelweis.hu\/mediasarok\/files\/2020\/06\/RS46873_KA-20160316-KA__5007-scr-768x512.jpg 768w, https:\/\/semmelweis.hu\/mediasarok\/files\/2020\/06\/RS46873_KA-20160316-KA__5007-scr-753x502.jpg 753w, https:\/\/semmelweis.hu\/mediasarok\/files\/2020\/06\/RS46873_KA-20160316-KA__5007-scr-203x135.jpg 203w, https:\/\/semmelweis.hu\/mediasarok\/files\/2020\/06\/RS46873_KA-20160316-KA__5007-scr.jpg 950w\" ><\/a><\/div>\r\n                    <\/span>\r\n\r\n                <\/div>\r\n\r\n            <\/div>\r\n\r\n            <span class=\"gallery-item\"><div class=\"hidden\"><a href=\"https:\/\/semmelweis.hu\/mediasarok\/files\/2020\/06\/RS83166_KA-20180628-KA__6953-scr.jpg\">\r\n        <img src=https:\/\/semmelweis.hu\/mediasarok\/files\/2020\/06\/RS83166_KA-20180628-KA__6953-scr.jpg alt=\"\" class=\"attachment-sote-gallery-big size-sote-gallery-big\" srcset=\"https:\/\/semmelweis.hu\/mediasarok\/files\/2020\/06\/RS83166_KA-20180628-KA__6953-scr-400x267.jpg 400w, https:\/\/semmelweis.hu\/mediasarok\/files\/2020\/06\/RS83166_KA-20180628-KA__6953-scr-768x512.jpg 768w, https:\/\/semmelweis.hu\/mediasarok\/files\/2020\/06\/RS83166_KA-20180628-KA__6953-scr-753x502.jpg 753w, https:\/\/semmelweis.hu\/mediasarok\/files\/2020\/06\/RS83166_KA-20180628-KA__6953-scr-203x135.jpg 203w, https:\/\/semmelweis.hu\/mediasarok\/files\/2020\/06\/RS83166_KA-20180628-KA__6953-scr.jpg 950w\" >\r\n        <\/a><\/div><\/span><span class=\"gallery-item\"><div class=\"hidden\"><a href=\"https:\/\/semmelweis.hu\/mediasarok\/files\/2020\/06\/RS18095_20130322-IMG_2390-vercukormeres-scr.jpg\">\r\n        <img src=https:\/\/semmelweis.hu\/mediasarok\/files\/2020\/06\/RS18095_20130322-IMG_2390-vercukormeres-scr.jpg alt=\"\" class=\"attachment-sote-gallery-big size-sote-gallery-big\" srcset=\"https:\/\/semmelweis.hu\/mediasarok\/files\/2020\/06\/RS18095_20130322-IMG_2390-vercukormeres-scr-400x250.jpg 400w, https:\/\/semmelweis.hu\/mediasarok\/files\/2020\/06\/RS18095_20130322-IMG_2390-vercukormeres-scr-768x479.jpg 768w, https:\/\/semmelweis.hu\/mediasarok\/files\/2020\/06\/RS18095_20130322-IMG_2390-vercukormeres-scr-753x470.jpg 753w, https:\/\/semmelweis.hu\/mediasarok\/files\/2020\/06\/RS18095_20130322-IMG_2390-vercukormeres-scr.jpg 950w\" >\r\n        <\/a><\/div><\/span><span class=\"gallery-item\"><div class=\"hidden\"><a href=\"https:\/\/semmelweis.hu\/mediasarok\/files\/2020\/06\/RS7061_20110707-IMG_2255-scr.jpg\">\r\n        <img src=https:\/\/semmelweis.hu\/mediasarok\/files\/2020\/06\/RS7061_20110707-IMG_2255-scr.jpg alt=\"\" class=\"attachment-sote-gallery-big size-sote-gallery-big\" srcset=\"https:\/\/semmelweis.hu\/mediasarok\/files\/2020\/06\/RS7061_20110707-IMG_2255-scr-400x267.jpg 400w, https:\/\/semmelweis.hu\/mediasarok\/files\/2020\/06\/RS7061_20110707-IMG_2255-scr-768x512.jpg 768w, https:\/\/semmelweis.hu\/mediasarok\/files\/2020\/06\/RS7061_20110707-IMG_2255-scr-753x502.jpg 753w, https:\/\/semmelweis.hu\/mediasarok\/files\/2020\/06\/RS7061_20110707-IMG_2255-scr-203x135.jpg 203w, https:\/\/semmelweis.hu\/mediasarok\/files\/2020\/06\/RS7061_20110707-IMG_2255-scr.jpg 950w\" >\r\n        <\/a><\/div><\/span>\r\n            <\/div>\r\n\r\n            [\/slb_exclude]\r\n\t\n<p>\nSz\u00f3 lesz t\u00f6bbek k\u00f6z\u00f6tt a gyermekkori onkol\u00f3giai betegs\u00e9gek jellemz\u0151 t\u00fcneteir\u0151l, a kezel\u00e9si lehet\u0151s\u00e9gekr\u0151l, \u00e9s arr\u00f3l is, hogy mi\u00e9rt fontos figyelemmel k\u00eds\u00e9rni a nyirokcsom\u00f3k v\u00e1ltoz\u00e1sait. Hasznos inform\u00e1ci\u00f3kat tudhatnak meg a r\u00e9sztvev\u0151k a leggyakoribb gyermekeket \u00e9rint\u0151 mozg\u00e1sszervi betegs\u00e9gek kialakul\u00e1s\u00e1r\u00f3l, \u00e9s az id\u0151ben megkezdett kezel\u00e9s fontoss\u00e1g\u00e1r\u00f3l, az elh\u00edz\u00e1s genetikai h\u00e1tter\u00e9r\u0151l, a D-vitamin immunol\u00f3giai szerep\u00e9r\u0151l, \u00e9s arr\u00f3l is, hogyan lehet teljes \u00e9letet \u00e9lni a diab\u00e9tesszel. A kromosz\u00f3m\u00e1k csod\u00e1latos vil\u00e1g\u00e1ba mikroszk\u00f3pos bemutat\u00f3val sz\u00ednes\u00edtett el\u0151ad\u00e1s r\u00e9v\u00e9n nyerhetnek betekint\u00e9st az \u00e9rdekl\u0151d\u0151k. Az eg\u00e9szs\u00e9ges \u00e9letm\u00f3dra is t\u00f6bb prezent\u00e1ci\u00f3 f\u00f3kusz\u00e1l majd: p\u00e9ld\u00e1ul, hogy mit\u0151l lesz kiegyens\u00falyozott a gyermekek \u00e9trendje, mire j\u00f3 az okost\u00e1ny\u00e9r, kell-e h\u00fast enn\u00fcnk ahhoz, hogy ne legy\u00fcnk v\u00e9rszeg\u00e9nyek, illetve, hogy mire haszn\u00e1ljuk, \u00e9s mikor ker\u00fclj\u00fck a kalciumot.<\/p>\n<p>A rendezv\u00e9ny vend\u00e9gel\u0151ad\u00f3jak\u00e9nt dr. Zacher G\u00e1bor toxikol\u00f3gus, a k\u00e1b\u00edt\u00f3szerhaszn\u00e1lat vesz\u00e9lyeire h\u00edvja fel a sz\u00fcl\u0151k \u00e9s gyermekek figyelm\u00e9t.<br \/>\nAz interakt\u00edv, lakoss\u00e1gi, n\u00e9peg\u00e9szs\u00e9g\u00fcgyi rendezv\u00e9nysorozaton az el\u0151ad\u00e1sokhoz kapcsol\u00f3d\u00f3an online konzult\u00e1ci\u00f3ra is lehet\u0151s\u00e9g k\u00edn\u00e1lkozik, illetve a gyerekek a sz\u00e1m\u00edt\u00f3g\u00e9p monitorja el\u0151tt egy\u00fctt mozoghatnak a II. Sz. Gyermekgy\u00f3gy\u00e1szati Klinika gy\u00f3gytorn\u00e1szai \u00e1ltal \u00f6ssze\u00e1ll\u00edtott speci\u00e1lis mozdulatsorokra. Az egy \u00e9v alatti bab\u00e1k mozg\u00e1sfejl\u0151d\u00e9s\u00e9vel kapcsolatban is k\u00e9rdezhetik majd a sz\u00fcl\u0151k a szakembereket online tan\u00e1csad\u00e1son, \u00e9s \u00e9letment\u0151 ismeretetekkel is gazdagodhatnak a csecsem\u0151 \u00e9s gyermek \u00fajra\u00e9leszt\u00e9si bemutat\u00f3 r\u00e9v\u00e9n.<\/p>\n<p>\n<strong>Id\u0151pont:<\/strong> 2020. j\u00fanius 25., cs\u00fct\u00f6rt\u00f6k 16:00-20:00 \u00f3ra<br \/>\nA programok regisztr\u00e1ci\u00f3k\u00f6telesek, az online r\u00e9szv\u00e9telhez a Zoom program sz\u00fcks\u00e9ges, melyet a <a href=\"https:\/\/zoom.us\/download\" target=\"_blank\" rel=\"noopener noreferrer\">https:\/\/zoom.us\/download<\/a> oldalr\u00f3l t\u00f6lthet\u0151 le ingyenesen. <br \/>\nA r\u00e9szletes program \u00e9s a regisztr\u00e1ci\u00f3 <a href=\"https:\/\/semmelweis.hu\/250\/semmelweis-egeszseg-napok\/prevencio-a-gyermekgyogyaszatban\/\" target=\"_blank\" rel=\"noopener noreferrer\">ide kattintva \u00e9rhet\u0151 el<\/a>.\u00a0<\/p>\n<p>A k\u00f6zlem\u00e9nyhez kapcsol\u00f3d\u00f3 k\u00e9pek<a href=\"http:\/\/archivum.semmelweis.hu\/?c=2335&amp;k=2d8218b038\" target=\"_blank\" rel=\"noopener noreferrer\">\u00a0innen t\u00f6lthet\u0151k le.<\/a><br \/>\nFot\u00f3k: Kov\u00e1cs Attila \u2013 Semmelweis Egyetem<\/p>\n","protected":false},"excerpt":{"rendered":"<p>Digit\u00e1lis form\u00e1ban indul \u00fajra a Semmelweis Eg\u00e9szs\u00e9g Napok j\u00fanius 25-\u00e9n.<\/p>\n","protected":false},"author":101723,"featured_media":104927,"comment_status":"closed","ping_status":"closed","sticky":false,"template":"","format":"standard","meta":{"_acf_changed":false,"footnotes":""},"categories":[5],"tags":[744,732],"class_list":["post-104926","post","type-post","status-publish","format-standard","has-post-thumbnail","hentry","category-cikkek","tag-semmelweis-egeszseg-napok","tag-temaajanlo"],"acf":[],"_links":{"self":[{"href":"https:\/\/semmelweis.hu\/mediasarok\/wp-json\/wp\/v2\/posts\/104926","targetHints":{"allow":["GET"]}}],"collection":[{"href":"https:\/\/semmelweis.hu\/mediasarok\/wp-json\/wp\/v2\/posts"}],"about":[{"href":"https:\/\/semmelweis.hu\/mediasarok\/wp-json\/wp\/v2\/types\/post"}],"author":[{"embeddable":true,"href":"https:\/\/semmelweis.hu\/mediasarok\/wp-json\/wp\/v2\/users\/101723"}],"replies":[{"embeddable":true,"href":"https:\/\/semmelweis.hu\/mediasarok\/wp-json\/wp\/v2\/comments?post=104926"}],"version-history":[{"count":7,"href":"https:\/\/semmelweis.hu\/mediasarok\/wp-json\/wp\/v2\/posts\/104926\/revisions"}],"predecessor-version":[{"id":104962,"href":"https:\/\/semmelweis.hu\/mediasarok\/wp-json\/wp\/v2\/posts\/104926\/revisions\/104962"}],"wp:featuredmedia":[{"embeddable":true,"href":"https:\/\/semmelweis.hu\/mediasarok\/wp-json\/wp\/v2\/media\/104927"}],"wp:attachment":[{"href":"https:\/\/semmelweis.hu\/mediasarok\/wp-json\/wp\/v2\/media?parent=104926"}],"wp:term":[{"taxonomy":"category","embeddable":true,"href":"https:\/\/semmelweis.hu\/mediasarok\/wp-json\/wp\/v2\/categories?post=104926"},{"taxonomy":"post_tag","embeddable":true,"href":"https:\/\/semmelweis.hu\/mediasarok\/wp-json\/wp\/v2\/tags?post=104926"}],"curies":[{"name":"wp","href":"https:\/\/api.w.org\/{rel}","templated":true}]}}