{"id":10305,"date":"2011-11-04T14:57:23","date_gmt":"2011-11-04T13:57:23","guid":{"rendered":"http:\/\/mediasarok.sote.hu\/multimedia\/kepek\/eurotransplant\/"},"modified":"2020-03-31T12:21:06","modified_gmt":"2020-03-31T10:21:06","slug":"eurotransplant","status":"publish","type":"post","link":"https:\/\/semmelweis.hu\/mediasarok\/2011\/11\/04\/eurotransplant\/","title":{"rendered":"Eurotransplant csatlakoz\u00e1s, Transzplant\u00e1ci\u00f3s \u00e9s Seb\u00e9szeti Klinika"},"content":{"rendered":"<p>Magyarorsz\u00e1g csatlakozott az Eurotransplanthoz, mialatt k\u00f6zel harminc orvos \u00e9s kutat\u00f3 tart el\u0151ad\u00e1st a XX. Semmelweis Szimp\u00f3ziumon. \/K\u00e9pek a rendezv\u00e9nyr\u0151l, valamint Transzplant\u00e1ci\u00f3s \u00e9s Seb\u00e9szeti Klinika esem\u00e9nyeir\u0151l<\/p>\n\r\n        [slb_exclude]\r\n        <div class=\"row galeria-wrapper mx-0 h-auto\">\r\n            <div class=\"col-9 pl-0 pr-2\">\r\n            <span class=\"gallery-item frame\">\r\n\t\t\t\t<div class=\"galeria-left-img\"><a href=\"https:\/\/semmelweis.hu\/mediasarok\/files\/2011\/11\/semmelweissymposium-2.jpg\"><img src=https:\/\/semmelweis.hu\/mediasarok\/files\/2011\/11\/semmelweissymposium-2.jpg  \r\n                            alt=\"Semmelweis Symposyum 2012\" \r\n                            class=\"attachment-sote-gallery-big size-sote-gallery-big\" \r\n                            srcset=\"https:\/\/semmelweis.hu\/mediasarok\/files\/2011\/11\/semmelweissymposium-2-300x198.jpg 300w, https:\/\/semmelweis.hu\/mediasarok\/files\/2011\/11\/semmelweissymposium-2-453x300.jpg 453w, https:\/\/semmelweis.hu\/mediasarok\/files\/2011\/11\/semmelweissymposium-2.jpg 800w\" ><\/a><\/div>\r\n            <\/span>\r\n\r\n            <\/div>\r\n\r\n\t\t\t<div class=\"col-3 pl-0 pr-0\">\r\n\t\t\t\t<div class=\"galeria-right-img d-flex justify-content-between flex-column h-100 w-100 px-0 mx-0 \">\r\n                <div class=\"galeria-box\">\r\n\t\t\t\t\t<h3 class=\"galeria-title\">Gal\u00e9ria<\/h3>\r\n\t\t\t\t\t<div class=\"galeria-subtitle\">\r\n\r\n\t\t\t\t\t\t<div class=\"galeria-page-counter\"><span>22<\/span>k\u00e9p<\/div>\r\n                    <\/div> <\/div>\r\n                    <span class=\"gallery-item frame d-none d-md-flex\">\r\n\t\t\t\t\t<div class=\"galeria-small-img mt-0\"><a href=\"https:\/\/semmelweis.hu\/mediasarok\/files\/2011\/11\/semmelweissymposium-3.jpg\"><img src=https:\/\/semmelweis.hu\/mediasarok\/files\/2011\/11\/semmelweissymposium-3.jpg \r\n                                alt=\"Semmelweis Symposyum 2012\"  \r\n                                class=\"attachment-sote-gallery-small size-sote-gallery-small\" \r\n                                srcset=\"https:\/\/semmelweis.hu\/mediasarok\/files\/2011\/11\/semmelweissymposium-3-300x199.jpg 300w, https:\/\/semmelweis.hu\/mediasarok\/files\/2011\/11\/semmelweissymposium-3-450x300.jpg 450w, https:\/\/semmelweis.hu\/mediasarok\/files\/2011\/11\/semmelweissymposium-3.jpg 800w\" ><\/a><\/div>\r\n                    <\/span>\r\n                    <span class=\"gallery-item frame d-none d-md-flex\">\r\n\t\t\t\t\t<div class=\"galeria-small-img mt-0\"><a href=\"https:\/\/semmelweis.hu\/mediasarok\/files\/2011\/11\/20110921-vese_transzplantacio-img_4465.jpg\"><img src=https:\/\/semmelweis.hu\/mediasarok\/files\/2011\/11\/20110921-vese_transzplantacio-img_4465.jpg \r\n                                alt=\"Vesetranszplant\u00e1ci\u00f3\" \r\n                                class=\"attachment-sote-gallery-small size-sote-gallery-small\" \r\n                                srcset=\"https:\/\/semmelweis.hu\/mediasarok\/files\/2011\/11\/20110921-vese_transzplantacio-img_4465-300x200.jpg 300w, https:\/\/semmelweis.hu\/mediasarok\/files\/2011\/11\/20110921-vese_transzplantacio-img_4465-449x300.jpg 449w, https:\/\/semmelweis.hu\/mediasarok\/files\/2011\/11\/20110921-vese_transzplantacio-img_4465.jpg 1024w\" ><\/a><\/div>\r\n                    <\/span>\r\n\r\n                <\/div>\r\n\r\n            <\/div>\r\n\r\n            <span class=\"gallery-item\"><div class=\"hidden\"><a href=\"https:\/\/semmelweis.hu\/mediasarok\/files\/2011\/11\/20110921-vese_transzplantacio-img_4461.jpg\">\r\n        <img src=https:\/\/semmelweis.hu\/mediasarok\/files\/2011\/11\/20110921-vese_transzplantacio-img_4461.jpg alt=\"Vesetranszplant\u00e1ci\u00f3\" class=\"attachment-sote-gallery-big size-sote-gallery-big\" srcset=\"https:\/\/semmelweis.hu\/mediasarok\/files\/2011\/11\/20110921-vese_transzplantacio-img_4461-207x300.jpg 207w, https:\/\/semmelweis.hu\/mediasarok\/files\/2011\/11\/20110921-vese_transzplantacio-img_4461-707x1024.jpg 707w, https:\/\/semmelweis.hu\/mediasarok\/files\/2011\/11\/20110921-vese_transzplantacio-img_4461.jpg 1024w\" >\r\n        <\/a><\/div><\/span><span class=\"gallery-item\"><div class=\"hidden\"><a href=\"https:\/\/semmelweis.hu\/mediasarok\/files\/2011\/11\/20110921-vese_transzplantacio-img_4389.jpg\">\r\n        <img src=https:\/\/semmelweis.hu\/mediasarok\/files\/2011\/11\/20110921-vese_transzplantacio-img_4389.jpg alt=\"Vesetranszplant\u00e1ci\u00f3\" class=\"attachment-sote-gallery-big size-sote-gallery-big\" srcset=\"https:\/\/semmelweis.hu\/mediasarok\/files\/2011\/11\/20110921-vese_transzplantacio-img_4389-200x300.jpg 200w, https:\/\/semmelweis.hu\/mediasarok\/files\/2011\/11\/20110921-vese_transzplantacio-img_4389-682x1024.jpg 682w, https:\/\/semmelweis.hu\/mediasarok\/files\/2011\/11\/20110921-vese_transzplantacio-img_4389.jpg 1024w\" >\r\n        <\/a><\/div><\/span><span class=\"gallery-item\"><div class=\"hidden\"><a href=\"https:\/\/semmelweis.hu\/mediasarok\/files\/2011\/11\/20110921-vese_transzplantacio-img_4312.jpg\">\r\n        <img src=https:\/\/semmelweis.hu\/mediasarok\/files\/2011\/11\/20110921-vese_transzplantacio-img_4312.jpg alt=\"Vesetranszplant\u00e1ci\u00f3\" class=\"attachment-sote-gallery-big size-sote-gallery-big\" srcset=\"https:\/\/semmelweis.hu\/mediasarok\/files\/2011\/11\/20110921-vese_transzplantacio-img_4312-200x300.jpg 200w, https:\/\/semmelweis.hu\/mediasarok\/files\/2011\/11\/20110921-vese_transzplantacio-img_4312-682x1024.jpg 682w, https:\/\/semmelweis.hu\/mediasarok\/files\/2011\/11\/20110921-vese_transzplantacio-img_4312.jpg 1024w\" >\r\n        <\/a><\/div><\/span><span class=\"gallery-item\"><div class=\"hidden\"><a href=\"https:\/\/semmelweis.hu\/mediasarok\/files\/2011\/11\/20110921-vese_transzplantacio-img_4190.jpg\">\r\n        <img src=https:\/\/semmelweis.hu\/mediasarok\/files\/2011\/11\/20110921-vese_transzplantacio-img_4190.jpg alt=\"Transzplant\u00e1ci\u00f3s \u00e9s Seb\u00e9szeti Klinika m\u0171t\u0151\" class=\"attachment-sote-gallery-big size-sote-gallery-big\" srcset=\"https:\/\/semmelweis.hu\/mediasarok\/files\/2011\/11\/20110921-vese_transzplantacio-img_4190-300x200.jpg 300w, https:\/\/semmelweis.hu\/mediasarok\/files\/2011\/11\/20110921-vese_transzplantacio-img_4190-449x300.jpg 449w, https:\/\/semmelweis.hu\/mediasarok\/files\/2011\/11\/20110921-vese_transzplantacio-img_4190.jpg 1024w\" >\r\n        <\/a><\/div><\/span><span class=\"gallery-item\"><div class=\"hidden\"><a href=\"https:\/\/semmelweis.hu\/mediasarok\/files\/2011\/11\/img_9954.jpg\">\r\n        <img src=https:\/\/semmelweis.hu\/mediasarok\/files\/2011\/11\/img_9954.jpg alt=\"Transzplant\u00e1ci\u00f3s \u00e9s Seb\u00e9szeti Klinika\" class=\"attachment-sote-gallery-big size-sote-gallery-big\" srcset=\"https:\/\/semmelweis.hu\/mediasarok\/files\/2011\/11\/img_9954-199x300.jpg 199w, https:\/\/semmelweis.hu\/mediasarok\/files\/2011\/11\/img_9954-682x1024.jpg 682w\" >\r\n        <\/a><\/div><\/span><span class=\"gallery-item\"><div class=\"hidden\"><a href=\"https:\/\/semmelweis.hu\/mediasarok\/files\/2011\/11\/img_9948.jpg\">\r\n        <img src=https:\/\/semmelweis.hu\/mediasarok\/files\/2011\/11\/img_9948.jpg alt=\"Transzplant\u00e1ci\u00f3s \u00e9s Seb\u00e9szeti Klinika\" class=\"attachment-sote-gallery-big size-sote-gallery-big\" srcset=\"https:\/\/semmelweis.hu\/mediasarok\/files\/2011\/11\/img_9948-300x300.jpg 300w, https:\/\/semmelweis.hu\/mediasarok\/files\/2011\/11\/img_9948-150x150.jpg 150w, https:\/\/semmelweis.hu\/mediasarok\/files\/2011\/11\/img_9948-1024x1024.jpg 1024w, https:\/\/semmelweis.hu\/mediasarok\/files\/2011\/11\/img_9948-90x90.jpg 90w, https:\/\/semmelweis.hu\/mediasarok\/files\/2011\/11\/img_9948.jpg 2040w\" >\r\n        <\/a><\/div><\/span><span class=\"gallery-item\"><div class=\"hidden\"><a href=\"https:\/\/semmelweis.hu\/mediasarok\/files\/2011\/11\/img_9941.jpg\">\r\n        <img src=https:\/\/semmelweis.hu\/mediasarok\/files\/2011\/11\/img_9941.jpg alt=\"Transzplant\u00e1ci\u00f3s \u00e9s Seb\u00e9szeti Klinika\" class=\"attachment-sote-gallery-big size-sote-gallery-big\" srcset=\"https:\/\/semmelweis.hu\/mediasarok\/files\/2011\/11\/img_9941-199x300.jpg 199w, https:\/\/semmelweis.hu\/mediasarok\/files\/2011\/11\/img_9941-682x1024.jpg 682w\" >\r\n        <\/a><\/div><\/span><span class=\"gallery-item\"><div class=\"hidden\"><a href=\"https:\/\/semmelweis.hu\/mediasarok\/files\/2011\/11\/img_0106.jpg\">\r\n        <img src=https:\/\/semmelweis.hu\/mediasarok\/files\/2011\/11\/img_0106.jpg alt=\"Transzplant\u00e1ci\u00f3s \u00e9s Seb\u00e9szeti Klinika\" class=\"attachment-sote-gallery-big size-sote-gallery-big\" srcset=\"https:\/\/semmelweis.hu\/mediasarok\/files\/2011\/11\/img_0106-200x300.jpg 200w, https:\/\/semmelweis.hu\/mediasarok\/files\/2011\/11\/img_0106-682x1024.jpg 682w\" >\r\n        <\/a><\/div><\/span><span class=\"gallery-item\"><div class=\"hidden\"><a href=\"https:\/\/semmelweis.hu\/mediasarok\/files\/2011\/11\/img_0090.jpg\">\r\n        <img src=https:\/\/semmelweis.hu\/mediasarok\/files\/2011\/11\/img_0090.jpg alt=\"Transzplant\u00e1ci\u00f3s \u00e9s Seb\u00e9szeti Klinika\" class=\"attachment-sote-gallery-big size-sote-gallery-big\" srcset=\"https:\/\/semmelweis.hu\/mediasarok\/files\/2011\/11\/img_0090-300x200.jpg 300w, https:\/\/semmelweis.hu\/mediasarok\/files\/2011\/11\/img_0090-1024x682.jpg 1024w, https:\/\/semmelweis.hu\/mediasarok\/files\/2011\/11\/img_0090-449x300.jpg 449w\" >\r\n        <\/a><\/div><\/span><span class=\"gallery-item\"><div class=\"hidden\"><a href=\"https:\/\/semmelweis.hu\/mediasarok\/files\/2011\/11\/img_0057.jpg\">\r\n        <img src=https:\/\/semmelweis.hu\/mediasarok\/files\/2011\/11\/img_0057.jpg alt=\"Transzplant\u00e1ci\u00f3s \u00e9s Seb\u00e9szeti Klinika m\u0171t\u0151\" class=\"attachment-sote-gallery-big size-sote-gallery-big\" srcset=\"https:\/\/semmelweis.hu\/mediasarok\/files\/2011\/11\/img_0057-300x200.jpg 300w, https:\/\/semmelweis.hu\/mediasarok\/files\/2011\/11\/img_0057-1024x682.jpg 1024w, https:\/\/semmelweis.hu\/mediasarok\/files\/2011\/11\/img_0057-450x300.jpg 450w\" >\r\n        <\/a><\/div><\/span><span class=\"gallery-item\"><div class=\"hidden\"><a href=\"https:\/\/semmelweis.hu\/mediasarok\/files\/2011\/11\/eurotranszplant_sajttaj-4.jpg\">\r\n        <img src=https:\/\/semmelweis.hu\/mediasarok\/files\/2011\/11\/eurotranszplant_sajttaj-4.jpg alt=\"Eurotranslplant sajt\u00f3tj\u00e1k\u00e9koztat\u00f3\" class=\"attachment-sote-gallery-big size-sote-gallery-big\" srcset=\"https:\/\/semmelweis.hu\/mediasarok\/files\/2011\/11\/eurotranszplant_sajttaj-4-300x200.jpg 300w, https:\/\/semmelweis.hu\/mediasarok\/files\/2011\/11\/eurotranszplant_sajttaj-4-1024x682.jpg 1024w, https:\/\/semmelweis.hu\/mediasarok\/files\/2011\/11\/eurotranszplant_sajttaj-4-450x300.jpg 450w\" >\r\n        <\/a><\/div><\/span><span class=\"gallery-item\"><div class=\"hidden\"><a href=\"https:\/\/semmelweis.hu\/mediasarok\/files\/2011\/11\/eurotranszplant_sajttaj-2.jpg\">\r\n        <img src=https:\/\/semmelweis.hu\/mediasarok\/files\/2011\/11\/eurotranszplant_sajttaj-2.jpg alt=\"Eurotranslplant sajt\u00f3tj\u00e1k\u00e9koztat\u00f3\" class=\"attachment-sote-gallery-big size-sote-gallery-big\" srcset=\"https:\/\/semmelweis.hu\/mediasarok\/files\/2011\/11\/eurotranszplant_sajttaj-2-300x200.jpg 300w, https:\/\/semmelweis.hu\/mediasarok\/files\/2011\/11\/eurotranszplant_sajttaj-2-1024x682.jpg 1024w, https:\/\/semmelweis.hu\/mediasarok\/files\/2011\/11\/eurotranszplant_sajttaj-2-450x300.jpg 450w\" >\r\n        <\/a><\/div><\/span><span class=\"gallery-item\"><div class=\"hidden\"><a href=\"https:\/\/semmelweis.hu\/mediasarok\/files\/2011\/11\/eurotranszplant_sajttaj-11.jpg\">\r\n        <img src=https:\/\/semmelweis.hu\/mediasarok\/files\/2011\/11\/eurotranszplant_sajttaj-11.jpg alt=\"Eurotranslplant sajt\u00f3tj\u00e1k\u00e9koztat\u00f3\" class=\"attachment-sote-gallery-big size-sote-gallery-big\" srcset=\"https:\/\/semmelweis.hu\/mediasarok\/files\/2011\/11\/eurotranszplant_sajttaj-11-300x200.jpg 300w, https:\/\/semmelweis.hu\/mediasarok\/files\/2011\/11\/eurotranszplant_sajttaj-11-1024x682.jpg 1024w, https:\/\/semmelweis.hu\/mediasarok\/files\/2011\/11\/eurotranszplant_sajttaj-11-450x300.jpg 450w\" >\r\n        <\/a><\/div><\/span><span class=\"gallery-item\"><div class=\"hidden\"><a href=\"https:\/\/semmelweis.hu\/mediasarok\/files\/2011\/11\/tulassay_tivadar2.jpg\">\r\n        <img src=https:\/\/semmelweis.hu\/mediasarok\/files\/2011\/11\/tulassay_tivadar2.jpg alt=\"Dr. Tulassay Tivadar\" class=\"attachment-sote-gallery-big size-sote-gallery-big\" srcset=\"https:\/\/semmelweis.hu\/mediasarok\/files\/2011\/11\/tulassay_tivadar2-200x300.jpg 200w, https:\/\/semmelweis.hu\/mediasarok\/files\/2011\/11\/tulassay_tivadar2-682x1024.jpg 682w, https:\/\/semmelweis.hu\/mediasarok\/files\/2011\/11\/tulassay_tivadar2.jpg 800w\" >\r\n        <\/a><\/div><\/span><span class=\"gallery-item\"><div class=\"hidden\"><a href=\"https:\/\/semmelweis.hu\/mediasarok\/files\/2011\/11\/tulassay_tivadar1.jpg\">\r\n        <img src=https:\/\/semmelweis.hu\/mediasarok\/files\/2011\/11\/tulassay_tivadar1.jpg alt=\"Dr. Tulassay Tivadar\" class=\"attachment-sote-gallery-big size-sote-gallery-big\" srcset=\"https:\/\/semmelweis.hu\/mediasarok\/files\/2011\/11\/tulassay_tivadar1-200x300.jpg 200w, https:\/\/semmelweis.hu\/mediasarok\/files\/2011\/11\/tulassay_tivadar1-682x1024.jpg 682w, https:\/\/semmelweis.hu\/mediasarok\/files\/2011\/11\/tulassay_tivadar1.jpg 1024w\" >\r\n        <\/a><\/div><\/span><span class=\"gallery-item\"><div class=\"hidden\"><a href=\"https:\/\/semmelweis.hu\/mediasarok\/files\/2011\/11\/langer_robert_portre.jpg\">\r\n        <img src=https:\/\/semmelweis.hu\/mediasarok\/files\/2011\/11\/langer_robert_portre.jpg alt=\"Dr. Langer R\u00f3bert\" class=\"attachment-sote-gallery-big size-sote-gallery-big\" srcset=\"https:\/\/semmelweis.hu\/mediasarok\/files\/2011\/11\/langer_robert_portre-200x300.jpg 200w, https:\/\/semmelweis.hu\/mediasarok\/files\/2011\/11\/langer_robert_portre-682x1024.jpg 682w, https:\/\/semmelweis.hu\/mediasarok\/files\/2011\/11\/langer_robert_portre.jpg 1024w\" >\r\n        <\/a><\/div><\/span><span class=\"gallery-item\"><div class=\"hidden\"><a href=\"https:\/\/semmelweis.hu\/mediasarok\/files\/2011\/11\/bruno_meiser-9.jpg\">\r\n        <img src=https:\/\/semmelweis.hu\/mediasarok\/files\/2011\/11\/bruno_meiser-9.jpg alt=\"Dr. Bruno Meiser\t\" class=\"attachment-sote-gallery-big size-sote-gallery-big\" srcset=\"https:\/\/semmelweis.hu\/mediasarok\/files\/2011\/11\/bruno_meiser-9-300x199.jpg 300w, https:\/\/semmelweis.hu\/mediasarok\/files\/2011\/11\/bruno_meiser-9-450x300.jpg 450w, https:\/\/semmelweis.hu\/mediasarok\/files\/2011\/11\/bruno_meiser-9.jpg 800w\" >\r\n        <\/a><\/div><\/span><span class=\"gallery-item\"><div class=\"hidden\"><a href=\"https:\/\/semmelweis.hu\/mediasarok\/files\/2011\/11\/bruno_meiser-7.jpg\">\r\n        <img src=https:\/\/semmelweis.hu\/mediasarok\/files\/2011\/11\/bruno_meiser-7.jpg alt=\"Dr. Bruno Meiser\t\" class=\"attachment-sote-gallery-big size-sote-gallery-big\" srcset=\"\" >\r\n        <\/a><\/div><\/span><span class=\"gallery-item\"><div class=\"hidden\"><a href=\"https:\/\/semmelweis.hu\/mediasarok\/files\/2011\/11\/bruno_meiser-4.jpg\">\r\n        <img src=https:\/\/semmelweis.hu\/mediasarok\/files\/2011\/11\/bruno_meiser-4.jpg alt=\"Dr. Bruno Meiser \u00e9s Dr. Langer R\u00f3bert\" class=\"attachment-sote-gallery-big size-sote-gallery-big\" srcset=\"https:\/\/semmelweis.hu\/mediasarok\/files\/2011\/11\/bruno_meiser-4-300x199.jpg 300w, https:\/\/semmelweis.hu\/mediasarok\/files\/2011\/11\/bruno_meiser-4-450x300.jpg 450w, https:\/\/semmelweis.hu\/mediasarok\/files\/2011\/11\/bruno_meiser-4.jpg 800w\" >\r\n        <\/a><\/div><\/span>\r\n            <\/div>\r\n\r\n            [\/slb_exclude]\r\n\t\n","protected":false},"excerpt":{"rendered":"<p>Magyarorsz\u00e1g csatlakozott az Eurotransplanthoz, mialatt k\u00f6zel harminc orvos \u00e9s kutat\u00f3 tart el\u0151ad\u00e1st a XX. Semmelweis Szimp\u00f3ziumon. \/K\u00e9pek a rendezv\u00e9nyr\u0151l, valamint Transzplant\u00e1ci\u00f3s \u00e9s Seb\u00e9szeti Klinika esem\u00e9nyeir\u0151l<\/p>\n","protected":false},"author":12,"featured_media":27049,"comment_status":"closed","ping_status":"open","sticky":false,"template":"","format":"standard","meta":{"_acf_changed":false,"footnotes":""},"categories":[413],"tags":[728],"class_list":["post-10305","post","type-post","status-publish","format-standard","has-post-thumbnail","hentry","category-galeria","tag-pozitiv"],"acf":[],"_links":{"self":[{"href":"https:\/\/semmelweis.hu\/mediasarok\/wp-json\/wp\/v2\/posts\/10305","targetHints":{"allow":["GET"]}}],"collection":[{"href":"https:\/\/semmelweis.hu\/mediasarok\/wp-json\/wp\/v2\/posts"}],"about":[{"href":"https:\/\/semmelweis.hu\/mediasarok\/wp-json\/wp\/v2\/types\/post"}],"author":[{"embeddable":true,"href":"https:\/\/semmelweis.hu\/mediasarok\/wp-json\/wp\/v2\/users\/12"}],"replies":[{"embeddable":true,"href":"https:\/\/semmelweis.hu\/mediasarok\/wp-json\/wp\/v2\/comments?post=10305"}],"version-history":[{"count":7,"href":"https:\/\/semmelweis.hu\/mediasarok\/wp-json\/wp\/v2\/posts\/10305\/revisions"}],"predecessor-version":[{"id":94166,"href":"https:\/\/semmelweis.hu\/mediasarok\/wp-json\/wp\/v2\/posts\/10305\/revisions\/94166"}],"wp:featuredmedia":[{"embeddable":true,"href":"https:\/\/semmelweis.hu\/mediasarok\/wp-json\/wp\/v2\/media\/27049"}],"wp:attachment":[{"href":"https:\/\/semmelweis.hu\/mediasarok\/wp-json\/wp\/v2\/media?parent=10305"}],"wp:term":[{"taxonomy":"category","embeddable":true,"href":"https:\/\/semmelweis.hu\/mediasarok\/wp-json\/wp\/v2\/categories?post=10305"},{"taxonomy":"post_tag","embeddable":true,"href":"https:\/\/semmelweis.hu\/mediasarok\/wp-json\/wp\/v2\/tags?post=10305"}],"curies":[{"name":"wp","href":"https:\/\/api.w.org\/{rel}","templated":true}]}}