{"id":102070,"date":"2020-04-02T12:33:35","date_gmt":"2020-04-02T10:33:35","guid":{"rendered":"http:\/\/semmelweis.hu\/mediasarok\/?p=102070"},"modified":"2020-04-02T12:33:56","modified_gmt":"2020-04-02T10:33:56","slug":"helyreigazitas","status":"publish","type":"post","link":"https:\/\/semmelweis.hu\/mediasarok\/2020\/04\/02\/helyreigazitas\/","title":{"rendered":"Helyreigaz\u00edt\u00e1s"},"content":{"rendered":"<div id=\"GroupWiseSection_1585823285000_dobozi.palma@semmelweis-univ.hu_08797E0118BF0000B518000000000000_\" class=\"GroupWiseMessageBody active\">A Semmelweis Egyetem c\u00e1folja a qubit.hu 2020. \u00e1prilis 2-ai cikk\u00e9nek t\u00f6bb \u00e1ll\u00edt\u00e1s\u00e1t is, amelyeket n\u00e9vtelen forr\u00e1sra hivatkozva k\u00f6z\u00f6lt az \u00fajs\u00e1g\u00edr\u00f3. A port\u00e1l cikk\u00e9ben szerepl\u0151 inform\u00e1ci\u00f3kkal ellent\u00e9tben nem igaz, hogy csak m\u00e1rcius 25-\u00e9n kezdt\u00e9k tesztelni a Neurol\u00f3giai Klinika munkat\u00e1rsait. Val\u00f3tlan a cikk azon \u00e1ll\u00edt\u00e1sa is, miszerint k\u00e9t oszt\u00e1lyt be kellett z\u00e1rni a Klinik\u00e1n. Ahogy a lapnak 2020. \u00e1prilis 1-j\u00e9n 10.55-kor k\u00fcld\u00f6tt hivatalos v\u00e1laszunkban is szerepel: a klinika munkat\u00e1rsai nem oktatt\u00e1k azokat az ir\u00e1ni gy\u00f3gyszer\u00e9szhallgat\u00f3kat, akiknek m\u00e1rcius elej\u00e9n els\u0151k k\u00f6z\u00f6tt lett pozit\u00edv a koronav\u00edrus tesztje. <\/div>\n<div>\u00a0<\/div>\n<div class=\"GroupWiseMessageBody active\">Az egyetem rektor\u00e1nak utas\u00edt\u00e1s\u00e1ra t\u00f6bb l\u00e9pcs\u0151ben a klinika valamennyi munkat\u00e1rs\u00e1n\u00e1l elv\u00e9gezt\u00e9k a vizsg\u00e1latot, \u00edgy m\u00e9g a betegs\u00e9g korai szakasz\u00e1ban tudtak azonos\u00edtani n\u00e9h\u00e1ny fert\u0151z\u00f6ttet, m\u00e1rcius 26. \u00f3ta nem tudunk \u00fajabb megbeteged\u00e9sr\u0151l. <br \/>\nA Semmelweis Egyetem minden helyzetben t\u00f6rekszik a hiteles \u00e9s gyors t\u00e1j\u00e9koztat\u00e1sra, ahogy azt jelen esetben is megtett\u00fck. A jelenlegi j\u00e1rv\u00e1ny\u00fcgyi helyzetben k\u00fcl\u00f6n\u00f6sen etik\u00e1tlannak \u00e9s szakmailag nem megengedhet\u0151nek tartjuk a p\u00e1nikkelt\u0151 \u00e9s ellen\u0151rizetlen inform\u00e1ci\u00f3k megjelentet\u00e9s\u00e9t.<\/div>\n","protected":false},"excerpt":{"rendered":"<p>A Semmelweis Egyetem c\u00e1folja a qubit.hu 2020. \u00e1prilis 2-ai cikk\u00e9nek t\u00f6bb \u00e1ll\u00edt\u00e1s\u00e1t is.<\/p>\n","protected":false},"author":155,"featured_media":0,"comment_status":"closed","ping_status":"closed","sticky":false,"template":"","format":"standard","meta":{"_acf_changed":false,"footnotes":""},"categories":[5],"tags":[734],"class_list":["post-102070","post","type-post","status-publish","format-standard","hentry","category-cikkek","tag-kozlemeny"],"acf":[],"_links":{"self":[{"href":"https:\/\/semmelweis.hu\/mediasarok\/wp-json\/wp\/v2\/posts\/102070","targetHints":{"allow":["GET"]}}],"collection":[{"href":"https:\/\/semmelweis.hu\/mediasarok\/wp-json\/wp\/v2\/posts"}],"about":[{"href":"https:\/\/semmelweis.hu\/mediasarok\/wp-json\/wp\/v2\/types\/post"}],"author":[{"embeddable":true,"href":"https:\/\/semmelweis.hu\/mediasarok\/wp-json\/wp\/v2\/users\/155"}],"replies":[{"embeddable":true,"href":"https:\/\/semmelweis.hu\/mediasarok\/wp-json\/wp\/v2\/comments?post=102070"}],"version-history":[{"count":2,"href":"https:\/\/semmelweis.hu\/mediasarok\/wp-json\/wp\/v2\/posts\/102070\/revisions"}],"predecessor-version":[{"id":102072,"href":"https:\/\/semmelweis.hu\/mediasarok\/wp-json\/wp\/v2\/posts\/102070\/revisions\/102072"}],"wp:attachment":[{"href":"https:\/\/semmelweis.hu\/mediasarok\/wp-json\/wp\/v2\/media?parent=102070"}],"wp:term":[{"taxonomy":"category","embeddable":true,"href":"https:\/\/semmelweis.hu\/mediasarok\/wp-json\/wp\/v2\/categories?post=102070"},{"taxonomy":"post_tag","embeddable":true,"href":"https:\/\/semmelweis.hu\/mediasarok\/wp-json\/wp\/v2\/tags?post=102070"}],"curies":[{"name":"wp","href":"https:\/\/api.w.org\/{rel}","templated":true}]}}