{"id":100089,"date":"2020-01-27T12:02:37","date_gmt":"2020-01-27T11:02:37","guid":{"rendered":"http:\/\/semmelweis.hu\/mediasarok\/?p=100089"},"modified":"2020-01-27T13:55:59","modified_gmt":"2020-01-27T12:55:59","slug":"parkinson-kor-mozgasfejlesztessel-javithato-az-eletminoseg","status":"publish","type":"post","link":"https:\/\/semmelweis.hu\/mediasarok\/2020\/01\/27\/parkinson-kor-mozgasfejlesztessel-javithato-az-eletminoseg\/","title":{"rendered":"Parkinson-k\u00f3r: mozg\u00e1sfejleszt\u00e9ssel jav\u00edthat\u00f3 az \u00e9letmin\u0151s\u00e9g"},"content":{"rendered":"<p><strong>Ak\u00e1r 15-20 \u00e9ven kereszt\u00fcl k\u00e9pes szinten tartani a fizikai \u00e1llapotot az id\u0151ben megkezdett mozg\u00e1sfejleszt\u00e9s k\u00f6zponti idegrendszeri s\u00e9r\u00fcl\u00e9sek eset\u00e9n. A Semmelweis Egyetem interakt\u00edv, n\u00e9peg\u00e9szs\u00e9g\u00fcgyi tematik\u00e1j\u00fa esem\u00e9nysorozat\u00e1nak k\u00f6vetkez\u0151 rendezv\u00e9ny\u00e9n egyebek mellett a hat\u00e9konyan alkalmazhat\u00f3 kondukt\u00edv pedag\u00f3gi\u00e1val is megismerkedhetnek az \u00e9rdekl\u0151d\u0151k. A Pet\u0151 Andr\u00e1s Kar febru\u00e1r 8-\u00e1n az eg\u00e9sz csal\u00e1dnak k\u00edn\u00e1l \u00e9rdekes programokat: a legkisebbeket m\u0171v\u00e9szetter\u00e1pi\u00e1val \u00e9s k\u00e9szs\u00e9gfejleszt\u0151 j\u00e1tsz\u00f3h\u00e1zzal v\u00e1rj\u00e1k, a feln\u0151ttek pedig t\u00f6bbf\u00e9le el\u0151ad\u00e1son \u00e9s szem\u00e9lyes konzult\u00e1ci\u00f3n, tan\u00e1csad\u00e1son vehetnek r\u00e9szt.<\/strong><\/p>\n<p>A nemzetk\u00f6zi h\u00edr\u0171 magyar orvos \u00e9s mozg\u00e1sterapeuta, Dr. Pet\u0151 Andr\u00e1s a mozg\u00e1ss\u00e9r\u00fclt gyermekek fejleszt\u00e9se mellett nagy hangs\u00falyt fektetett a feln\u0151tt diszfunkci\u00f3sok, mozg\u00e1ss\u00e9r\u00fcltek rehabilit\u00e1ci\u00f3j\u00e1ra is. Az agy plaszticit\u00e1sa id\u0151sebb korban is megmarad, s\u0151t, m\u00e9g s\u00falyos s\u00e9r\u00fcl\u00e9s eset\u00e9n is lehet\u0151s\u00e9g van \u00faj kapcsolatrendszer ki\u00e9p\u00edt\u00e9s\u00e9re, \u00e9s aktivit\u00e1s r\u00e9v\u00e9n bizonyos fok\u00fa \u00f6nregener\u00e1l\u00f3d\u00e1sra. A Parkinson-k\u00f3r komplex kezel\u00e9s\u00e9ben p\u00e9ld\u00e1ul a gy\u00f3gyszeres ter\u00e1pia mellett, vil\u00e1gszerte fontos szerepet kap a mozg\u00e1sfejleszt\u00e9s, de legal\u00e1bb ugyanilyen fontos a rehabilit\u00e1ci\u00f3 sclerosis multiplex (SM) vagy stroke eset\u00e9n is.<\/p>\n<p>A kondukt\u00edv pedag\u00f3gi\u00e1t mint rehabilit\u00e1ci\u00f3s m\u00f3dszert a febru\u00e1r 8-i Semmelweis Eg\u00e9szs\u00e9g Napon ismerhetik meg r\u00e9szletesebben az \u00e9rdekl\u0151d\u0151k. Az SM, Parkinson, af\u00e1zi\u00e1s beteg a csal\u00e1dban c\u00edm\u0171 el\u0151ad\u00e1son kider\u00fcl, milyen \u00e1llapotroml\u00e1sra lehet sz\u00e1m\u00edtani k\u00f6zponti idegrendszeri s\u00e9r\u00fcl\u00e9st k\u00f6vet\u0151en, valamint arr\u00f3l is sz\u00f3 lesz, hogy a rehabilit\u00e1ci\u00f3t hogyan seg\u00edthetik a csal\u00e1dtagok. Az el\u0151ad\u00e1st k\u00f6vet\u0151en szem\u00e9lyes konzult\u00e1ci\u00f3ra, tan\u00e1csad\u00e1sra \u00e9s id\u0151pontfoglal\u00e1sra is lehet\u0151s\u00e9g ny\u00edlik.<\/p>\n<p>A Semmelweis Eg\u00e9szs\u00e9g Napok k\u00f6vetkez\u0151 rendezv\u00e9ny\u00e9n interakt\u00edv el\u0151ad\u00e1s keret\u00e9ben j\u00e1rj\u00e1k k\u00f6rbe az iskola\u00e9retts\u00e9g t\u00e9mak\u00f6r\u00e9t, a r\u00e9sztvev\u0151k kipr\u00f3b\u00e1lhatj\u00e1k, hogy milyen egy val\u00f3di zeneter\u00e1pi\u00e1s foglalkoz\u00e1s, \u00e9s elsaj\u00e1t\u00edthatnak egy otthon vagy irodai k\u00f6rnyezetben is k\u00f6nnyen v\u00e9gezhet\u0151 tart\u00e1sjav\u00edt\u00f3 gerinctorn\u00e1t. A Pet\u0151 Andr\u00e1s Kar szombati programja k\u00fcl\u00f6n\u00f6s hangs\u00falyt fektet az SNI-s gyermekre, valamint t\u00f6bbf\u00e9le tan\u00e1csad\u00e1ssal v\u00e1rja az \u00e9rintett sz\u00fcl\u0151ket \u00e9s csal\u00e1dokat is. A programok egy r\u00e9sz\u00e9re el\u0151zetesen be kell jelentkezni, a regisztr\u00e1ci\u00f3s fel\u00fclet <a href=\"https:\/\/semmelweis.hu\/250\/semmelweis-egeszseg-napok\/budai-egeszseg-napok\/\">itt \u00e9rhet\u0151 el<\/a>.<\/p>\n<p><strong>Id\u0151pont:<\/strong> 2020. febru\u00e1r 8. (szombat) 8:00 \u2013 17:00<br \/>\n<strong>Helysz\u00ednek:<\/strong> Semmelweis Egyetem V\u00e1rosmajori Sz\u00edv- \u00e9s \u00c9rgy\u00f3gy\u00e1szati Klinika (1122 Budapest, V\u00e1rosmajor u. 68.), Pet\u0151 Andr\u00e1s Kar (1125 Budapest, K\u00fatv\u00f6lgyi \u00fat 6.)<\/p>\n","protected":false},"excerpt":{"rendered":"<p>Ak\u00e1r 15-20 \u00e9ven kereszt\u00fcl k\u00e9pes szinten tartani a fizikai \u00e1llapotot az id\u0151ben megkezdett mozg\u00e1sfejleszt\u00e9s k\u00f6zponti idegrendszeri s\u00e9r\u00fcl\u00e9sek eset\u00e9n. A Semmelweis Egyetem interakt\u00edv, n\u00e9peg\u00e9szs\u00e9g\u00fcgyi tematik\u00e1j\u00fa esem\u00e9nysorozat\u00e1nak k\u00f6vetkez\u0151 rendezv\u00e9ny\u00e9n egyebek mellett a hat\u00e9konyan alkalmazhat\u00f3 kondukt\u00edv pedag\u00f3gi\u00e1val is megismerkedhetnek az \u00e9rdekl\u0151d\u0151k. A Pet\u0151 Andr\u00e1s Kar febru\u00e1r 8-\u00e1n az eg\u00e9sz csal\u00e1dnak k\u00edn\u00e1l \u00e9rdekes programokat: a legkisebbeket m\u0171v\u00e9szetter\u00e1pi\u00e1val \u00e9s k\u00e9szs\u00e9gfejleszt\u0151 &hellip;<\/p>\n","protected":false},"author":101405,"featured_media":100100,"comment_status":"closed","ping_status":"closed","sticky":false,"template":"","format":"standard","meta":{"_acf_changed":false,"footnotes":""},"categories":[5],"tags":[732],"class_list":["post-100089","post","type-post","status-publish","format-standard","has-post-thumbnail","hentry","category-cikkek","tag-temaajanlo"],"acf":[],"_links":{"self":[{"href":"https:\/\/semmelweis.hu\/mediasarok\/wp-json\/wp\/v2\/posts\/100089","targetHints":{"allow":["GET"]}}],"collection":[{"href":"https:\/\/semmelweis.hu\/mediasarok\/wp-json\/wp\/v2\/posts"}],"about":[{"href":"https:\/\/semmelweis.hu\/mediasarok\/wp-json\/wp\/v2\/types\/post"}],"author":[{"embeddable":true,"href":"https:\/\/semmelweis.hu\/mediasarok\/wp-json\/wp\/v2\/users\/101405"}],"replies":[{"embeddable":true,"href":"https:\/\/semmelweis.hu\/mediasarok\/wp-json\/wp\/v2\/comments?post=100089"}],"version-history":[{"count":6,"href":"https:\/\/semmelweis.hu\/mediasarok\/wp-json\/wp\/v2\/posts\/100089\/revisions"}],"predecessor-version":[{"id":100110,"href":"https:\/\/semmelweis.hu\/mediasarok\/wp-json\/wp\/v2\/posts\/100089\/revisions\/100110"}],"wp:featuredmedia":[{"embeddable":true,"href":"https:\/\/semmelweis.hu\/mediasarok\/wp-json\/wp\/v2\/media\/100100"}],"wp:attachment":[{"href":"https:\/\/semmelweis.hu\/mediasarok\/wp-json\/wp\/v2\/media?parent=100089"}],"wp:term":[{"taxonomy":"category","embeddable":true,"href":"https:\/\/semmelweis.hu\/mediasarok\/wp-json\/wp\/v2\/categories?post=100089"},{"taxonomy":"post_tag","embeddable":true,"href":"https:\/\/semmelweis.hu\/mediasarok\/wp-json\/wp\/v2\/tags?post=100089"}],"curies":[{"name":"wp","href":"https:\/\/api.w.org\/{rel}","templated":true}]}}