{"id":2011,"date":"2025-08-14T08:17:25","date_gmt":"2025-08-14T06:17:25","guid":{"rendered":"https:\/\/semmelweis.hu\/korhazhigiene\/?p=2011"},"modified":"2025-08-14T08:17:25","modified_gmt":"2025-08-14T06:17:25","slug":"kanyaro","status":"publish","type":"post","link":"https:\/\/semmelweis.hu\/korhazhigiene\/2025\/08\/14\/kanyaro\/","title":{"rendered":"Kanyar\u00f3"},"content":{"rendered":"<p>Tisztelt L\u00e1togat\u00f3!<\/p>\n<div class=\"lead\">A kanyar\u00f3 immunst\u00e1tusz felm\u00e9r\u00e9s 2021.10.31-\u00e9n lez\u00e1rult. Az olt\u00f3anyag felv\u00e9tel\u00e9vel kapcsolatban keresse a klinikai kapcsolattart\u00f3t ill. az egyetemi Foglalkoz\u00e1s Eg\u00e9szs\u00e9g\u00fcgyi Szolg\u00e1latot.<\/div>\n<p style=\"text-align: justify\">Az NNK \u00e9s a BFKH N\u00e9peg\u00e9szs\u00e9g\u00fcgyi F\u0151oszt\u00e1lya a\u00a0<em>1277\/2018 (VI.5.) Korm. hat\u00e1rozatban foglaltak szerint<\/em>\u00a02021j\u00falius\u00e1t\u00f3l v\u00e9gzi az akt\u00edv fekv\u0151beteg ell\u00e1t\u00e1sban r\u00e9sztvev\u0151 eg\u00e9szs\u00e9g\u00fcgyi dolgoz\u00f3k kanyar\u00f3 elleni immunst\u00e1tusz felm\u00e9r\u00e9s\u00e9t, melyben a r\u00e9szv\u00e9tel \u00f6nk\u00e9ntes alapon t\u00f6rt\u00e9nik.<\/p>\n<p style=\"text-align: justify\">A sz\u00fcks\u00e9ges v\u00e9rv\u00e9tel a klinik\u00e1n t\u00f6rt\u00e9nik \u00e9s az alacsony ellenanyag szinttel b\u00edr\u00f3 munkat\u00e1rsak r\u00e9sz\u00e9re kanyar\u00f3 olt\u00f3anyagot biztos\u00edt a BFKH N\u00e9peg\u00e9szs\u00e9g\u00fcgyi F\u0151oszt\u00e1lya.<\/p>\n<p style=\"text-align: justify\">A felm\u00e9r\u00e9s t\u00f6bb \u00fctemben zajlik az al\u00e1bbiak szerint:<\/p>\n<p style=\"text-align: justify\">J\u00faliusban azok jelentkez\u00e9s\u00e9t v\u00e1rj\u00e1k, akik<\/p>\n<ul style=\"text-align: justify\">\n<li>1970.01.01 ut\u00e1n sz\u00fclettek, \u00e9s<\/li>\n<li>v\u00e1rand\u00f3s \u2013 ,<\/li>\n<li>immunhi\u00e1nyos -,<\/li>\n<li>transzplant\u00e1lt betegek illetve,<\/li>\n<li>\u00fajsz\u00fcl\u00f6ttek\/csecsem\u0151k\/k\u00e9t \u00e9ven aluli kisgyermekek ell\u00e1t\u00e1s\u00e1t v\u00e9gzik.<\/li>\n<\/ul>\n<p style=\"text-align: justify\">Augusztust\u00f3l pedig minden \u00f6nk\u00e9nt jelentkez\u0151 munkav\u00e1llal\u00f3nak lehet\u0151s\u00e9ge ny\u00edlik r\u00e9szt venni a felm\u00e9r\u00e9sben.<\/p>\n<p style=\"text-align: justify\">A mintav\u00e9teli id\u0151szak lez\u00e1r\u00e1s\u00e1t k\u00f6vet\u0151en pedig lehet\u0151s\u00e9g ny\u00edlik az olt\u00f3anyag felv\u00e9tel\u00e9re, melyr\u0151l b\u0151vebb inform\u00e1ci\u00f3t az egyetemi Foglalkoz\u00e1s Eg\u00e9szs\u00e9g\u00fcgyi Szolg\u00e1lat fog adni.<\/p>\n<p style=\"text-align: justify\">\u00a0<\/p>\n<p style=\"text-align: justify\">A dedik\u00e1lt mintav\u00e9teli eszk\u00f6z\u00f6k csak korl\u00e1tozott sz\u00e1mban \u00e1llnak rendelkez\u00e9sre, az\u00e9rt javasolt a val\u00f3ban betegell\u00e1t\u00e1sban tev\u00e9kenyked\u0151 koll\u00e9g\u00e1kat el\u0151nyben r\u00e9szes\u00edteni.<\/p>\n<p style=\"text-align: justify\">\u00a0<\/p>\n<p style=\"text-align: justify\">Az eredm\u00e9nyek az EESZT-ben lesznek el\u00e9rhet\u0151k (a Medsolban NEM!).<\/p>\n<p style=\"text-align: justify\">A vizsg\u00e1latba nem ker\u00fclhetnek bele, akik 2017 \u00f3ta kanyar\u00f3ban megbetegedtek vagy olt\u00e1sban r\u00e9szes\u00fcltek.<\/p>\n<p style=\"text-align: justify\">Tov\u00e1bbi r\u00e9szletek\u00e9rt keresse a klinikai kapcsolattart\u00f3t.<\/p>\n<p style=\"text-align: justify\">T\u00e1j\u00e9koztat\u00f3k<\/p>\n<p style=\"text-align: justify\">A Nemzeti N\u00e9peg\u00e9szs\u00e9g\u00fcgyi K\u00f6zpont\u00a0<a href=\"https:\/\/semmelweis.hu\/korhazhigiene\/files\/2021\/07\/3_mell%C3%A9klet_NNK_kanyar%C3%B3_szero_vizsgalat_t%C3%A1j%C3%A9koztat%C3%B3.pdf\">t\u00e1j\u00e9koztat\u00f3<\/a>ja\u00a0a kanyar\u00f3 immunst\u00e1tusz felm\u00e9r\u00e9s\u00e9re v\u00e9gzett vizsg\u00e1latok menet\u00e9r\u0151l.<\/p>\n<p style=\"text-align: justify\"><a href=\"https:\/\/semmelweis.hu\/korhazhigiene\/files\/2021\/07\/2_mell%C3%A9klet_-VKSz_vizsg%C3%A1latkero_kanyaro_sz%C5%B1r%C5%91vizsg_SEMMELWEIS-1.pdf\">Vizsg\u00e1latk\u00e9r\u0151<\/a>\u00a0lap kanyar\u00f3 immunst\u00e1tusz sz\u0171r\u0151vizsg\u00e1lathoz.Csoportos mintabek\u00fcld\u0151\u00a0<a href=\"https:\/\/semmelweis.hu\/korhazhigiene\/files\/2021\/07\/4_mell%C3%A9klet_Csoportos-mintabek%C3%BCld%C5%91-t%C3%A1bl%C3%A1zat.xlsx\">t\u00e1bl\u00e1zat<\/a><\/p>\n","protected":false},"excerpt":{"rendered":"<p>Tisztelt L\u00e1togat\u00f3! A kanyar\u00f3 immunst\u00e1tusz felm\u00e9r\u00e9s 2021.10.31-\u00e9n lez\u00e1rult. Az olt\u00f3anyag felv\u00e9tel\u00e9vel kapcsolatban keresse a klinikai kapcsolattart\u00f3t ill. az egyetemi Foglalkoz\u00e1s Eg\u00e9szs\u00e9g\u00fcgyi Szolg\u00e1latot. Az NNK \u00e9s a BFKH N\u00e9peg\u00e9szs\u00e9g\u00fcgyi F\u0151oszt\u00e1lya a\u00a01277\/2018 (VI.5.) Korm. hat\u00e1rozatban foglaltak szerint\u00a02021j\u00falius\u00e1t\u00f3l v\u00e9gzi az akt\u00edv fekv\u0151beteg ell\u00e1t\u00e1sban r\u00e9sztvev\u0151 eg\u00e9szs\u00e9g\u00fcgyi dolgoz\u00f3k kanyar\u00f3 elleni immunst\u00e1tusz felm\u00e9r\u00e9s\u00e9t, melyben a r\u00e9szv\u00e9tel \u00f6nk\u00e9ntes alapon t\u00f6rt\u00e9nik. A sz\u00fcks\u00e9ges &hellip;<\/p>\n","protected":false},"author":102466,"featured_media":0,"comment_status":"closed","ping_status":"closed","sticky":false,"template":"","format":"standard","meta":{"_acf_changed":false,"footnotes":""},"categories":[11],"tags":[],"class_list":["post-2011","post","type-post","status-publish","format-standard","hentry","category-jarvanyugyi-hirlevel"],"acf":[],"_links":{"self":[{"href":"https:\/\/semmelweis.hu\/korhazhigiene\/wp-json\/wp\/v2\/posts\/2011","targetHints":{"allow":["GET"]}}],"collection":[{"href":"https:\/\/semmelweis.hu\/korhazhigiene\/wp-json\/wp\/v2\/posts"}],"about":[{"href":"https:\/\/semmelweis.hu\/korhazhigiene\/wp-json\/wp\/v2\/types\/post"}],"author":[{"embeddable":true,"href":"https:\/\/semmelweis.hu\/korhazhigiene\/wp-json\/wp\/v2\/users\/102466"}],"replies":[{"embeddable":true,"href":"https:\/\/semmelweis.hu\/korhazhigiene\/wp-json\/wp\/v2\/comments?post=2011"}],"version-history":[{"count":1,"href":"https:\/\/semmelweis.hu\/korhazhigiene\/wp-json\/wp\/v2\/posts\/2011\/revisions"}],"predecessor-version":[{"id":2012,"href":"https:\/\/semmelweis.hu\/korhazhigiene\/wp-json\/wp\/v2\/posts\/2011\/revisions\/2012"}],"wp:attachment":[{"href":"https:\/\/semmelweis.hu\/korhazhigiene\/wp-json\/wp\/v2\/media?parent=2011"}],"wp:term":[{"taxonomy":"category","embeddable":true,"href":"https:\/\/semmelweis.hu\/korhazhigiene\/wp-json\/wp\/v2\/categories?post=2011"},{"taxonomy":"post_tag","embeddable":true,"href":"https:\/\/semmelweis.hu\/korhazhigiene\/wp-json\/wp\/v2\/tags?post=2011"}],"curies":[{"name":"wp","href":"https:\/\/api.w.org\/{rel}","templated":true}]}}