{"id":2007,"date":"2025-08-14T08:15:12","date_gmt":"2025-08-14T06:15:12","guid":{"rendered":"https:\/\/semmelweis.hu\/korhazhigiene\/?p=2007"},"modified":"2025-08-14T08:15:12","modified_gmt":"2025-08-14T06:15:12","slug":"majomhimlo","status":"publish","type":"post","link":"https:\/\/semmelweis.hu\/korhazhigiene\/2025\/08\/14\/majomhimlo\/","title":{"rendered":"Majomhiml\u0151"},"content":{"rendered":"<p style=\"text-align: justify\"><strong>Tudnival\u00f3k, teend\u0151k az MPOX\/majomhiml\u0151vel kapcsolatban<\/strong><\/p>\n<p style=\"text-align: justify\"><strong>K\u00f3rokoz\u00f3<\/strong>:<\/p>\n<p style=\"text-align: justify\">Poxviridiae csal\u00e1d Orthopox v\u00edrus nemzets\u00e9gbe tartoz\u00f3 dupla sz\u00e1l\u00fa DNS-t tartalmaz\u00f3, burkos v\u00edrus, a majomhiml\u0151 v\u00edrus, aminek k\u00e9t genetikailag k\u00fcl\u00f6n\u00e1ll\u00f3 kl\u00e1dja van:<\/p>\n<ul style=\"text-align: justify\">\n<li>I klad \u2013 jelenleg ez okoz riaszt\u00f3 j\u00e1rv\u00e1nyt\n<ul>\n<li>Ia klad\n<ul>\n<li>f\u0151leg zoonozis, ink\u00e1bb gyermekek betegszenek meg<\/li>\n<\/ul>\n<\/li>\n<li>Ib klad\n<ul>\n<li>f\u0151leg szexu\u00e1lis \u00faton terjed\u0151 megbeteged\u00e9s<\/li>\n<li>alacsonyabb klinikai s\u00falyoss\u00e1g\u00fa \u00e9s mortalit\u00e1s\u00fa, mint az Ia klad okozta megbeteged\u00e9s<\/li>\n<\/ul>\n<\/li>\n<\/ul>\n<\/li>\n<li>II klad (ez okozott pandemi\u00e1t 2022-ben, f\u0151leg az MSM<a href=\"#_ftn1\" name=\"_ftnref1\">[1]<\/a> k\u00f6z\u00f6ss\u00e9gben)<\/li>\n<\/ul>\n<p style=\"text-align: justify\"><strong>Terjed\u00e9si m\u00f3d<\/strong>:<\/p>\n<p style=\"text-align: justify\">A majomhiml\u0151 zoonozis, m\u00e9rs\u00e9kelten terjed emberr\u0151l emberre. A terjed\u00e9s t\u00f6rt\u00e9nhet cseppfert\u0151z\u00e9ssel, b\u0151relv\u00e1ltoz\u00e1ssal t\u00f6rt\u00e9n\u0151 szoros kontaktussal, testv\u00e1lad\u00e9kkal, fert\u0151z\u00f6tt h\u00f3lyagbenn\u00e9kkel kontamin\u00e1lt t\u00e1rgyakkal (\u00e1gynem\u0171, ruh\u00e1zat, haszn\u00e1lati t\u00e1rgyak).<\/p>\n<p style=\"text-align: justify\">A jellegzetesen nagycseppes fert\u0151z\u00e9s miatt a ny\u00e1lcseppek nem jutnak messzire, a terjed\u00e9shez hossz\u00fa, szoros kontaktus sz\u00fcks\u00e9ges. A terjed\u00e9s kock\u00e1zata az \u00e1tlag lakoss\u00e1g k\u00f6r\u00e9ben alacsony.<\/p>\n<p style=\"text-align: justify\"><strong>Lappang\u00e1si id\u0151: <\/strong><\/p>\n<p style=\"text-align: justify\">6-13 (5-21 nap)<\/p>\n<p style=\"text-align: justify\"><strong>T\u00fcnetek:<\/strong><\/p>\n<p style=\"text-align: justify\">Prodrom\u00e1lis t\u00fcnetekkel kezd\u0151dik (l\u00e1z, izomf\u00e1jdalom, f\u00e1radts\u00e1g, fejf\u00e1j\u00e1s), majd maculopapulosus ki\u00fct\u00e9sek jelennek meg. A betegs\u00e9g 2-4 h\u00e9tig tart.<\/p>\n<p style=\"text-align: justify\">A beteg fert\u0151z\u0151k\u00e9pes a bevezet\u0151 t\u00fcnetek megjelen\u00e9s\u00e9t\u0151l a b\u0151rt\u00fcnetek gy\u00f3gyul\u00e1s\u00e1ig.<\/p>\n<hr \/>\n<p style=\"text-align: justify\"><strong>Teend\u0151 a gyan\u00fa felmer\u00fcl\u00e9sekor:<\/strong><\/p>\n<ol style=\"text-align: justify\">\n<li><strong>Minta k\u00fcldend\u0151<\/strong> az NNGyK laborat\u00f3riumba (legalkalmasabb a gyan\u00fas beteg b\u0151relv\u00e1ltoz\u00e1s\u00e1b\u00f3l vett kenet).<\/li>\n<\/ol>\n<p style=\"text-align: justify\">A mintav\u00e9tellel kapcsolatos tudnival\u00f3k el\u00e9rhet\u0151ek:<\/p>\n<p style=\"text-align: justify\"><a href=\"https:\/\/www.nnk.gov.hu\/index.php\/mikrobiologiai-referencia-laboratoriumi-foosztaly\/szolgaltatasok-es-termekek\/mintabekuldo-nyomtatvanyok.html\">https:\/\/www.nnk.gov.hu\/index.php\/mikrobiologiai-referencia-laboratoriumi-foosztaly\/szolgaltatasok-es-termekek\/mintabekuldo-nyomtatvanyok.html<\/a><\/p>\n<ol style=\"text-align: justify\" start=\"2\">\n<li><strong>Jelent\u00e9s<\/strong> az OSZIR fert\u0151z\u0151 beteg bejelent\u0151 rendszerben a gyan\u00fa felmer\u00fcl\u00e9s\u00e9t k\u00f6vet\u0151 24 \u00f3r\u00e1n bel\u00fcl:<\/li>\n<\/ol>\n<p style=\"text-align: justify\">A bejelent\u00e9st a SE K\u00f3rh\u00e1zhigi\u00e9n\u00e9s Oszt\u00e1ly teszi meg, amennyiben a gyan\u00fas esetet kezel\u0151 klinika jelzi a beteget a <a href=\"mailto:korhazhigiene@semmelweis.hu\">korhazhigiene@semmelweis.hu<\/a> email c\u00edmen.<\/p>\n<ol style=\"text-align: justify\" start=\"3\">\n<li><strong>J\u00e1rv\u00e1ny\u00fcgyi vizsg\u00e1lat <\/strong>az OSZIR bejelent\u00e9s alapj\u00e1n a j\u00e1rv\u00e1ny\u00fcgyi hat\u00f3s\u00e1g munkat\u00e1rsai v\u00e9gzik (a Medsolban a beteg el\u00e9rhet\u0151s\u00e9g\u00e9t, tart\u00f3zkod\u00e1si c\u00edm\u00e9t is k\u00e9rj\u00fck r\u00f6gz\u00edteni).<\/li>\n<\/ol>\n<p style=\"text-align: justify\">A gyan\u00fa felmer\u00fcl\u00e9sekor a kezel\u0151orvosnak t\u00e1j\u00e9koztatni kell a beteget arr\u00f3l, hogy a teljes gy\u00f3gyul\u00e1sig, azaz a b\u0151relv\u00e1ltoz\u00e1sok meggy\u00f3gyul\u00e1s\u00e1ig el kell mag\u00e1t k\u00fcl\u00f6n\u00edteni, ker\u00fclni kell az immunkompromitt\u00e1lt szem\u00e9lyekkel a kapcsolatot, a szexu\u00e1lis kapcsolatot \u00e9s a h\u00e1zi\u00e1llatokkal val\u00f3 kapcsolatot is (az \u00e1llatok t\u00fcnetmentesen megfert\u0151z\u0151dhetnek \u00e9s terjeszthetik a betegs\u00e9get).<\/p>\n<ol style=\"text-align: justify\" start=\"4\">\n<li><strong>Infekci\u00f3kontroll teend\u0151k<\/strong><\/li>\n<\/ol>\n<p style=\"text-align: justify\">A felt\u00e9telezett vagy bizony\u00edtott beteg egy\u00e1gyas, komfortos k\u00f3rteremben elk\u00fcl\u00f6n\u00edtend\u0151 (nem sz\u00fcks\u00e9ges negat\u00edv nyom\u00e1s\u00fa k\u00f3rteremben).<\/p>\n<p style=\"text-align: justify\">Ha a betegnek el kell hagynia a k\u00f3rtermet: orvosi maszkot \u00e9s a b\u0151relv\u00e1ltoz\u00e1sokat takar\u00f3 ruh\u00e1zatot kell viselnie.<\/p>\n<p style=\"text-align: justify\">Az elk\u00fcl\u00f6n\u00edt\u00e9s fenntartand\u00f3, am\u00edg ki nem der\u00fcl a fert\u0151z\u00e9s t\u00e9nye. A fert\u0151z\u00f6tt beteg izol\u00e1land\u00f3 a b\u0151r l\u00e9zi\u00f3k teljes gy\u00f3gyul\u00e1s\u00e1ig.<\/p>\n<p style=\"text-align: justify\">A beteget ell\u00e1t\u00f3, expon\u00e1l\u00f3dott eg\u00e9szs\u00e9g\u00fcgyi dolgoz\u00f3 nem izol\u00e1land\u00f3, de az expoz\u00edci\u00f3t\u00f3l sz\u00e1m\u00edtott 21 napig \u00f6nmegfigyel\u00e9st kell v\u00e9geznie \u00e9s<\/p>\n<ul style=\"text-align: justify\">\n<li>ha ki\u00fct\u00e9sek jelentkeznek, akkor izol\u00e1land\u00f3 \u00e9s tesztelend\u0151;<\/li>\n<li>ha egy\u00e9b, mpox t\u00fcnetek jelentkeznek, ki\u00fct\u00e9s n\u00e9lk\u00fcl, akkor elk\u00fcl\u00f6n\u00edtend\u0151 a k\u00f6vetkez\u0151 5 napig\n<ul>\n<li>ha \u00fajabb t\u00fcnetek nem jelennek meg, az 5. nap ut\u00e1n felszabad\u00edthat\u00f3<\/li>\n<li>ha laborat\u00f3riumilag kiz\u00e1rhat\u00f3 a fert\u0151z\u00e9s, a szem\u00e9ly felszabad\u00edthat\u00f3.<\/li>\n<\/ul>\n<\/li>\n<\/ul>\n<p style=\"text-align: justify\">A beteget ell\u00e1t\u00f3 szem\u00e9lyzetnek v\u00e9d\u0151k\u00f6penyt, egyszerhaszn\u00e1latos keszty\u0171t, szemv\u00e9d\u0151 eszk\u00f6zt \u00e9s FFP maszkot kell viselnie.<\/p>\n<ul style=\"text-align: justify\">\n<li>Hullad\u00e9kkezel\u00e9s: a k\u00f3rteremben keletkezett hullad\u00e9k fert\u0151z\u0151 vesz\u00e9lyes hullad\u00e9knak min\u0151s\u00fcl.<\/li>\n<li>Folyamatos fert\u0151tlen\u00edt\u00e9s \u00e9s fert\u0151tlen\u00edt\u0151 takar\u00edt\u00e1s a beteg k\u00f6rnyezet\u00e9ben: virucid hat\u00e1s\u00fa tiszt\u00edt\u00f3-fert\u0151tlen\u00edt\u0151szer haszn\u00e1land\u00f3.<\/li>\n<li>Beteg text\u00edlia kezel\u00e9se: olvad\u00f3s zs\u00e1kban gy\u0171jtend\u0151, a norm\u00e1l fert\u0151tlen\u00edt\u0151 mos\u00e1sban tiszt\u00edtand\u00f3, fert\u0151tlen\u00edtend\u0151.<\/li>\n<li>\u00c9tkeztet\u00e9s: javasolt egyedi kiszerel\u00e9s\u0171 csomagol\u00e1sban kisz\u00e1ll\u00edtani az \u00e9telt.<\/li>\n<\/ul>\n<p style=\"text-align: left\">Forr\u00e1s:<a href=\"https:\/\/www.cdc.gov\/mpox\/hcp\/infection-control\/healthcare-settings.html?CDC_AAref_Val=https:\/\/www.cdc.gov\/poxvirus\/mpox\/clinicians\/infection-control-healthcare.html\" target=\"_blank\" rel=\"noopener\"> https:\/\/www.cdc.gov\/mpox\/hcp\/infection-control\/healthcare-settings.html?CDC_AAref_Val=https:\/\/www.cdc.gov\/poxvirus\/mpox\/clinicians\/infection-control-healthcare.html<\/a><\/p>\n<hr \/>\n<p style=\"text-align: justify\"><strong>V\u00e9d\u0151olt\u00e1s<\/strong><\/p>\n<p style=\"text-align: justify\">Magyarorsz\u00e1gon el\u00e9rhet\u0151 az mpox ellen is alkalmazhat\u00f3 olt\u00f3anyag, az Imvanex, mely 18 \u00e9ven felettieknek adhat\u00f3, \u00e9s 28 napos k\u00fcl\u00f6nbs\u00e9ggel 2 d\u00f3zis sz\u00fcks\u00e9ges. Az olt\u00f3anyag alkalmaz\u00e1si el\u0151\u00edr\u00e1sa el\u00e9rhet\u0151: https:\/\/ogyei.gov.hu\/gyogyszeradatbazis (az EU-ban alkalmazott Imvanex n\u00e9vre keresve).<\/p>\n<p style=\"text-align: justify\">Az mpox v\u00e9d\u0151olt\u00e1sban r\u00e9szes\u00edthet\u0151k k\u00f6re:<\/p>\n<p style=\"text-align: justify\"><strong>1.Posztexpoz\u00edci\u00f3s profilaxisban r\u00e9szes\u00edthet\u0151k: <\/strong><\/p>\n<p style=\"text-align: justify\">azon szem\u00e9lyek, akikr\u0151l a j\u00e1rv\u00e1ny\u00fcgyi hat\u00f3s\u00e1g \u00e1ltal v\u00e9gzett kontaktkutat\u00e1s eredm\u00e9nyek\u00e9nt bizony\u00edt\u00e1st nyer, hogy igazolt majomhiml\u0151s szem\u00e9llyel<\/p>\n<ol style=\"text-align: justify\">\n<li>a) szoros kapcsolatba (intim, szexu\u00e1lis) ker\u00fcltek, (az olt\u00e1st lehet\u0151s\u00e9g szerint az expoz\u00edci\u00f3 ut\u00e1n 4 napon bel\u00fcl javasolt beadni, de az utols\u00f3 kontaktust\u00f3l sz\u00e1m\u00edtott 14 napon bel\u00fcl is beadhat\u00f3),<\/li>\n<li>b) k\u00f6z\u00f6s h\u00e1ztart\u00e1sban \u00e9lnek \u00e9s a szoros kontaktus megval\u00f3sul.<\/li>\n<li><strong> Preexpoz\u00edci\u00f3s profilaxisban javasolt r\u00e9szes\u00edteni: <\/strong><\/li>\n<li>a) a munk\u00e1juk sor\u00e1n v\u00edrus expoz\u00edci\u00f3nak kitett eg\u00e9szs\u00e9g\u00fcgyi dolgoz\u00f3k, \u00edgy a majomhiml\u0151s betegek ell\u00e1t\u00e1s\u00e1t v\u00e9gz\u0151 eg\u00e9szs\u00e9g\u00fcgyi dolgoz\u00f3k (pl. b\u0151rgy\u00f3gy\u00e1szok, infektol\u00f3gusok, \u00e1pol\u00f3k, asszisztensek), valamint majomhiml\u0151s mint\u00e1kat kezel\u0151 laborat\u00f3riumi dolgoz\u00f3k.<\/li>\n<li>b) olyan MSM popul\u00e1ci\u00f3hoz tartoz\u00f3 szem\u00e9ly, akin\u00e9l igazolt bakteri\u00e1lis STI betegs\u00e9g szerepel az anamn\u00e9zisben az elm\u00falt 6 h\u00f3napban,<\/li>\n<li>c) olyan MSM popul\u00e1ci\u00f3hoz tartoz\u00f3 HIV-fert\u0151z\u00f6tt, aki t\u00f6bb szem\u00e9llyel l\u00e9tes\u00edt szexu\u00e1lis kapcsolatot,<\/li>\n<li>d) olyan szem\u00e9ly, aki az olt\u00f3orvos meg\u00edt\u00e9l\u00e9se szerint a majomhiml\u0151 fert\u0151z\u00e9s szempontj\u00e1b\u00f3l kock\u00e1zati csoportba tartozik, \u00e9s k\u00e9ri a v\u00e9d\u0151olt\u00e1st.<\/li>\n<li><strong> Nem r\u00e9szes\u00edthet\u0151 v\u00e9d\u0151olt\u00e1sban, <\/strong><\/li>\n<li>a) aki \u00e1tesett majomhiml\u0151 fert\u0151z\u00e9sen,<\/li>\n<li>b) akinek az olt\u00e1s id\u0151pontj\u00e1ban majomhiml\u0151-gyan\u00fas t\u00fcnetei vannak, tov\u00e1bb\u00e1<\/li>\n<li>c) aki az els\u0151 olt\u00e1s ut\u00e1n igazoltan majomhiml\u0151ben megbetegedett, m\u00e1sodik olt\u00e1st nem kaphat,<\/li>\n<li>d) akin\u00e9l egy\u00e9b olt\u00e1si kontraindik\u00e1ci\u00f3 \u00e1ll fenn.<\/li>\n<\/ol>\n<p style=\"text-align: justify\">A majomhiml\u0151 elleni olt\u00e1s \u00f6nk\u00e9ntes \u00e9s t\u00e9r\u00edt\u00e9smentes.<\/p>\n<p style=\"text-align: justify\">Az olt\u00e1s beadhat\u00f3s\u00e1g\u00e1r\u00f3l az olt\u00f3orvos d\u00f6nt.<\/p>\n<p style=\"text-align: justify\">A jelenlegi ismereteink alapj\u00e1n a nemzetk\u00f6zi aj\u00e1nl\u00e1sokkal \u00f6sszhangban Eur\u00f3p\u00e1ban a sz\u00e9lesk\u00f6r\u0171 olt\u00e1s, illetve az Afrik\u00e1ba utaz\u00f3 turist\u00e1k v\u00e9d\u0151olt\u00e1sa nem javasolt. A j\u00e1rv\u00e1ny\u00fcgyi helyzet v\u00e1ltoz\u00e1s\u00e1val az aj\u00e1nl\u00e1s m\u00f3dosulhat.<\/p>\n<p style=\"text-align: justify\">A v\u00e9d\u0151olt\u00e1sokat v\u00e9gz\u0151 eg\u00e9szs\u00e9g\u00fcgyi szolg\u00e1ltat\u00f3k adatai az NNGYK honlapj\u00e1n el\u00e9rhet\u0151k: https:\/\/www.nnk.gov.hu\/index.php\/jarvanyugyi-es-infekciokontroll-foosztaly\/majomhimlo\/majomhimlo-elleni-oltasok-oltohelyeinek-elerhetosegei.html .<\/p>\n<hr \/>\n<p style=\"text-align: justify\"><strong>Egy\u00e9b let\u00f6lthet\u0151 dokumantumok:<\/strong><\/p>\n<ul style=\"text-align: justify\">\n<li>A Nemzeti N\u00e9peg\u00e9szs\u00e9g\u00fcgyi \u00e9s Gy\u00f3gyszer\u00e9szeti K\u00f6zpont <a href=\"https:\/\/semmelweis.hu\/korhazhigiene\/files\/2024\/08\/31427-1_2022_JIF.pdf\" target=\"_blank\" rel=\"noopener\">t\u00e1j\u00e9koztat\u00f3ja <\/a>a majomhiml\u0151vel kapcsolatban 2022.\u00a0<\/li>\n<li>A Nemzeti N\u00e9peg\u00e9szs\u00e9g\u00fcgyi \u00e9s Gy\u00f3gyszer\u00e9szeti K\u00f6zpont <a href=\"https:\/\/semmelweis.hu\/korhazhigiene\/files\/2024\/08\/NNGYK_41614_1_2024_mpox_eu.pdf\" target=\"_blank\" rel=\"noopener\">t\u00e1j\u00e9koztat\u00f3ja<\/a> a majomhiml\u0151vel kapcsolatban 2024.<\/li>\n<li><a href=\"https:\/\/semmelweis.hu\/korhazhigiene\/files\/2024\/08\/Majomhimlo_mintavetelitudnivalok.pdf\" target=\"_blank\" rel=\"noopener\">Majomhiml\u0151 mintav\u00e9teli tudnival\u00f3k.<\/a><\/li>\n<li><a href=\"https:\/\/semmelweis.hu\/korhazhigiene\/files\/2024\/08\/Majomhimlo_mintakiserolap.pdf\" target=\"_blank\" rel=\"noopener\">Majomhiml\u0151 mintak\u00eds\u00e9r\u0151 lap<\/a>\u00a0<\/li>\n<\/ul>\n<p style=\"text-align: justify\">Felhaszn\u00e1lt anyagok:<\/p>\n<ul style=\"text-align: justify\">\n<li>NNGYK\/41614-1\/2024 T\u00e1j\u00e9koztat\u00e1s a WHO \u00e1ltal bejelentett nemzetk\u00f6zi jelent\u0151s\u00e9g\u0171 eg\u00e9szs\u00e9g\u00fcgyi vesz\u00e9lyhelyzetr\u0151l az afrikai mpox j\u00e1rv\u00e1ny miatt<\/li>\n<li>NNGyK \/31427-1\/2022-JIF T\u00e1j\u00e9koztat\u00e1s majomhiml\u0151vel kapcsolatban<\/li>\n<li>ECDC <a href=\"https:\/\/www.ecdc.europa.eu\/en\/publications-data\/risk-assessment-mpox-epidemic-monkeypox-virus-clade-i-africa\">RAPID RISK ASSESSMENT Risk assessment for the EU\/EEA of the mpox epidemic caused by monkeypox virus clade I in affected African countries<\/a> 16 August 2024<\/li>\n<li>CDC <a href=\"https:\/\/www.cdc.gov\/poxvirus\/mpox\/clinicians\/infection-control-healthcare.html\">Infection Prevention and Control of Mpox in Healthcare Settings<\/a><\/li>\n<\/ul>\n<p style=\"text-align: justify\"><a href=\"#_ftnref1\" name=\"_ftn1\">[1]<\/a> MSM \u2013 Men who have\u00a0<em>sex<\/em>\u00a0with men (a zon f\u00e9rfiak, akik f\u00e9rfiakkal l\u00e9tes\u00edtenek szexu\u00e1lis kapcsolatot)<\/p>\n","protected":false},"excerpt":{"rendered":"<p>Tudnival\u00f3k, teend\u0151k az MPOX\/majomhiml\u0151vel kapcsolatban K\u00f3rokoz\u00f3: Poxviridiae csal\u00e1d Orthopox v\u00edrus nemzets\u00e9gbe tartoz\u00f3 dupla sz\u00e1l\u00fa DNS-t tartalmaz\u00f3, burkos v\u00edrus, a majomhiml\u0151 v\u00edrus, aminek k\u00e9t genetikailag k\u00fcl\u00f6n\u00e1ll\u00f3 kl\u00e1dja van: I klad \u2013 jelenleg ez okoz riaszt\u00f3 j\u00e1rv\u00e1nyt Ia klad f\u0151leg zoonozis, ink\u00e1bb gyermekek betegszenek meg Ib klad f\u0151leg szexu\u00e1lis \u00faton terjed\u0151 megbeteged\u00e9s alacsonyabb klinikai s\u00falyoss\u00e1g\u00fa \u00e9s mortalit\u00e1s\u00fa, &hellip;<\/p>\n","protected":false},"author":102466,"featured_media":0,"comment_status":"closed","ping_status":"closed","sticky":false,"template":"","format":"standard","meta":{"_acf_changed":false,"footnotes":""},"categories":[11],"tags":[],"class_list":["post-2007","post","type-post","status-publish","format-standard","hentry","category-jarvanyugyi-hirlevel"],"acf":[],"_links":{"self":[{"href":"https:\/\/semmelweis.hu\/korhazhigiene\/wp-json\/wp\/v2\/posts\/2007","targetHints":{"allow":["GET"]}}],"collection":[{"href":"https:\/\/semmelweis.hu\/korhazhigiene\/wp-json\/wp\/v2\/posts"}],"about":[{"href":"https:\/\/semmelweis.hu\/korhazhigiene\/wp-json\/wp\/v2\/types\/post"}],"author":[{"embeddable":true,"href":"https:\/\/semmelweis.hu\/korhazhigiene\/wp-json\/wp\/v2\/users\/102466"}],"replies":[{"embeddable":true,"href":"https:\/\/semmelweis.hu\/korhazhigiene\/wp-json\/wp\/v2\/comments?post=2007"}],"version-history":[{"count":1,"href":"https:\/\/semmelweis.hu\/korhazhigiene\/wp-json\/wp\/v2\/posts\/2007\/revisions"}],"predecessor-version":[{"id":2008,"href":"https:\/\/semmelweis.hu\/korhazhigiene\/wp-json\/wp\/v2\/posts\/2007\/revisions\/2008"}],"wp:attachment":[{"href":"https:\/\/semmelweis.hu\/korhazhigiene\/wp-json\/wp\/v2\/media?parent=2007"}],"wp:term":[{"taxonomy":"category","embeddable":true,"href":"https:\/\/semmelweis.hu\/korhazhigiene\/wp-json\/wp\/v2\/categories?post=2007"},{"taxonomy":"post_tag","embeddable":true,"href":"https:\/\/semmelweis.hu\/korhazhigiene\/wp-json\/wp\/v2\/tags?post=2007"}],"curies":[{"name":"wp","href":"https:\/\/api.w.org\/{rel}","templated":true}]}}