{"id":2005,"date":"2025-08-14T08:13:29","date_gmt":"2025-08-14T06:13:29","guid":{"rendered":"https:\/\/semmelweis.hu\/korhazhigiene\/?p=2005"},"modified":"2025-08-14T08:13:29","modified_gmt":"2025-08-14T06:13:29","slug":"sars-cov-2","status":"publish","type":"post","link":"https:\/\/semmelweis.hu\/korhazhigiene\/2025\/08\/14\/sars-cov-2\/","title":{"rendered":"SARS-COV-2"},"content":{"rendered":"<p style=\"text-align: justify\">Tekintettel, hogy a j\u00e1rv\u00e1ny\u00fcgyi helyzet dinamikusan v\u00e1ltozik, az al\u00e1bbi dokumentumokban ismertetj\u00fck a <strong>SARS-CoV-2\u00a0 v\u00edrussal<\/strong> kapcsolatos inform\u00e1ci\u00f3kat \u00e9s teend\u0151ket.<\/p>\n<p style=\"padding-left: 40px;text-align: justify\"><span style=\"color: #ff0000\"><strong><a href=\"https:\/\/semmelweis.hu\/korhazhigiene\/files\/2022\/01\/teendok2022_omikron2022oktober.pdf\">TEEND\u0150 COVID-19 FERT\u0150Z\u00c9S ESET\u00c9N \u00f6sszefoglal\u00f3 \u00e1bra<\/a><\/strong><\/span><\/p>\n<ul style=\"text-align: justify\">\n<li><a href=\"https:\/\/semmelweis.hu\/korhazhigiene\/files\/2020\/01\/rovid_osszefoglalo.pdf\">R\u00f6vid \u00f6sszefoglal\u00f3<\/a> a 2020. \u00e9vben azonos\u00edtott \u00faj koronav\u00edrussal kapcsolatban (felder\u00edt\u00e9s, azonos\u00edt\u00e1s \u00e9s jelent\u00e9s a Nemzeti N\u00e9peg\u00e9szs\u00e9g\u00fcgyi K\u00f6zpont t\u00e1j\u00e9koztat\u00f3ja alapj\u00e1n)<\/li>\n<li><strong>Aki nem betegedett meg, csak szoros kontaktus miatt karant\u00e9nba k\u00e9nyszer\u00fcl, t\u00e1pp\u00e9nzre kell mennie, vagy szabads\u00e1gra, vagy van egy\u00e9b lehet\u0151s\u00e9g?<\/strong> <br \/>\nL\u00e1sd <a href=\"https:\/\/semmelweis.hu\/jogigfoig\/2020\/09\/18\/e-21-2020-ix-17-sz-rektori-kancellari-utasitas-a-semmelweis-egyetemen-alkalmazando-jarvanyugyi-keszultseggel-kapcsolatos-intezkedesi-tervrol\/\">2E\/21\/2020. (XI.11.) sz. rektori-kancell\u00e1ri utas\u00edt\u00e1s a Semmelweis Egyetemen alkalmazand\u00f3 j\u00e1rv\u00e1ny\u00fcgyi k\u00e9sz\u00fclts\u00e9ggel kapcsolatos int\u00e9zked\u00e9si tervr\u0151l<\/a><strong>\u201d <\/strong>5.\u00a7 16. bekezd\u00e9s.<\/li>\n<\/ul>\n<div style=\"text-align: justify\">\n<hr \/>\n<\/div>\n<div style=\"text-align: justify\">Az al\u00e1bbi pontokban tal\u00e1lhatj\u00e1k \u00f6sszegy\u0171jtve a biztons\u00e1gos munkav\u00e9gz\u00e9shez sz\u00fcks\u00e9ges izol\u00e1ci\u00f3s \u00e9s munkav\u00e9delmi rendszab\u00e1lyokat:<\/div>\n<div style=\"text-align: justify\">\n<p><strong>Izol\u00e1ci\u00f3s szab\u00e1lyok:<\/strong><\/p>\n<ul>\n<li><a href=\"https:\/\/semmelweis.hu\/korhazhigiene\/files\/2020\/01\/NNK-STANDARD_V2.pdf\">AZ ALAPVET\u0150 (STANDARD) \u00d3V\u00d3-V\u00c9D\u0150 RENDSZAB\u00c1LYOK \u00d6SSZEFOGLAL\u00c1SA.<\/a><\/li>\n<li><a href=\"https:\/\/semmelweis.hu\/korhazhigiene\/files\/2020\/01\/NNK-TERJEDES-ALAPU_v3.pdf\">\u00d3V\u00d3-V\u00c9D\u0150 RENDSZAB\u00c1LYOK \u00d6SSZEFOGLAL\u00c1SA.<\/a><\/li>\n<\/ul>\n<p><strong>Munkav\u00e9delmi rendszab\u00e1lyok:<\/strong><\/p>\n<ul>\n<li><a href=\"https:\/\/semmelweis.hu\/korhazhigiene\/files\/2020\/05\/a_kezhigiene_5_momentuma.pdf\"><strong>A k\u00e9zhigi\u00e9n\u00e9 5 momentuma!<\/strong><\/a>\u00a0<\/li>\n<li><a href=\"https:\/\/semmelweis.hu\/korhazhigiene\/files\/2020\/03\/1_Minimum-szett-\u2013-egyeni-vedoeszkozok.pdf\">Minimum szett \u2013 egy\u00e9ni v\u00e9d\u0151eszk\u00f6z\u00f6k<\/a> gyan\u00fas illetve bizony\u00edtottan pozit\u00edv betegek ell\u00e1t\u00e1s\u00e1hoz.<\/li>\n<li><a href=\"https:\/\/semmelweis.hu\/korhazhigiene\/files\/2020\/03\/2_vedoeszkofel_le_vetelszabalyai.pdf\">V\u00e9d\u0151eszk\u00f6z\u00f6k helyes fel \u00e9s lev\u00e9teli sorrendje.<\/a><\/li>\n<li><a href=\"https:\/\/semmelweis.hu\/korhazhigiene\/files\/2020\/03\/3_Aeroszol-kepzodest-generalo-beavatkozasok.pdf\">Aeroszol k\u00e9pz\u0151d\u00e9st gener\u00e1l\u00f3 beavatkoz\u00e1sok <\/a>melyekn\u00e9l respir\u00e1tor haszn\u00e1lata k\u00f6telez\u0151.<\/li>\n<li><a href=\"https:\/\/semmelweis.hu\/korhazhigiene\/files\/2020\/03\/4_rovid_tevekenyseglista_PPE.pdf\">COVID-19 fert\u0151z\u00e9sben szenved\u0151, vagy arra gyan\u00fa beteg ell\u00e1t\u00e1sakor viselend\u0151 v\u00e9d\u0151felszerel\u00e9s.<\/a><\/li>\n<li><a href=\"https:\/\/semmelweis.hu\/korhazhigiene\/files\/2020\/04\/fa3_mask_1.pdf\">FA-3 f\u00e9l\u00e1larc le\u00edr\u00e1s.<\/a><\/li>\n<li>FA-3 f\u00e9l\u00e1larchoz tartoz\u00f3 <a href=\"https:\/\/semmelweis.hu\/korhazhigiene\/files\/2020\/04\/p3r_sz\u0171r\u0151bet\u00e9t.pdf\">r\u00e9szecskesz\u0171r\u0151 bet\u00e9t<\/a> param\u00e9terei.<\/li>\n<li><strong><a href=\"https:\/\/semmelweis.hu\/korhazhigiene\/files\/2020\/04\/FA-3-f\u00e9l\u00e1larcok-fert\u0151tlen\u00edt\u00e9se_final.pdf\">FA-3 f\u00e9l\u00e1larcok fert\u0151tlen\u00edt\u00e9se.<\/a>\u00a0<\/strong>A folyamat\u00e1br\u00e1t javasolt nyomtatni, lamin\u00e1lni \u00e9s a fert\u0151tlen\u00edt\u00e9sre kijel\u00f6lt helyen j\u00f3l l\u00e1that\u00f3 helyen kihelyezni.<\/li>\n<li>T\u00f6bbsz\u00f6r haszn\u00e1latos l\u00e1togat\u00f3k\u00f6peny <a href=\"https:\/\/semmelweis.hu\/korhazhigiene\/files\/2020\/06\/COVID_tobbszorhasznalatoslatogatokopeny.pdf\">r\u00f6vid haszn\u00e1lati \u00fatmutat\u00f3<\/a><\/li>\n<\/ul>\n<p><strong>Mintav\u00e9teli szab\u00e1lyok<\/strong><\/p>\n<ul>\n<li><a href=\"https:\/\/semmelweis.hu\/korhazhigiene\/files\/2020\/01\/nCoV-mintavetel_labor_tajekoztato.pdf\">Aj\u00e1nl\u00e1s az \u00faj coronav\u00edrus okozta megbeteged\u00e9s gyan\u00faja eset\u00e9n v\u00e9gzend\u0151 mintav\u00e9telhez \u00e9s sz\u00e1ll\u00edt\u00e1shoz.<\/a><\/li>\n<\/ul>\n<p><strong>Text\u00edliakezel\u00e9s<\/strong><\/p>\n<ul>\n<li>R\u00f6vid <a href=\"https:\/\/semmelweis.hu\/korhazhigiene\/files\/2020\/03\/covid19_textiliakezeles.pdf\">\u00fatmutat\u00f3<\/a> a koronav\u00edrussal fert\u0151z\u00f6tt eg\u00e9szs\u00e9g\u00fcgyi text\u00edlia kezel\u00e9s\u00e9r\u0151l.<\/li>\n<\/ul>\n<hr \/>\n<ul>\n<li>Betegek kik\u00e9rdez\u00e9s\u00e9hez haszn\u00e1lhat\u00f3 <a href=\"https:\/\/semmelweis.hu\/korhazhigiene\/files\/2020\/03\/Csekklista_magyar.pdf\">csekklista<\/a>.<\/li>\n<li>Otthoni elk\u00fcl\u00f6n\u00edt\u00e9s <a href=\"https:\/\/semmelweis.hu\/korhazhigiene\/files\/2020\/03\/COVID-19_otthoni-elk\u00fcl\u00f6n\u00edt\u00e9s_2020-03-05_MAGYAR.pdf\">szab\u00e1lyai<\/a>.<\/li>\n<\/ul>\n<hr \/>\n<\/div>\n<div style=\"text-align: justify\">\n<p><strong>El\u00e9rhet\u0151s\u00e9gek, telefonsz\u00e1mok:<\/strong><\/p>\n<div>\n<p>NNK L\u00e9g\u00fati v\u00edrus munkacsoport <br \/>\n06 1-476-1286 vagy 06 1-476-2128,\u00a0<\/p>\n<\/div>\n<div>\n<p>\u00dcgyeleti id\u0151ben az NNK K\u00e9szenl\u00e9ti \u00dcgyelet\u00e9n\u00e9l a 06 1-476-1274<\/p>\n<\/div>\n<p><a href=\"http:\/\/www.kormanyhivatal.hu\/hu\/budapest\/szervezeti-egyseg\/nepegeszsegugyi-foosztaly\" target=\"_blank\" rel=\"noopener noreferrer\"><strong>BFKH N\u00e9peg\u00e9szs\u00e9g\u00fcgyi F\u0151oszt\u00e1ly<\/strong><\/a> J\u00e1rv\u00e1ny\u00fcgyi Oszt\u00e1ly <strong>06 1 <\/strong><strong>465-3844<\/strong><\/p>\n<p><strong>Munkaid\u0151n t\u00fal \u00e9s h\u00e9tv\u00e9g\u00e9n, \u00fcnnepnapon:<\/strong> <br \/>\nN\u00e9peg\u00e9szs\u00e9g\u00fcgyi K\u00e9szenl\u00e9t Budapest, Pest megye illet\u00e9kess\u00e9gi ter\u00fcletre <br \/>\ntel: 06-30-941-7156 <br \/>\ne-mail c\u00edme: kozponti.ugyelet@nfo.bfkh.gov.hu.<\/p>\n<hr \/>\n<p>Az al\u00e1bbi oldalakon folyamatosan friss\u00fcl\u0151 inform\u00e1ci\u00f3k \u00e9s t\u00e1j\u00e9koztat\u00f3k \u00e9rhet\u0151ek el a SARS-CoV-2 glob\u00e1lis \u00e1llapot\u00e1r\u00f3l.<\/p>\n<ul>\n<li><a href=\"https:\/\/www.nnk.gov.hu\/\">NNK (Nemzeti N\u00e9peg\u00e9szs\u00e9g\u00fcgyi K\u00f6zpont) \u2192<\/a><\/li>\n<li><a href=\"https:\/\/koronavirus.gov.hu\/\">Korm\u00e1nyzati t\u00e1j\u00e9koztat\u00f3 oldal a koronav\u00edrusr\u00f3l \u2192<\/a><\/li>\n<li><a href=\"https:\/\/semmelweis.hu\/koronavirus\/\">A Semmelweis Egyetem koronav\u00edrusr\u00f3l sz\u00f3l\u00f3 t\u00e1j\u00e9koztat\u00f3 oldala \u2192<\/a><\/li>\n<li><a href=\"https:\/\/gisanddata.maps.arcgis.com\/apps\/opsdashboard\/index.html#\/bda7594740fd40299423467b48e9ecf6\">Johns Hopkins Egyetem interakt\u00edv, terjed\u00e9si t\u00e9rk\u00e9pe \u2192<\/a><\/li>\n<li><a href=\"https:\/\/www.who.int\/emergencies\/diseases\/novel-coronavirus-2019\">WHO \u2192<\/a><\/li>\n<li><a href=\"https:\/\/www.ecdc.europa.eu\/en\/novel-coronavirus-china\">ECDC (European Centre for Disease Prevention and Control) \u2192<\/a><\/li>\n<li><a href=\"https:\/\/www.cdc.gov\/coronavirus\/2019-ncov\/index.html\">CDC (Centers for Disease Contorl and Prevention) \u2192<\/a><\/li>\n<li><a href=\"https:\/\/www.rki.de\/DE\/Content\/InfAZ\/N\/Neuartiges_Coronavirus\/nCoV.html\">Robert Koch Institut \u2192<\/a><\/li>\n<\/ul>\n<\/div>\n","protected":false},"excerpt":{"rendered":"<p>Tekintettel, hogy a j\u00e1rv\u00e1ny\u00fcgyi helyzet dinamikusan v\u00e1ltozik, az al\u00e1bbi dokumentumokban ismertetj\u00fck a SARS-CoV-2\u00a0 v\u00edrussal kapcsolatos inform\u00e1ci\u00f3kat \u00e9s teend\u0151ket. <a href=\"https:\/\/semmelweis.hu\/korhazhigiene\/files\/2022\/01\/teendok2022_omikron2022oktober.pdf\">TEEND\u0150 COVID-19 FERT\u0150Z\u00c9S ESET\u00c9N \u00f6sszefoglal\u00f3 \u00e1bra<\/a> <a href=\"https:\/\/semmelweis.hu\/korhazhigiene\/files\/2020\/01\/rovid_osszefoglalo.pdf\">R\u00f6vid \u00f6sszefoglal\u00f3<\/a> a 2020. \u00e9vben azonos\u00edtott \u00faj koronav\u00edrussal kapcsolatban (felder\u00edt\u00e9s, azonos\u00edt\u00e1s \u00e9s jelent\u00e9s a Nemzeti N\u00e9peg\u00e9szs\u00e9g\u00fcgyi K\u00f6zpont t\u00e1j\u00e9koztat\u00f3ja alapj\u00e1n) Aki nem betegedett meg, csak szoros kontaktus miatt karant\u00e9nba k\u00e9nyszer\u00fcl, t\u00e1pp\u00e9nzre kell mennie, vagy szabads\u00e1gra, vagy van egy\u00e9b lehet\u0151s\u00e9g? L\u00e1sd &hellip;<\/p>\n","protected":false},"author":102466,"featured_media":0,"comment_status":"closed","ping_status":"closed","sticky":false,"template":"","format":"standard","meta":{"_acf_changed":false,"footnotes":""},"categories":[11],"tags":[],"class_list":["post-2005","post","type-post","status-publish","format-standard","hentry","category-jarvanyugyi-hirlevel"],"acf":[],"_links":{"self":[{"href":"https:\/\/semmelweis.hu\/korhazhigiene\/wp-json\/wp\/v2\/posts\/2005","targetHints":{"allow":["GET"]}}],"collection":[{"href":"https:\/\/semmelweis.hu\/korhazhigiene\/wp-json\/wp\/v2\/posts"}],"about":[{"href":"https:\/\/semmelweis.hu\/korhazhigiene\/wp-json\/wp\/v2\/types\/post"}],"author":[{"embeddable":true,"href":"https:\/\/semmelweis.hu\/korhazhigiene\/wp-json\/wp\/v2\/users\/102466"}],"replies":[{"embeddable":true,"href":"https:\/\/semmelweis.hu\/korhazhigiene\/wp-json\/wp\/v2\/comments?post=2005"}],"version-history":[{"count":1,"href":"https:\/\/semmelweis.hu\/korhazhigiene\/wp-json\/wp\/v2\/posts\/2005\/revisions"}],"predecessor-version":[{"id":2006,"href":"https:\/\/semmelweis.hu\/korhazhigiene\/wp-json\/wp\/v2\/posts\/2005\/revisions\/2006"}],"wp:attachment":[{"href":"https:\/\/semmelweis.hu\/korhazhigiene\/wp-json\/wp\/v2\/media?parent=2005"}],"wp:term":[{"taxonomy":"category","embeddable":true,"href":"https:\/\/semmelweis.hu\/korhazhigiene\/wp-json\/wp\/v2\/categories?post=2005"},{"taxonomy":"post_tag","embeddable":true,"href":"https:\/\/semmelweis.hu\/korhazhigiene\/wp-json\/wp\/v2\/tags?post=2005"}],"curies":[{"name":"wp","href":"https:\/\/api.w.org\/{rel}","templated":true}]}}