{"id":3823,"date":"2026-04-01T11:42:29","date_gmt":"2026-04-01T09:42:29","guid":{"rendered":"https:\/\/semmelweis.hu\/klinikai-korelettan\/?p=3823"},"modified":"2026-04-01T11:42:29","modified_gmt":"2026-04-01T09:42:29","slug":"meghivo-2026-04-09-1630-1800-se-tudomany-es-muveszet-korelettana-kurzus-erdos-robert-operaenekes-eloadasa","status":"publish","type":"post","link":"https:\/\/semmelweis.hu\/klinikai-korelettan\/2026\/04\/01\/meghivo-2026-04-09-1630-1800-se-tudomany-es-muveszet-korelettana-kurzus-erdos-robert-operaenekes-eloadasa\/","title":{"rendered":"Megh\u00edv\u00f3 \u2013 2026. 04. 09., 16:30-18:00 \u2013 SE Tudom\u00e1ny \u00e9s M\u0171v\u00e9szet K\u00f3r\u00e9lettana kurzus \u2013 Erd\u0151s R\u00f3bert opera\u00e9nekes el\u0151ad\u00e1sa"},"content":{"rendered":"<div class=\"x_elementToProof\" style=\"text-align: center\"><b data-olk-copy-source=\"MessageBody\">MEGH\u00cdV\u00d3<\/b><\/div>\n<div class=\"x_elementToProof\" style=\"text-align: center\"><b>\u201eTudom\u00e1ny \u00e9s M\u0171v\u00e9szet K\u00f3r\u00e9lettana\u201d<\/b><\/div>\n<div class=\"x_elementToProof\" style=\"text-align: center\"><b>XXI. kurzusa<\/b><\/div>\n<div class=\"x_elementToProof\" style=\"text-align: center\"><b>\u00a0nyilv\u00e1nos el\u0151ad\u00e1s\u00e1ra<\/b><\/div>\n<div class=\"x_elementToProof\" style=\"text-align: center\"><b>\u00a0<\/b><\/div>\n<div class=\"x_elementToProof\" style=\"text-align: center\"><b>\u00a0<\/b><b>A zen\u00e9sz \u00fczenete \u00a0<\/b><\/div>\n<div class=\"x_elementToProof\" style=\"text-align: center\"><b>Erd\u0151s R\u00f3bert<\/b><\/div>\n<div class=\"x_elementToProof\" style=\"text-align: center\"><b>opera\u00e9nekes<\/b><\/div>\n<div class=\"x_elementToProof\" style=\"text-align: center\"><b>\u00a0<\/b><\/div>\n<div class=\"x_elementToProof\" style=\"text-align: center\"><b>bevezet\u0151 el\u0151ad\u00e1s<\/b><\/div>\n<div class=\"x_elementToProof\" style=\"text-align: center\"><b>\u201eTanulj dalt a zeng\u0151 zivatart\u00f3l\u201d<\/b><\/div>\n<div class=\"x_elementToProof\" style=\"text-align: center\"><b>Mi\u00e9rt, mire j\u00f3 a zene?<\/b><\/div>\n<div class=\"x_elementToProof\" style=\"text-align: center\"><b>Prof. emer. Dr. Rosivall L\u00e1szl\u00f3<\/b><\/div>\n<div class=\"x_elementToProof\" style=\"text-align: center\"><b>Sz\u00e9chenyi-d\u00edjas egyetemi tan\u00e1r<\/b><\/div>\n<div class=\"x_elementToProof\" style=\"text-align: center\"><b>\u00a0<\/b><\/div>\n<div class=\"x_elementToProof\" style=\"text-align: center\"><b>2026. 04. 09., 16:30-18:00<\/b><\/div>\n<div class=\"x_elementToProof\" style=\"text-align: center\"><b>Semmelweis Egyetem Elm\u00e9leti T\u00f6mb Selye J\u00e1nos (Z\u00f6ld)<\/b><\/div>\n<div class=\"x_elementToProof\" style=\"text-align: center\"><b>El\u0151ad\u00f3term\u00e9be (1089 Bp., Nagyv\u00e1rad t\u00e9r 4.)<\/b><\/div>\n<div class=\"x_elementToProof\" style=\"text-align: center\"><b>vagy<\/b><\/div>\n<div class=\"x_elementToProof\" style=\"text-align: center\"><b>Meghallgathat\u00f3 a Zoom rendszeren kereszt\u00fcl az al\u00e1bbi linken:<\/b><\/div>\n<div class=\"x_elementToProof\" style=\"text-align: center\"><a id=\"OWAd4c36662-629b-b1be-9be5-247d430c125f\" class=\"x_x_x_OWAAutoLink\" href=\"https:\/\/semmelweis.zoom.us\/j\/91216268450\" target=\"_blank\" rel=\"noopener noreferrer\"><b><u>https:\/\/semmelweis.zoom.us\/j\/91216268450<\/u><\/b><\/a><\/div>\n<div class=\"x_elementToProof\" style=\"text-align: center\"><b>Meeting ID: 912 1626 8450<\/b><\/div>\n<div class=\"x_elementToProof\" style=\"text-align: center\"><b>\u00a0<\/b><\/div>\n<div class=\"x_elementToProof\" style=\"text-align: center\"><b>Minden \u00e9rdekl\u0151d\u0151t szeretettel v\u00e1runk!<\/b><\/div>\n","protected":false},"excerpt":{"rendered":"<p>MEGH\u00cdV\u00d3 \u201eTudom\u00e1ny \u00e9s M\u0171v\u00e9szet K\u00f3r\u00e9lettana\u201d XXI. kurzusa \u00a0nyilv\u00e1nos el\u0151ad\u00e1s\u00e1ra \u00a0 \u00a0A zen\u00e9sz \u00fczenete \u00a0 Erd\u0151s R\u00f3bert opera\u00e9nekes \u00a0 bevezet\u0151 el\u0151ad\u00e1s \u201eTanulj dalt a zeng\u0151 zivatart\u00f3l\u201d Mi\u00e9rt, mire j\u00f3 a zene? Prof. emer. Dr. Rosivall L\u00e1szl\u00f3 Sz\u00e9chenyi-d\u00edjas egyetemi tan\u00e1r \u00a0 2026. 04. 09., 16:30-18:00 Semmelweis Egyetem Elm\u00e9leti T\u00f6mb Selye J\u00e1nos (Z\u00f6ld) El\u0151ad\u00f3term\u00e9be (1089 Bp., Nagyv\u00e1rad t\u00e9r &hellip;<\/p>\n","protected":false},"author":102048,"featured_media":0,"comment_status":"closed","ping_status":"closed","sticky":false,"template":"","format":"standard","meta":{"_acf_changed":false,"footnotes":""},"categories":[65],"tags":[],"class_list":["post-3823","post","type-post","status-publish","format-standard","hentry","category-meghivok"],"acf":[],"_links":{"self":[{"href":"https:\/\/semmelweis.hu\/klinikai-korelettan\/wp-json\/wp\/v2\/posts\/3823","targetHints":{"allow":["GET"]}}],"collection":[{"href":"https:\/\/semmelweis.hu\/klinikai-korelettan\/wp-json\/wp\/v2\/posts"}],"about":[{"href":"https:\/\/semmelweis.hu\/klinikai-korelettan\/wp-json\/wp\/v2\/types\/post"}],"author":[{"embeddable":true,"href":"https:\/\/semmelweis.hu\/klinikai-korelettan\/wp-json\/wp\/v2\/users\/102048"}],"replies":[{"embeddable":true,"href":"https:\/\/semmelweis.hu\/klinikai-korelettan\/wp-json\/wp\/v2\/comments?post=3823"}],"version-history":[{"count":1,"href":"https:\/\/semmelweis.hu\/klinikai-korelettan\/wp-json\/wp\/v2\/posts\/3823\/revisions"}],"predecessor-version":[{"id":3824,"href":"https:\/\/semmelweis.hu\/klinikai-korelettan\/wp-json\/wp\/v2\/posts\/3823\/revisions\/3824"}],"wp:attachment":[{"href":"https:\/\/semmelweis.hu\/klinikai-korelettan\/wp-json\/wp\/v2\/media?parent=3823"}],"wp:term":[{"taxonomy":"category","embeddable":true,"href":"https:\/\/semmelweis.hu\/klinikai-korelettan\/wp-json\/wp\/v2\/categories?post=3823"},{"taxonomy":"post_tag","embeddable":true,"href":"https:\/\/semmelweis.hu\/klinikai-korelettan\/wp-json\/wp\/v2\/tags?post=3823"}],"curies":[{"name":"wp","href":"https:\/\/api.w.org\/{rel}","templated":true}]}}