{"id":3820,"date":"2026-03-30T13:19:47","date_gmt":"2026-03-30T11:19:47","guid":{"rendered":"https:\/\/semmelweis.hu\/klinikai-korelettan\/?p=3820"},"modified":"2026-03-30T13:19:47","modified_gmt":"2026-03-30T11:19:47","slug":"meghivo-2026-04-02-1630-1800-se-tudomany-es-muveszet-korelettana-kurzus-prof-dr-dunai-laszlo-szechenyi-dijas-epitomernok-egyetemi-tanar-eloadasa","status":"publish","type":"post","link":"https:\/\/semmelweis.hu\/klinikai-korelettan\/2026\/03\/30\/meghivo-2026-04-02-1630-1800-se-tudomany-es-muveszet-korelettana-kurzus-prof-dr-dunai-laszlo-szechenyi-dijas-epitomernok-egyetemi-tanar-eloadasa\/","title":{"rendered":"Megh\u00edv\u00f3 \u2013 2026. 04. 02., 16:30-18:00 \u2013 SE Tudom\u00e1ny \u00e9s M\u0171v\u00e9szet K\u00f3r\u00e9lettana kurzus \u2013 Prof. Dr. Dunai L\u00e1szl\u00f3 Sz\u00e9chenyi-d\u00edjas \u00e9p\u00edt\u0151m\u00e9rn\u00f6k, egyetemi tan\u00e1r el\u0151ad\u00e1sa"},"content":{"rendered":"<div class=\"x_elementToProof\" style=\"text-align: center\"><b data-olk-copy-source=\"MessageBody\">MEGH\u00cdV\u00d3<\/b><\/div>\n<div class=\"x_elementToProof\" style=\"text-align: center\"><b>\u201eTudom\u00e1ny \u00e9s M\u0171v\u00e9szet K\u00f3r\u00e9lettana\u201d<\/b><\/div>\n<div class=\"x_elementToProof\" style=\"text-align: center\"><b>XXI. kurzusa<\/b><\/div>\n<div class=\"x_elementToProof\" style=\"text-align: center\"><b>\u00a0nyilv\u00e1nos el\u0151ad\u00e1s\u00e1ra<\/b><\/div>\n<div class=\"x_elementToProof\" style=\"text-align: center\"><b>\u00a0<\/b><\/div>\n<div class=\"x_elementToProof\" style=\"text-align: center\"><b>\u00a0<\/b><\/div>\n<div class=\"x_elementToProof\" style=\"text-align: center\"><b>\u00a0\u00a0Budapesti hidak m\u00faltja, jelene \u00e9s j\u00f6v\u0151je \u00a0<\/b><\/div>\n<div class=\"x_elementToProof\" style=\"text-align: center\"><b>Prof. Dr. Dunai L\u00e1szl\u00f3<\/b><\/div>\n<div class=\"x_elementToProof\" style=\"text-align: center\"><b>Sz\u00e9chenyi-d\u00edjas \u00e9p\u00edt\u0151m\u00e9rn\u00f6k, egyetemi tan\u00e1r<\/b><\/div>\n<div class=\"x_elementToProof\" style=\"text-align: center\"><b>BME, Hidak \u00e9s Szerkezetek Tansz\u00e9k<\/b><\/div>\n<div class=\"x_elementToProof\" style=\"text-align: center\"><b>\u00a0<\/b><\/div>\n<div class=\"x_elementToProof\" style=\"text-align: center\"><b>bevezet\u0151 el\u0151ad\u00e1s<\/b><\/div>\n<div class=\"x_elementToProof\" style=\"text-align: center\"><b>A hidak \u00f6sszek\u00f6tnek, ha van mit<\/b><\/div>\n<div class=\"x_elementToProof\" style=\"text-align: center\"><b>Prof. emer. Dr. Rosivall L\u00e1szl\u00f3<\/b><\/div>\n<div class=\"x_elementToProof\" style=\"text-align: center\"><b>Sz\u00e9chenyi-d\u00edjas egyetemi tan\u00e1r<\/b><\/div>\n<div class=\"x_elementToProof\" style=\"text-align: center\"><b>\u00a0<\/b><\/div>\n<div class=\"x_elementToProof\" style=\"text-align: center\"><b>2026. 04. 02., 16:30-18:00<\/b><\/div>\n<div class=\"x_elementToProof\" style=\"text-align: center\"><b>Semmelweis Egyetem Elm\u00e9leti T\u00f6mb Selye J\u00e1nos (Z\u00f6ld)<\/b><\/div>\n<div class=\"x_elementToProof\" style=\"text-align: center\"><b>El\u0151ad\u00f3term\u00e9be (1089 Bp., Nagyv\u00e1rad t\u00e9r 4.)<\/b><\/div>\n<div class=\"x_elementToProof\" style=\"text-align: center\"><b>vagy<\/b><\/div>\n<div class=\"x_elementToProof\" style=\"text-align: center\"><b>\u00a0Meghallgathat\u00f3 a Zoom rendszeren kereszt\u00fcl az al\u00e1bbi linken:<\/b><\/div>\n<div class=\"x_elementToProof\" style=\"text-align: center\"><a id=\"OWAe3354405-2fcc-e916-807a-9da6f36e62b0\" class=\"x_x_x_OWAAutoLink\" href=\"https:\/\/semmelweis.zoom.us\/j\/94646984420\" target=\"_blank\" rel=\"noopener noreferrer\"><b><u>https:\/\/semmelweis.zoom.us\/j\/94646984420<\/u><\/b><\/a><\/div>\n<div class=\"x_elementToProof\" style=\"text-align: center\"><b>Meeting ID: 946 4698 4420<\/b><\/div>\n<div class=\"x_elementToProof\" style=\"text-align: center\"><b>\u00a0<\/b><\/div>\n<div class=\"x_elementToProof\" style=\"text-align: center\"><b>Minden \u00e9rdekl\u0151d\u0151t szeretettel v\u00e1runk!<\/b><\/div>\n","protected":false},"excerpt":{"rendered":"<p>MEGH\u00cdV\u00d3 \u201eTudom\u00e1ny \u00e9s M\u0171v\u00e9szet K\u00f3r\u00e9lettana\u201d XXI. kurzusa \u00a0nyilv\u00e1nos el\u0151ad\u00e1s\u00e1ra \u00a0 \u00a0 \u00a0\u00a0Budapesti hidak m\u00faltja, jelene \u00e9s j\u00f6v\u0151je \u00a0 Prof. Dr. Dunai L\u00e1szl\u00f3 Sz\u00e9chenyi-d\u00edjas \u00e9p\u00edt\u0151m\u00e9rn\u00f6k, egyetemi tan\u00e1r BME, Hidak \u00e9s Szerkezetek Tansz\u00e9k \u00a0 bevezet\u0151 el\u0151ad\u00e1s A hidak \u00f6sszek\u00f6tnek, ha van mit Prof. emer. Dr. Rosivall L\u00e1szl\u00f3 Sz\u00e9chenyi-d\u00edjas egyetemi tan\u00e1r \u00a0 2026. 04. 02., 16:30-18:00 Semmelweis Egyetem &hellip;<\/p>\n","protected":false},"author":102048,"featured_media":0,"comment_status":"closed","ping_status":"closed","sticky":false,"template":"","format":"standard","meta":{"_acf_changed":false,"footnotes":""},"categories":[65],"tags":[],"class_list":["post-3820","post","type-post","status-publish","format-standard","hentry","category-meghivok"],"acf":[],"_links":{"self":[{"href":"https:\/\/semmelweis.hu\/klinikai-korelettan\/wp-json\/wp\/v2\/posts\/3820","targetHints":{"allow":["GET"]}}],"collection":[{"href":"https:\/\/semmelweis.hu\/klinikai-korelettan\/wp-json\/wp\/v2\/posts"}],"about":[{"href":"https:\/\/semmelweis.hu\/klinikai-korelettan\/wp-json\/wp\/v2\/types\/post"}],"author":[{"embeddable":true,"href":"https:\/\/semmelweis.hu\/klinikai-korelettan\/wp-json\/wp\/v2\/users\/102048"}],"replies":[{"embeddable":true,"href":"https:\/\/semmelweis.hu\/klinikai-korelettan\/wp-json\/wp\/v2\/comments?post=3820"}],"version-history":[{"count":1,"href":"https:\/\/semmelweis.hu\/klinikai-korelettan\/wp-json\/wp\/v2\/posts\/3820\/revisions"}],"predecessor-version":[{"id":3821,"href":"https:\/\/semmelweis.hu\/klinikai-korelettan\/wp-json\/wp\/v2\/posts\/3820\/revisions\/3821"}],"wp:attachment":[{"href":"https:\/\/semmelweis.hu\/klinikai-korelettan\/wp-json\/wp\/v2\/media?parent=3820"}],"wp:term":[{"taxonomy":"category","embeddable":true,"href":"https:\/\/semmelweis.hu\/klinikai-korelettan\/wp-json\/wp\/v2\/categories?post=3820"},{"taxonomy":"post_tag","embeddable":true,"href":"https:\/\/semmelweis.hu\/klinikai-korelettan\/wp-json\/wp\/v2\/tags?post=3820"}],"curies":[{"name":"wp","href":"https:\/\/api.w.org\/{rel}","templated":true}]}}