{"id":98,"date":"2019-05-08T00:00:00","date_gmt":"2019-05-08T00:00:00","guid":{"rendered":"http:\/\/test.semmelweis.hu\/kerpel\/150-455510\/"},"modified":"2019-05-08T00:00:00","modified_gmt":"2019-05-08T00:00:00","slug":"150-455510","status":"publish","type":"post","link":"https:\/\/semmelweis.hu\/kerpel\/2019\/05\/08\/150-455510\/","title":{"rendered":"Felh\u00edv\u00e1s a XXII. Kor\u00e1nyi Frigyes Tudom\u00e1nyos F\u00f3rumra"},"content":{"rendered":"<h2>Felh\u00edv\u00e1s a Kor\u00e1nyi Frigyes Szakkoll\u00e9gium<br \/>\nXXII. Tudom\u00e1nyos F\u00f3rum\u00e1ra<\/h2>\n<p><img loading=\"lazy\" decoding=\"async\" class=\"aligncenter\" src=\"https:\/\/semmelweis.hu\/kerpel\/files\/2019\/05\/harsfa7.jpg\" width=\"112\" height=\"153\" \/><\/p>\n<p align=\"justify\">A Semmelweis Egyetem Kor\u00e1nyi Frigyes Szakkoll\u00e9giuma szakmai rendezv\u00e9nysorozat\u00e1nak keret\u00e9ben <b>2017.\u00e1prilis 6-7-\u00e9n<\/b>, imm\u00e1r huszonkettedik alkalommal rendezi meg a Kor\u00e1nyi Frigyes Tudom\u00e1nyos F\u00f3rumot.<br \/>\nA F\u00f3rum c\u00e9lja, hogy el\u0151ad\u00e1si lehet\u0151s\u00e9get ny\u00fajtson fiatal kutat\u00f3k, klinikusok, gy\u00f3gyszer\u00e9szek, TDK munk\u00e1ban r\u00e9szt vev\u0151 hallgat\u00f3k sz\u00e1m\u00e1ra, el\u0151seg\u00edtve a diszcipl\u00edn\u00e1k k\u00f6z\u00f6tti tudom\u00e1nyos kapcsolatfelv\u00e9telt.<br \/>\nA b\u00edr\u00e1l\u00f3bizotts\u00e1gok vezet\u00e9s\u00e9re nemzetk\u00f6zileg is elismert szaktekint\u00e9lyeket k\u00e9rt\u00fcnk fel. A legjobb el\u0151ad\u00f3k szponzoraink \u00e1ltal felaj\u00e1nlott \u00e9rt\u00e9kes d\u00edjakban r\u00e9szes\u00fclnek.<br \/>\nAkik angol nyelven k\u00fcldik be absztraktjukat, azok a<b> Bridges in Life Sciences 12th Annual Scientific Conference<\/b> nemzetk\u00f6zi zs\u0171rije el\u0151tt mutathatj\u00e1k be munk\u00e1jukat egy el\u0151ad\u00e1sban \u00e9s egy ki\u00e1ll\u00edtott poszteren egyar\u00e1nt. A tavalyihoz hasonl\u00f3an a f\u00f3rumot az egyetem nem magyar anyanyelv\u0171 hallgat\u00f3i sz\u00e1m\u00e1ra is meghirdetj\u00fck, \u00edgy a konferencia k\u00e9t nyelven, magyarul \u00e9s angolul zajlik majd.<br \/>\nA F\u00f3rumra val\u00f3 jelentkez\u00e9s a regisztr\u00e1ci\u00f3s lap kit\u00f6lt\u00e9s\u00e9vel \u00e9s az absztraktok felt\u00f6lt\u00e9s\u00e9vel, elektronikusan t\u00f6rt\u00e9nik a <a href=\"http:\/\/harsfa.semmelweis.hu\">www.harsfa.semmelweis.hu<\/a> honlapon.<br \/>\nItt a jelentkez\u00e9si lap kit\u00f6lt\u00e9sekor a jelentkez\u0151knek lehet\u0151s\u00e9g\u00fck van megjel\u00f6lni, hogy kutat\u00e1si t\u00e9m\u00e1juk mely szakter\u00fclethez kapcsol\u00f3dik. Hangs\u00falyozzuk azonban, hogy a szekci\u00f3k besorol\u00e1s\u00e1n\u00e1l a v\u00e1ltoztat\u00e1s jog\u00e1t fenntartjuk.<\/p>\n<p>Absztrakt lead\u00e1s hat\u00e1rideje: <span style=\"color: #ff0000\"><b>2017. febru\u00e1r 3. 24:00.<\/span><\/b><br \/>\nA konferenci\u00e1val kapcsolatos tov\u00e1bbi inform\u00e1ci\u00f3k a <a href=\"http:\/\/harsfa.semmelweis.hu\">www.harsfa.semmelweis.hu<\/a> honlapon \u00e9rhet\u0151ek el.<br \/>\nA f\u00f3rummal kapcsolatos levelez\u00e9s \u00e9s b\u0151vebb t\u00e1j\u00e9koztat\u00e1s a <a href=\"mailto:kftf2017@gmail.com\">kftf2017@gmail.com<\/a> e-mail c\u00edmen, illetve a 06 20 8259631 telefonsz\u00e1mon lehets\u00e9ges.<\/p>\n","protected":false},"excerpt":{"rendered":"<p>Felh\u00edv\u00e1s a Kor\u00e1nyi Frigyes Szakkoll\u00e9gium XXII. Tudom\u00e1nyos F\u00f3rum\u00e1ra A Semmelweis Egyetem Kor\u00e1nyi Frigyes Szakkoll\u00e9giuma szakmai rendezv\u00e9nysorozat\u00e1nak keret\u00e9ben 2017.\u00e1prilis 6-7-\u00e9n, imm\u00e1r huszonkettedik alkalommal rendezi meg a Kor\u00e1nyi Frigyes Tudom\u00e1nyos F\u00f3rumot. A F\u00f3rum c\u00e9lja, hogy el\u0151ad\u00e1si lehet\u0151s\u00e9get ny\u00fajtson fiatal kutat\u00f3k, klinikusok, gy\u00f3gyszer\u00e9szek, TDK munk\u00e1ban r\u00e9szt vev\u0151 hallgat\u00f3k sz\u00e1m\u00e1ra, el\u0151seg\u00edtve a diszcipl\u00edn\u00e1k k\u00f6z\u00f6tti tudom\u00e1nyos kapcsolatfelv\u00e9telt. A b\u00edr\u00e1l\u00f3bizotts\u00e1gok vezet\u00e9s\u00e9re &hellip;<\/p>\n","protected":false},"author":158,"featured_media":0,"comment_status":"closed","ping_status":"closed","sticky":false,"template":"","format":"standard","meta":{"_acf_changed":false,"footnotes":""},"categories":[1],"tags":[],"class_list":["post-98","post","type-post","status-publish","format-standard","hentry","category-hirek"],"acf":[],"_links":{"self":[{"href":"https:\/\/semmelweis.hu\/kerpel\/wp-json\/wp\/v2\/posts\/98","targetHints":{"allow":["GET"]}}],"collection":[{"href":"https:\/\/semmelweis.hu\/kerpel\/wp-json\/wp\/v2\/posts"}],"about":[{"href":"https:\/\/semmelweis.hu\/kerpel\/wp-json\/wp\/v2\/types\/post"}],"author":[{"embeddable":true,"href":"https:\/\/semmelweis.hu\/kerpel\/wp-json\/wp\/v2\/users\/158"}],"replies":[{"embeddable":true,"href":"https:\/\/semmelweis.hu\/kerpel\/wp-json\/wp\/v2\/comments?post=98"}],"version-history":[{"count":0,"href":"https:\/\/semmelweis.hu\/kerpel\/wp-json\/wp\/v2\/posts\/98\/revisions"}],"wp:attachment":[{"href":"https:\/\/semmelweis.hu\/kerpel\/wp-json\/wp\/v2\/media?parent=98"}],"wp:term":[{"taxonomy":"category","embeddable":true,"href":"https:\/\/semmelweis.hu\/kerpel\/wp-json\/wp\/v2\/categories?post=98"},{"taxonomy":"post_tag","embeddable":true,"href":"https:\/\/semmelweis.hu\/kerpel\/wp-json\/wp\/v2\/tags?post=98"}],"curies":[{"name":"wp","href":"https:\/\/api.w.org\/{rel}","templated":true}]}}