{"id":96,"date":"2019-05-08T00:00:00","date_gmt":"2019-05-08T00:00:00","guid":{"rendered":"http:\/\/test.semmelweis.hu\/kerpel\/150-457275\/"},"modified":"2019-05-08T00:00:00","modified_gmt":"2019-05-08T00:00:00","slug":"150-457275","status":"publish","type":"post","link":"https:\/\/semmelweis.hu\/kerpel\/2019\/05\/08\/150-457275\/","title":{"rendered":"P\u00e1ly\u00e1zati felh\u00edv\u00e1s \u2013 Freiburg \u00e9s Heidelberg"},"content":{"rendered":"<p><b>10 h\u00f3napos \u00f6szt\u00f6nd\u00edj Freiburgba \u00e9s Heidelbergbe, V. \u00e9ves orvostanhallgat\u00f3k r\u00e9sz\u00e9re. Hat\u00e1rid\u0151: 2017. \u00e1prilis 10.<\/p>\n<p>A Semmelweis Egyetem V. \u00e9ves orvostanhallgat\u00f3inak a 2017\/2018-as tan\u00e9vben is lehet\u0151s\u00e9ge van arra, hogy 10 h\u00f3napos kik\u00fcldet\u00e9sre \u2013 diplomamunk\u00e1j\u00e1nak elk\u00e9sz\u00edt\u00e9s\u00e9hez \u2013 kiutazzon a Heidelbergi vagy a Freiburgi Egyetemre.<\/p>\n<p>A<b> Freiburgi Albert-Ludwigs-Egyetemre<\/b> 2 f\u0151, a <b>Heidelbergi Ruprecht Karls Egyetemre<\/b> 4 f\u0151 utazhat ki a Jellinek-\u00f6szt\u00f6nd\u00edj keret\u00e9ben.<\/p>\n<p><i><b>A p\u00e1ly\u00e1zatnak a k\u00f6vetkez\u0151ket kell tartalmazni:<\/b><\/i><\/p>\n<ul>\n<li>\u00f6n\u00e9letrajz n\u00e9met nyelven<\/li>\n<li>a kidolgozand\u00f3 diplomamunka tervezete n\u00e9met nyelven<\/li>\n<\/ul>\n<p><i><b>A k\u00f6vetkez\u0151 okm\u00e1nyokat kell csatolni:<\/b><\/i><\/p>\n<ul>\n<li>\u00e9s IV.\u00e9vf. kreditigazol\u00e1s, \u00f6szt\u00f6nd\u00edj\u00e1tlagok \u00f6sszes\u00edtett \u00e1tlaga<\/li>\n<li>p\u00e1ly\u00e1zatokon el\u00e9rt eredm\u00e9ny<\/li>\n<li>TDK munka m\u00e1solata<\/li>\n<li>k\u00f6z\u00e9pfok\u00fa n\u00e9met nyelvvizsga bizony\u00edtv\u00e1ny m\u00e1solata<\/li>\n<\/ul>\n<p>A p\u00e1ly\u00e1zatot a Nemzetk\u00f6zi Kapcsolatok Igazgat\u00f3s\u00e1g\u00e1ra (<a href=\"http:\/\/goo.gl\/maps\/bV96s2buAE92\" target=\"_blank\" rel=\"noopener noreferrer\">\u00dcll\u0151i \u00fat 26, 2. em. 202.<\/a>) kell beny\u00fajtani, melynek <b>hat\u00e1rideje<\/b>:<\/p>\n<p align=\"center\"><span style=\"color: #ff0000\"><b> 2017. \u00e1prilis 10.<\/b><\/span><\/p>\n<p>A p\u00e1ly\u00e1zatot elnyert hallgat\u00f3nak:<\/p>\n<ul>\n<li>gondoskodnia kell kiutaz\u00e1s\u00e1r\u00f3l, \u00e9s a biztos\u00edt\u00e1s elint\u00e9z\u00e9s\u00e9r\u0151l,<\/li>\n<li>a kint-tart\u00f3zkod\u00e1s k\u00f6lts\u00e9geit a fogad\u00f3 egyetem v\u00e1llalja (sz\u00e1ll\u00e1s, \u00f6szt\u00f6nd\u00edj).<\/li>\n<\/ul>\n<p align=\"center\"><i><b>Felh\u00edvjuk figyelm\u00fcket, hogy a nyertes p\u00e1ly\u00e1z\u00f3k szem\u00e9ly\u00e9r\u0151l a fogad\u00f3 egyetem d\u00f6nt.<\/b><\/i><\/p>\n<p align=\"center\"><b>A tanulm\u00e1nyi id\u0151 a k\u00fclf\u00f6ldi gyakorlat idej\u00e9vel meghosszabbodik.<\/b> <\/p>\n<p>El\u0151nyben r\u00e9szes\u00fcl az a p\u00e1ly\u00e1z\u00f3, aki m\u00e1r t\u00f6bb \u00e9ve v\u00e9gez tudom\u00e1nyos (TDK) munk\u00e1t.<br \/>\nA p\u00e1ly\u00e1zat eredm\u00e9ny\u00e9r\u0151l mindenkit e mail-ben \u00e9rtes\u00edt\u00fcnk.<\/p>\n","protected":false},"excerpt":{"rendered":"<p>10 h\u00f3napos \u00f6szt\u00f6nd\u00edj Freiburgba \u00e9s Heidelbergbe, V. \u00e9ves orvostanhallgat\u00f3k r\u00e9sz\u00e9re. Hat\u00e1rid\u0151: 2017. \u00e1prilis 10. A Semmelweis Egyetem V. \u00e9ves orvostanhallgat\u00f3inak a 2017\/2018-as tan\u00e9vben is lehet\u0151s\u00e9ge van arra, hogy 10 h\u00f3napos kik\u00fcldet\u00e9sre \u2013 diplomamunk\u00e1j\u00e1nak elk\u00e9sz\u00edt\u00e9s\u00e9hez \u2013 kiutazzon a Heidelbergi vagy a Freiburgi Egyetemre. A Freiburgi Albert-Ludwigs-Egyetemre 2 f\u0151, a Heidelbergi Ruprecht Karls Egyetemre 4 f\u0151 utazhat &hellip;<\/p>\n","protected":false},"author":158,"featured_media":0,"comment_status":"closed","ping_status":"closed","sticky":false,"template":"","format":"standard","meta":{"_acf_changed":false,"footnotes":""},"categories":[1],"tags":[],"class_list":["post-96","post","type-post","status-publish","format-standard","hentry","category-hirek"],"acf":[],"_links":{"self":[{"href":"https:\/\/semmelweis.hu\/kerpel\/wp-json\/wp\/v2\/posts\/96","targetHints":{"allow":["GET"]}}],"collection":[{"href":"https:\/\/semmelweis.hu\/kerpel\/wp-json\/wp\/v2\/posts"}],"about":[{"href":"https:\/\/semmelweis.hu\/kerpel\/wp-json\/wp\/v2\/types\/post"}],"author":[{"embeddable":true,"href":"https:\/\/semmelweis.hu\/kerpel\/wp-json\/wp\/v2\/users\/158"}],"replies":[{"embeddable":true,"href":"https:\/\/semmelweis.hu\/kerpel\/wp-json\/wp\/v2\/comments?post=96"}],"version-history":[{"count":0,"href":"https:\/\/semmelweis.hu\/kerpel\/wp-json\/wp\/v2\/posts\/96\/revisions"}],"wp:attachment":[{"href":"https:\/\/semmelweis.hu\/kerpel\/wp-json\/wp\/v2\/media?parent=96"}],"wp:term":[{"taxonomy":"category","embeddable":true,"href":"https:\/\/semmelweis.hu\/kerpel\/wp-json\/wp\/v2\/categories?post=96"},{"taxonomy":"post_tag","embeddable":true,"href":"https:\/\/semmelweis.hu\/kerpel\/wp-json\/wp\/v2\/tags?post=96"}],"curies":[{"name":"wp","href":"https:\/\/api.w.org\/{rel}","templated":true}]}}