{"id":83,"date":"2019-05-08T00:00:00","date_gmt":"2019-05-08T00:00:00","guid":{"rendered":"http:\/\/test.semmelweis.hu\/kerpel\/150-472522\/"},"modified":"2019-05-08T00:00:00","modified_gmt":"2019-05-08T00:00:00","slug":"150-472522","status":"publish","type":"post","link":"https:\/\/semmelweis.hu\/kerpel\/2019\/05\/08\/150-472522\/","title":{"rendered":"Kult\u00fara \u00e9s Tudom\u00e1ny a Kerpel Di\u00e1kszalonban"},"content":{"rendered":"<p><b>Kov\u00e1cs Eszter cikke a Semmelweis H\u00edrekben a Semmelweis Szalonban megrendezett Kerpel Di\u00e1kszalonr\u00f3l <a href=\"https:\/\/semmelweis.hu\/hirek\/2018\/05\/11\/kultura-es-tudomany-a-kerpel-diakszalonban\/\">Az eredeti cikk a h\u00edrekben itt el\u00e9rhet\u0151.<\/a><\/b><\/p>\n<p><a href=\"https:\/\/semmelweis.hu\/hirek\/2018\/05\/11\/kultura-es-tudomany-a-kerpel-diakszalonban\/\" rel=\"bookmark\">2018. m\u00e1jus 11. p\u00e9ntek<\/a><\/p>\n<p>Tudom\u00e1nyos \u00e9s kultur\u00e1lis el\u0151ad\u00e1sokat is bemutattak a hallgat\u00f3k a Kerpel-Fronius \u00d6d\u00f6n Tehets\u00e9ggondoz\u00f3 Program Di\u00e1kszalonj\u00e1ban. A Semmelweis Szalonban megtartott tehets\u00e9gnap keretein bel\u00fcl d\u00edjakat adtak \u00e1t a legkiv\u00e1l\u00f3bb hallgat\u00f3knak \u00e9s mentoroknak.<\/p>\n<p style=\"text-align: center\"><a href=\"https:\/\/semmelweis.hu\/kerpel\/files\/2019\/05\/RS79429_IMG_4952-scr.jpg\"><img loading=\"lazy\" decoding=\"async\" src=\"https:\/\/semmelweis.hu\/kerpel\/files\/2019\/05\/RS79429_IMG_4952-scr-300x200.jpg\" alt=\"\" width=\"300\" height=\"200\" \/><\/a><\/p>\n<p>Dr. Fekete Gy\u00f6rgy, a program Tehets\u00e9ggondoz\u00f3 Tan\u00e1cs\u00e1nak eln\u00f6ke eml\u00e9keztetett, hogy az idei els\u0151 di\u00e1kszalont <a href=\"https:\/\/semmelweis.hu\/hirek\/2018\/02\/23\/kerpel-tudomanyos-diakszalont-rendeztek-hollokon\/\" target=\"_blank\" rel=\"noopener noreferrer\">Holl\u00f3k\u0151n rendezt\u00e9k meg<\/a>. Mint ismertette, id\u00e9n 20 hallgat\u00f3t vettek fel a tehets\u00e9ggondoz\u00f3 programba, akik \u2013 mint a felv\u00e9teli sor\u00e1n kider\u00fclt \u2013 j\u00f3 mentort v\u00e1rnak a programban val\u00f3 r\u00e9szv\u00e9telt\u0151l, akit\u0151l \u0151szinte, j\u00f3 tan\u00e1csokat kapnak. A mentorok \u00e1ltal \u201eelhullatott magok\u201d \u00e9vekre, \u00e9vtizedekre nyomot hagyhatnak a fiatalokban \u2013 sz\u00f3lt Dr. Fekete Gy\u00f6rgy, \u00e9s azt tan\u00e1csolta a di\u00e1koknak, hogy less\u00e9k el mentoraik tan\u00edt\u00e1sait, gondolatait, \u00e9s vigy\u00e9k azt tov\u00e1bb t\u00f6bb gener\u00e1ci\u00f3n kereszt\u00fcl.<\/p>\n<p style=\"text-align: center\"><a href=\"https:\/\/semmelweis.hu\/kerpel\/files\/2019\/05\/RS79406_IMG_5004-scr.jpg\"><img loading=\"lazy\" decoding=\"async\" src=\"https:\/\/semmelweis.hu\/kerpel\/files\/2019\/05\/RS79406_IMG_5004-scr-300x200.jpg\" alt=\"\" width=\"300\" height=\"200\" \/><\/a><\/p>\n<p>A Kerpel Di\u00e1kszalonok az EFOP 3.6.3. p\u00e1ly\u00e1zat t\u00e1mogat\u00e1s\u00e1val val\u00f3sulnak meg \u2013 ismertette Dr. Szab\u00f3 Attila, a program titk\u00e1ra hozz\u00e1t\u00e9ve, hogy a r\u00e9sztvev\u0151ket hasonl\u00f3 p\u00e1ly\u00e1zatokkal tudj\u00e1k t\u00e1mogatni. Karinthy M\u00e1rton gondolatait id\u00e9zve a csal\u00e1d kev\u00e9sb\u00e9 ismert tagj\u00e1r\u00f3l, Karinthy G\u00e1borr\u00f3l r\u00e1mutatott: ahhoz, hogy a tehets\u00e9gek ki tudjanak bontakozni, sikereket \u00e9rjenek el, sz\u00fcks\u00e9g van tehets\u00e9ggondoz\u00e1sra, a fiatalok t\u00e1mogat\u00e1s\u00e1ra \u00e9s seg\u00edt\u00e9s\u00e9re.<\/p>\n<p>A legkiv\u00e1l\u00f3bb tudom\u00e1nyos eredm\u00e9nyt el\u00e9r\u0151 fiatalok f\u00e9l-f\u00e9lmilli\u00f3 forintos t\u00e1mogat\u00e1st kaphatnak a p\u00e1ly\u00e1zati forr\u00e1snak k\u00f6sz\u00f6nhet\u0151en \u2013 ismertette Dr. Szab\u00f3 Attila. A d\u00edjat \u00f6t hallgat\u00f3nak \u00edt\u00e9lte oda a Tehets\u00e9ggondoz\u00f3 Tan\u00e1cs: Dr. Moln\u00e1r \u00c1gnes, Dr. Prokop Susanne, Dr. Szab\u00f3 B\u00e1lint Gergely, Dr. T\u00f3th-Vajna Gergely PhD-hallgat\u00f3k, valamint Vecsey-Nagy Mil\u00e1n, az \u00c1ltal\u00e1nos Orvostudom\u00e1nyi Kar (\u00c1OK) \u00f6t\u00f6d\u00e9ves hallgat\u00f3ja vehette \u00e1t oklevel\u00e9t a rendezv\u00e9nyen nyertes p\u00e1ly\u00e1zat\u00e1\u00e9rt.<\/p>\n<p style=\"text-align: center\"><a href=\"https:\/\/semmelweis.hu\/kerpel\/files\/2019\/05\/RS79407_IMG_4997-scr.jpg\"><img loading=\"lazy\" decoding=\"async\" src=\"https:\/\/semmelweis.hu\/kerpel\/files\/2019\/05\/RS79407_IMG_4997-scr-300x200.jpg\" alt=\"\" width=\"300\" height=\"200\" \/><\/a><\/p>\n<p>A k\u00f6sz\u00f6nt\u0151ket k\u00f6vet\u0151en a Kerpel-Fronius Tehets\u00e9ggondoz\u00f3 Program \u00f6t hallgat\u00f3ja sz\u00e1molt be tudom\u00e1nyos eredm\u00e9nyeir\u0151l. F\u00e9s\u0171s Luca (\u00c1OK) \u201eKontakt szenzibiliz\u00e1ci\u00f3 feln\u0151ttkori at\u00f3pi\u00e1s dermatitisben\u201d c\u00edmmel tartott el\u0151ad\u00e1st; Erdei Gerg\u0151 (PhD) a gyermekkori t\u00fals\u00faly \u00e9s elh\u00edz\u00e1s prevalenci\u00e1ja, region\u00e1lis k\u00fcl\u00f6nbs\u00e9gei \u00e9s a k\u00fcl\u00f6nbs\u00e9gek h\u00e1tter\u00e9ben \u00e1ll\u00f3 szociodemogr\u00e1fiai t\u00e9nyez\u0151kr\u0151l besz\u00e9lt; F\u00e9s\u00fcs Vikt\u00f3ria (\u00c1OK VI.) \u201eTP53, BTK \u00e9s PLCG2 mut\u00e1ci\u00f3k vizsg\u00e1lata kr\u00f3nikus limfocit\u00e1s leuk\u00e9mi\u00e1ban\u201d c\u00edm\u0171 prezent\u00e1ci\u00f3j\u00e1t adta el\u0151; Cs\u0171ry Tam\u00e1s D\u00e1niel (\u00c1OK V.) pedig az agyi \u00e1tt\u00e9tek terjed\u00e9s\u00e9nek \u00e9s erez\u0151d\u00e9s\u00e9nek sz\u00f6vettani jellegzetess\u00e9geir\u0151l sz\u00f3l\u00f3 kutat\u00e1st mutatta be. A tehets\u00e9ggondoz\u00f3 program hallgat\u00f3inak kultur\u00e1lis m\u0171sor\u00e1ban Nagy Emese (\u00c1OK I.) \u00e9s Vik\u00e1r Simon (\u00c1OK. I.) zongor\u00e1n, Guly\u00e1s Lili (\u00c1OK I.) fuvol\u00e1n j\u00e1tszott, Kov\u00e1cs Klaudia (\u00c1OK IV.) \u00e9nekelt, valamint megtekinthette a k\u00f6z\u00f6ns\u00e9g D\u00e9k\u00e1ny Lea (\u00c1OK I.) \u00e9s Csert\u0151 D\u00f3ra Alinka (\u00c1OK I.) festm\u00e9nyeinek ki\u00e1ll\u00edt\u00e1s\u00e1t.<\/p>\n<p>Keresztes Eszter<br \/>\nFot\u00f3: Kov\u00e1cs Attila \u2013 Semmelweis Egyetem<\/p>\n<p>Tov\u00e1bbi k\u00e9pek \u00e9s az eredeti cikk <a href=\"https:\/\/semmelweis.hu\/hirek\/2018\/05\/11\/kultura-es-tudomany-a-kerpel-diakszalonban\/\" target=\"_top\" rel=\"noopener noreferrer\">el\u00e9rhet\u0151 az al\u00e1bbi oldalon.<\/a><\/p>\n<hr \/>\n<p>A program megval\u00f3sul\u00e1s\u00e1t t\u00e1mogatta:<\/p>\n<p><u>Semmelweis Egyetem<\/u><br \/>\nKerpel-Fronius \u00d6d\u00f6n Tehets\u00e9ggondoz\u00f3 Tan\u00e1cs<br \/>\n\u00e9s<br \/>\n<b>\u201eAz orvos-, eg\u00e9szs\u00e9gtudom\u00e1nyi- \u00e9s gy\u00f3gyszer\u00e9szk\u00e9pz\u00e9s<\/b><br \/>\n<b>tudom\u00e1nyos m\u0171helyeinek fejleszt\u00e9se\u201d<\/b> c\u00edm\u0171,<br \/>\n<b>EFOP-3.6.3-VEKOP-16-2017-00009<\/b> azonos\u00edt\u00f3sz\u00e1m\u00fa<br \/>\nprojekt-t\u00e1mogat\u00e1s<\/p>\n<p><img decoding=\"async\" src=\"https:\/\/semmelweis.hu\/kerpel\/files\/2019\/05\/Szchenyi2020ESZA.jpg\" align=\"right\" \/><\/p>\n","protected":false},"excerpt":{"rendered":"<p>Kov\u00e1cs Eszter cikke a Semmelweis H\u00edrekben a Semmelweis Szalonban megrendezett Kerpel Di\u00e1kszalonr\u00f3l <a href=\"https:\/\/semmelweis.hu\/hirek\/2018\/05\/11\/kultura-es-tudomany-a-kerpel-diakszalonban\/\">Az eredeti cikk a h\u00edrekben itt el\u00e9rhet\u0151.<\/a> <a href=\"https:\/\/semmelweis.hu\/hirek\/2018\/05\/11\/kultura-es-tudomany-a-kerpel-diakszalonban\/\" rel=\"bookmark\">2018. m\u00e1jus 11. p\u00e9ntek<\/a> Tudom\u00e1nyos \u00e9s kultur\u00e1lis el\u0151ad\u00e1sokat is bemutattak a hallgat\u00f3k a Kerpel-Fronius \u00d6d\u00f6n Tehets\u00e9ggondoz\u00f3 Program Di\u00e1kszalonj\u00e1ban. A Semmelweis Szalonban megtartott tehets\u00e9gnap keretein bel\u00fcl d\u00edjakat adtak \u00e1t a legkiv\u00e1l\u00f3bb hallgat\u00f3knak \u00e9s mentoroknak. <a href=\"https:\/\/semmelweis.hu\/kerpel\/files\/2019\/05\/RS79429_IMG_4952-scr.jpg\"><\/a> Dr. Fekete Gy\u00f6rgy, a program Tehets\u00e9ggondoz\u00f3 Tan\u00e1cs\u00e1nak eln\u00f6ke eml\u00e9keztetett, hogy az idei els\u0151 di\u00e1kszalont &hellip;<\/p>\n","protected":false},"author":158,"featured_media":0,"comment_status":"closed","ping_status":"closed","sticky":false,"template":"","format":"standard","meta":{"_acf_changed":false,"footnotes":""},"categories":[1],"tags":[],"class_list":["post-83","post","type-post","status-publish","format-standard","hentry","category-hirek"],"acf":[],"_links":{"self":[{"href":"https:\/\/semmelweis.hu\/kerpel\/wp-json\/wp\/v2\/posts\/83","targetHints":{"allow":["GET"]}}],"collection":[{"href":"https:\/\/semmelweis.hu\/kerpel\/wp-json\/wp\/v2\/posts"}],"about":[{"href":"https:\/\/semmelweis.hu\/kerpel\/wp-json\/wp\/v2\/types\/post"}],"author":[{"embeddable":true,"href":"https:\/\/semmelweis.hu\/kerpel\/wp-json\/wp\/v2\/users\/158"}],"replies":[{"embeddable":true,"href":"https:\/\/semmelweis.hu\/kerpel\/wp-json\/wp\/v2\/comments?post=83"}],"version-history":[{"count":0,"href":"https:\/\/semmelweis.hu\/kerpel\/wp-json\/wp\/v2\/posts\/83\/revisions"}],"wp:attachment":[{"href":"https:\/\/semmelweis.hu\/kerpel\/wp-json\/wp\/v2\/media?parent=83"}],"wp:term":[{"taxonomy":"category","embeddable":true,"href":"https:\/\/semmelweis.hu\/kerpel\/wp-json\/wp\/v2\/categories?post=83"},{"taxonomy":"post_tag","embeddable":true,"href":"https:\/\/semmelweis.hu\/kerpel\/wp-json\/wp\/v2\/tags?post=83"}],"curies":[{"name":"wp","href":"https:\/\/api.w.org\/{rel}","templated":true}]}}