{"id":82,"date":"2019-05-08T00:00:00","date_gmt":"2019-05-08T00:00:00","guid":{"rendered":"http:\/\/test.semmelweis.hu\/kerpel\/150-473102\/"},"modified":"2019-05-08T00:00:00","modified_gmt":"2019-05-08T00:00:00","slug":"150-473102","status":"publish","type":"post","link":"https:\/\/semmelweis.hu\/kerpel\/2019\/05\/08\/150-473102\/","title":{"rendered":"Mentor Workshop"},"content":{"rendered":"<p><b>Megh\u00edv\u00f3 mentoraink sz\u00e1m\u00e1ra a &#8222;Hat\u00e9kony kommunik\u00e1ci\u00f3 Z gener\u00e1ci\u00f3s nemzetk\u00f6zi hallgat\u00f3kkal&#8221;, nemzetk\u00f6zi hallgat\u00f3kat t\u00e1mogat\u00f3 mentorprogramok munkat\u00e1rsai r\u00e9sz\u00e9re c\u00edm\u0171 m\u0171helyre.<\/b><\/p>\n<p>2018-ban folytatjuk a megkezdett munk\u00e1t, \u00e9s \u00fajabb alkalommal jelentkezik a <b>Tempus K\u00f6zalap\u00edtv\u00e1ny<\/b> m\u0171helysorozata. Ez\u00fattal a \u2013 f\u0151k\u00e9pp a Z gener\u00e1ci\u00f3ba tartoz\u00f3 \u2013 nemzetk\u00f6zi hallgat\u00f3kkal t\u00f6rt\u00e9n\u0151 kommunik\u00e1ci\u00f3 hat\u00e9konyabb\u00e1 t\u00e9tel\u00e9re f\u00f3kusz\u00e1lunk, gondolat\u00e9breszt\u0151 el\u0151ad\u00e1sok \u00e9s interakt\u00edv csoportmunka seg\u00edts\u00e9g\u00e9vel.<\/p>\n<p align=\"center\"><b>A szakmai m\u0171hely id\u0151pontja: 2018.j\u00fanius 21. 10:00-16:00<\/b><\/p>\n<p>A szakmai m\u0171hely els\u0151 r\u00e9sz\u00e9ben a nemzetk\u00f6zi hallgat\u00f3kat gener\u00e1ci\u00f3s szempontb\u00f3l vizsg\u00e1ljuk meg, r\u00e1mutatva a gener\u00e1ci\u00f3elm\u00e9let hi\u00e1nyoss\u00e1gaira, valamint az interkultur\u00e1lis k\u00fcl\u00f6nbs\u00e9gekb\u0151l fakad\u00f3 elt\u00e9r\u00e9sekre is. A d\u00e9lut\u00e1ni program a hallgat\u00f3k kommunik\u00e1ci\u00f3s szok\u00e1sait tekinti \u00e1t, ismertetve a leggyakrabban haszn\u00e1lt kommunik\u00e1ci\u00f3s csatorn\u00e1kat \u00e9s a leg\u00fajabb trendeket, valamint olyan kommunik\u00e1ci\u00f3s m\u00f3dszereket, amelyek sz\u00fcks\u00e9gesek a hallgat\u00f3k hat\u00e9kony el\u00e9r\u00e9s\u00e9hez.<\/p>\n<p>Az el\u0151ad\u00e1sokhoz kapcsol\u00f3d\u00f3 csoportmunk\u00e1k sor\u00e1n az elhangzott ismeretek gyakorlatba val\u00f3 \u00e1t\u00fcltet\u00e9se zajlik majd, az ismertetett applik\u00e1ci\u00f3kat, platformokat, csatorn\u00e1kat pedig gyakorlatban is alkalmazzuk. Emiatt fontos, hogy a rendezv\u00e9nyre minden r\u00e9sztvev\u0151 hozzon mag\u00e1val okostelefont vagy tabletet, \u00e9s az eszk\u00f6z\u00f6n el\u0151zetesen telep\u00edtse a k\u00f6vetkez\u0151 alkalmaz\u00e1sokat, majd hozzon l\u00e9tre saj\u00e1t felhaszn\u00e1l\u00f3i fi\u00f3kot: Facebook, Instagram, Twitter, Snapchat, WhatsApp, Viber, QQ.<\/p>\n<p><b>A szakmai m\u0171hely az EFOP-3.4.2-VEKOP-15-2015-00001 azonos\u00edt\u00f3sz\u00e1m\u00fa Campus Mundi projekt keret\u00e9ben val\u00f3sul meg.<\/b><\/p>\n<p><b>A rendezv\u00e9ny ingyenes, de regisztr\u00e1ci\u00f3hoz k\u00f6t\u00f6tt.<\/b> A szakmai m\u0171helyre vonatkoz\u00f3 r\u00e9szv\u00e9teli sz\u00e1nd\u00e9k\u00e1t a Tempus K\u00f6zalap\u00edtv\u00e1ny honlapj\u00e1n tal\u00e1lhat\u00f3 regisztr\u00e1ci\u00f3s \u0171rlap kit\u00f6lt\u00e9s\u00e9vel jelezheti.<\/p>\n<p><b>A regisztr\u00e1ci\u00f3s \u0171rlap<span style=\"color: #33ccff\"> <a href=\"http:\/\/tka.hu\/rendezveny\/9898\/hatekony-kommunikacio-z-generacios-nemzetkozi-hallgatokkal-nemzetkozi-hallgatokat-tamogato-mentorprogramok-munkatarsai-reszere#rsvpForm\" target=\"_blank\" rel=\"noopener noreferrer\">ezen a linken<\/a><\/span> \u00e9rhet\u0151 el.<\/b><\/p>\n<p><span style=\"color: #ff0000;font-size: large\"><b>Jelentkez\u00e9si hat\u00e1rid\u0151: 2018. j\u00fanius 14. 12:00<\/b><\/span><\/p>\n<p>A r\u00e9szletes program az <span style=\"color: #00cccc\"><b><a href=\"https:\/\/semmelweis.hu\/kerpel\/files\/2019\/05\/mentor_workshop_z_gen.pdf\">al\u00e1bbi f\u00e1jlban<\/a><\/b><\/span> vagy a <a href=\"http:\/\/tka.hu\/rendezveny\/9898\/hatekony-kommunikacio-z-generacios-nemzetkozi-hallgatokkal-nemzetkozi-hallgatokat-tamogato-mentorprogramok-munkatarsai-reszere#rsvpForm\" target=\"_blank\" rel=\"noopener noreferrer\">Tempus K\u00f6zalap\u00edtv\u00e1ny honlapj\u00e1n<\/a> el\u00e9rhet\u0151.<\/span><\/p>\n<p><img decoding=\"async\" src=\"https:\/\/semmelweis.hu\/kerpel\/files\/2019\/05\/tempus.jpg\" \/> <img decoding=\"async\" src=\"https:\/\/semmelweis.hu\/kerpel\/files\/2019\/05\/IMAGE1.jpeg\" \/> <img decoding=\"async\" src=\"https:\/\/semmelweis.hu\/kerpel\/files\/2019\/05\/camousmundi.jpg\" \/> <img decoding=\"async\" src=\"https:\/\/semmelweis.hu\/kerpel\/files\/2019\/05\/szechenyi2020minin.jpg\" \/> <img decoding=\"async\" src=\"https:\/\/semmelweis.hu\/kerpel\/files\/2019\/05\/eumini.jpg\" \/><\/p>\n","protected":false},"excerpt":{"rendered":"<p>Megh\u00edv\u00f3 mentoraink sz\u00e1m\u00e1ra a &#8222;Hat\u00e9kony kommunik\u00e1ci\u00f3 Z gener\u00e1ci\u00f3s nemzetk\u00f6zi hallgat\u00f3kkal&#8221;, nemzetk\u00f6zi hallgat\u00f3kat t\u00e1mogat\u00f3 mentorprogramok munkat\u00e1rsai r\u00e9sz\u00e9re c\u00edm\u0171 m\u0171helyre. 2018-ban folytatjuk a megkezdett munk\u00e1t, \u00e9s \u00fajabb alkalommal jelentkezik a Tempus K\u00f6zalap\u00edtv\u00e1ny m\u0171helysorozata. Ez\u00fattal a \u2013 f\u0151k\u00e9pp a Z gener\u00e1ci\u00f3ba tartoz\u00f3 \u2013 nemzetk\u00f6zi hallgat\u00f3kkal t\u00f6rt\u00e9n\u0151 kommunik\u00e1ci\u00f3 hat\u00e9konyabb\u00e1 t\u00e9tel\u00e9re f\u00f3kusz\u00e1lunk, gondolat\u00e9breszt\u0151 el\u0151ad\u00e1sok \u00e9s interakt\u00edv csoportmunka seg\u00edts\u00e9g\u00e9vel. A szakmai &hellip;<\/p>\n","protected":false},"author":158,"featured_media":0,"comment_status":"closed","ping_status":"closed","sticky":false,"template":"","format":"standard","meta":{"_acf_changed":false,"footnotes":""},"categories":[1],"tags":[],"class_list":["post-82","post","type-post","status-publish","format-standard","hentry","category-hirek"],"acf":[],"_links":{"self":[{"href":"https:\/\/semmelweis.hu\/kerpel\/wp-json\/wp\/v2\/posts\/82","targetHints":{"allow":["GET"]}}],"collection":[{"href":"https:\/\/semmelweis.hu\/kerpel\/wp-json\/wp\/v2\/posts"}],"about":[{"href":"https:\/\/semmelweis.hu\/kerpel\/wp-json\/wp\/v2\/types\/post"}],"author":[{"embeddable":true,"href":"https:\/\/semmelweis.hu\/kerpel\/wp-json\/wp\/v2\/users\/158"}],"replies":[{"embeddable":true,"href":"https:\/\/semmelweis.hu\/kerpel\/wp-json\/wp\/v2\/comments?post=82"}],"version-history":[{"count":0,"href":"https:\/\/semmelweis.hu\/kerpel\/wp-json\/wp\/v2\/posts\/82\/revisions"}],"wp:attachment":[{"href":"https:\/\/semmelweis.hu\/kerpel\/wp-json\/wp\/v2\/media?parent=82"}],"wp:term":[{"taxonomy":"category","embeddable":true,"href":"https:\/\/semmelweis.hu\/kerpel\/wp-json\/wp\/v2\/categories?post=82"},{"taxonomy":"post_tag","embeddable":true,"href":"https:\/\/semmelweis.hu\/kerpel\/wp-json\/wp\/v2\/tags?post=82"}],"curies":[{"name":"wp","href":"https:\/\/api.w.org\/{rel}","templated":true}]}}