{"id":81,"date":"2019-05-08T00:00:00","date_gmt":"2019-05-08T00:00:00","guid":{"rendered":"http:\/\/test.semmelweis.hu\/kerpel\/150-477269\/"},"modified":"2019-05-08T00:00:00","modified_gmt":"2019-05-08T00:00:00","slug":"150-477269","status":"publish","type":"post","link":"https:\/\/semmelweis.hu\/kerpel\/2019\/05\/08\/150-477269\/","title":{"rendered":"Semmelweis Egyetem Bar\u00e1ti K\u00f6r rendezv\u00e9nye"},"content":{"rendered":"<p><b>Minden kedves \u00e9rdekl\u0151d\u0151t szeretettel megh\u00edvunk a Bar\u00e1ti K\u00f6r szeptemberi rendezv\u00e9ny\u00e9re, melyen Dr. Hujber Zolt\u00e1n PhD-halgat\u00f3 \u00e9s Prof. emer. Dr. Mandl J\u00f3zsef az MTA rendes tagja el\u0151ad\u00e1sait hallgathatj\u00e1k meg.<\/b><\/p>\n<p style=\"text-align: center\">Id\u00e9n (2018) <b>szeptember\u00e9ben 26-\u00e1n, szerd\u00e1n 17:00-<\/b>t\u00f3l ker\u00fcl megrendez\u00e9sre a Semmelweis Egyetem Bar\u00e1ti k\u00f6r\u00e9nek rendezv\u00e9nye.<br \/>\nA rendezv\u00e9ny helysz\u00edne:<br \/>\n&gt;<b>Semmelweis Egyetem Elm\u00e9leti Orvostudom\u00e1nyi K\u00f6zpont, Bezn\u00e1k Alad\u00e1r terem<\/b><br \/>\n(1094 Budapest, T\u0171zolt\u00f3 u. 37-47. I. em.)<br \/>\n<b>Dr. Hujber Zolt\u00e1n PhD-hallgat\u00f3<\/b> <i>&#8222;Tumorsejtek megv\u00e1ltozott anyagcser\u00e9je &#8211; f\u00f3kuszban az<br \/>\nonkometabolitok&#8221;<\/i><br \/>\nvalamint<br \/>\n<b>Prof. emer. Dr. Mandl J\u00f3zsef<\/b> az MTA rendes tagja <i>&#8222;Az Eg\u00e9szs\u00e9g\u00fcgyi Tudom\u00e1nyos Tan\u00e1cs a magyar<br \/>\nk\u00f6zigazgat\u00e1s egy fontos int\u00e9zm\u00e9nye&#8221;<\/i><br \/>\nc\u00edm\u0171 el\u0151ad\u00e1sokon vehetnek r\u00e9szt<\/p>\n<p>Szeretettel v\u00e1runk mindenkit!<br \/>\nB\u00e1tran h\u00edvja meg bar\u00e1tit \u00e9s munkat\u00e1rsait is!<br \/>\nA program el\u0151tt f\u00e9l \u00f3r\u00e1val b\u00fcf\u00e9vel v\u00e1rj\u00e1k a r\u00e9sztvev\u0151ket.<\/p>\n<p><b>A Bar\u00e1ti K\u00f6r hivatalos megh\u00edv\u00f3ja <a href=\"https:\/\/semmelweis.hu\/kerpel\/files\/2019\/05\/megh2018szept26.doc\" target=\"_blank\" rel=\"noopener noreferrer\">megtekinthet\u0151 itt.<\/a><\/b><\/p>\n","protected":false},"excerpt":{"rendered":"<p>Minden kedves \u00e9rdekl\u0151d\u0151t szeretettel megh\u00edvunk a Bar\u00e1ti K\u00f6r szeptemberi rendezv\u00e9ny\u00e9re, melyen Dr. Hujber Zolt\u00e1n PhD-halgat\u00f3 \u00e9s Prof. emer. Dr. Mandl J\u00f3zsef az MTA rendes tagja el\u0151ad\u00e1sait hallgathatj\u00e1k meg. Id\u00e9n (2018) szeptember\u00e9ben 26-\u00e1n, szerd\u00e1n 17:00-t\u00f3l ker\u00fcl megrendez\u00e9sre a Semmelweis Egyetem Bar\u00e1ti k\u00f6r\u00e9nek rendezv\u00e9nye. A rendezv\u00e9ny helysz\u00edne: &gt;Semmelweis Egyetem Elm\u00e9leti Orvostudom\u00e1nyi K\u00f6zpont, Bezn\u00e1k Alad\u00e1r terem (1094 Budapest, &hellip;<\/p>\n","protected":false},"author":158,"featured_media":0,"comment_status":"closed","ping_status":"closed","sticky":false,"template":"","format":"standard","meta":{"_acf_changed":false,"footnotes":""},"categories":[1],"tags":[],"class_list":["post-81","post","type-post","status-publish","format-standard","hentry","category-hirek"],"acf":[],"_links":{"self":[{"href":"https:\/\/semmelweis.hu\/kerpel\/wp-json\/wp\/v2\/posts\/81","targetHints":{"allow":["GET"]}}],"collection":[{"href":"https:\/\/semmelweis.hu\/kerpel\/wp-json\/wp\/v2\/posts"}],"about":[{"href":"https:\/\/semmelweis.hu\/kerpel\/wp-json\/wp\/v2\/types\/post"}],"author":[{"embeddable":true,"href":"https:\/\/semmelweis.hu\/kerpel\/wp-json\/wp\/v2\/users\/158"}],"replies":[{"embeddable":true,"href":"https:\/\/semmelweis.hu\/kerpel\/wp-json\/wp\/v2\/comments?post=81"}],"version-history":[{"count":0,"href":"https:\/\/semmelweis.hu\/kerpel\/wp-json\/wp\/v2\/posts\/81\/revisions"}],"wp:attachment":[{"href":"https:\/\/semmelweis.hu\/kerpel\/wp-json\/wp\/v2\/media?parent=81"}],"wp:term":[{"taxonomy":"category","embeddable":true,"href":"https:\/\/semmelweis.hu\/kerpel\/wp-json\/wp\/v2\/categories?post=81"},{"taxonomy":"post_tag","embeddable":true,"href":"https:\/\/semmelweis.hu\/kerpel\/wp-json\/wp\/v2\/tags?post=81"}],"curies":[{"name":"wp","href":"https:\/\/api.w.org\/{rel}","templated":true}]}}