{"id":3680,"date":"2025-11-05T09:59:58","date_gmt":"2025-11-05T08:59:58","guid":{"rendered":"https:\/\/semmelweis.hu\/kerpel\/?p=3680"},"modified":"2025-11-05T10:00:45","modified_gmt":"2025-11-05T09:00:45","slug":"tehetseg%c2%b2-cikksorozat-verboczi-noemi","status":"publish","type":"post","link":"https:\/\/semmelweis.hu\/kerpel\/2025\/11\/05\/tehetseg%c2%b2-cikksorozat-verboczi-noemi\/","title":{"rendered":"TEHETS\u00c9G\u00b2 cikksorozat: Verb\u0151czi No\u00e9mi"},"content":{"rendered":"<blockquote class=\"wp-embedded-content\" data-secret=\"sxdEFoH7XD\"><p><a href=\"https:\/\/semmelweis.hu\/hirek\/2025\/11\/03\/tehetseg%c2%b2-balettkarrierje-utan-tancmedicinaval-segiti-a-tancosokat-verboczi-noemi\/\">Tehets\u00e9g\u00b2: Balettkarrierje ut\u00e1n t\u00e1ncmedicin\u00e1val seg\u00edti a t\u00e1ncosokat Verb\u0151czi No\u00e9mi<\/a><\/p><\/blockquote>\n<p><iframe loading=\"lazy\" class=\"wp-embedded-content\" sandbox=\"allow-scripts\" security=\"restricted\" style=\"position: absolute; visibility: hidden;\" title=\"&#8220;Tehets\u00e9g\u00b2: Balettkarrierje ut\u00e1n t\u00e1ncmedicin\u00e1val seg\u00edti a t\u00e1ncosokat Verb\u0151czi No\u00e9mi&#8221; &#8212; Semmelweis H\u00edrek\" src=\"https:\/\/semmelweis.hu\/hirek\/2025\/11\/03\/tehetseg%c2%b2-balettkarrierje-utan-tancmedicinaval-segiti-a-tancosokat-verboczi-noemi\/embed\/#?secret=AzQWf76TRB#?secret=sxdEFoH7XD\" data-secret=\"sxdEFoH7XD\" width=\"600\" height=\"338\" frameborder=\"0\" marginwidth=\"0\" marginheight=\"0\" scrolling=\"no\"><\/iframe><\/p>\n","protected":false},"excerpt":{"rendered":"<p><a href=\"https:\/\/semmelweis.hu\/hirek\/2025\/11\/03\/tehetseg%c2%b2-balettkarrierje-utan-tancmedicinaval-segiti-a-tancosokat-verboczi-noemi\/\">Tehets\u00e9g\u00b2: Balettkarrierje ut\u00e1n t\u00e1ncmedicin\u00e1val seg\u00edti a t\u00e1ncosokat Verb\u0151czi No\u00e9mi<\/a><\/p>\n","protected":false},"author":102169,"featured_media":0,"comment_status":"closed","ping_status":"closed","sticky":false,"template":"","format":"standard","meta":{"_acf_changed":false,"footnotes":""},"categories":[1],"tags":[],"class_list":["post-3680","post","type-post","status-publish","format-standard","hentry","category-hirek"],"acf":[],"_links":{"self":[{"href":"https:\/\/semmelweis.hu\/kerpel\/wp-json\/wp\/v2\/posts\/3680","targetHints":{"allow":["GET"]}}],"collection":[{"href":"https:\/\/semmelweis.hu\/kerpel\/wp-json\/wp\/v2\/posts"}],"about":[{"href":"https:\/\/semmelweis.hu\/kerpel\/wp-json\/wp\/v2\/types\/post"}],"author":[{"embeddable":true,"href":"https:\/\/semmelweis.hu\/kerpel\/wp-json\/wp\/v2\/users\/102169"}],"replies":[{"embeddable":true,"href":"https:\/\/semmelweis.hu\/kerpel\/wp-json\/wp\/v2\/comments?post=3680"}],"version-history":[{"count":2,"href":"https:\/\/semmelweis.hu\/kerpel\/wp-json\/wp\/v2\/posts\/3680\/revisions"}],"predecessor-version":[{"id":3682,"href":"https:\/\/semmelweis.hu\/kerpel\/wp-json\/wp\/v2\/posts\/3680\/revisions\/3682"}],"wp:attachment":[{"href":"https:\/\/semmelweis.hu\/kerpel\/wp-json\/wp\/v2\/media?parent=3680"}],"wp:term":[{"taxonomy":"category","embeddable":true,"href":"https:\/\/semmelweis.hu\/kerpel\/wp-json\/wp\/v2\/categories?post=3680"},{"taxonomy":"post_tag","embeddable":true,"href":"https:\/\/semmelweis.hu\/kerpel\/wp-json\/wp\/v2\/tags?post=3680"}],"curies":[{"name":"wp","href":"https:\/\/api.w.org\/{rel}","templated":true}]}}