{"id":3665,"date":"2025-10-03T09:21:18","date_gmt":"2025-10-03T07:21:18","guid":{"rendered":"https:\/\/semmelweis.hu\/kerpel\/?p=3665"},"modified":"2025-10-03T09:21:18","modified_gmt":"2025-10-03T07:21:18","slug":"tehetseg%c2%b2-cikksorozat-toth-vajna-testverpar","status":"publish","type":"post","link":"https:\/\/semmelweis.hu\/kerpel\/2025\/10\/03\/tehetseg%c2%b2-cikksorozat-toth-vajna-testverpar\/","title":{"rendered":"TEHETS\u00c9G\u00b2 cikksorozat : T\u00f3th-Vajna testv\u00e9rp\u00e1r"},"content":{"rendered":"<blockquote class=\"wp-embedded-content\" data-secret=\"GtxFGSDjCh\"><p><a href=\"https:\/\/semmelweis.hu\/hirek\/2025\/10\/03\/tehetseg%c2%b2-az-orvoslasban-es-a-zeneben-is-csucsra-jutott-a-toth-vajna-testverpar\/\">Tehets\u00e9g\u00b2: az orvosl\u00e1sban \u00e9s a zen\u00e9ben is cs\u00facsra jutott a T\u00f3th-Vajna testv\u00e9rp\u00e1r<\/a><\/p><\/blockquote>\n<p><iframe loading=\"lazy\" class=\"wp-embedded-content\" sandbox=\"allow-scripts\" security=\"restricted\" style=\"position: absolute; visibility: hidden;\" title=\"&#8220;Tehets\u00e9g\u00b2: az orvosl\u00e1sban \u00e9s a zen\u00e9ben is cs\u00facsra jutott a T\u00f3th-Vajna testv\u00e9rp\u00e1r&#8221; &#8212; Semmelweis H\u00edrek\" src=\"https:\/\/semmelweis.hu\/hirek\/2025\/10\/03\/tehetseg%c2%b2-az-orvoslasban-es-a-zeneben-is-csucsra-jutott-a-toth-vajna-testverpar\/embed\/#?secret=tAVNWxL4qw#?secret=GtxFGSDjCh\" data-secret=\"GtxFGSDjCh\" width=\"600\" height=\"338\" frameborder=\"0\" marginwidth=\"0\" marginheight=\"0\" scrolling=\"no\"><\/iframe><\/p>\n","protected":false},"excerpt":{"rendered":"<p><a href=\"https:\/\/semmelweis.hu\/hirek\/2025\/10\/03\/tehetseg%c2%b2-az-orvoslasban-es-a-zeneben-is-csucsra-jutott-a-toth-vajna-testverpar\/\">Tehets\u00e9g\u00b2: az orvosl\u00e1sban \u00e9s a zen\u00e9ben is cs\u00facsra jutott a T\u00f3th-Vajna testv\u00e9rp\u00e1r<\/a><\/p>\n","protected":false},"author":102169,"featured_media":0,"comment_status":"closed","ping_status":"closed","sticky":false,"template":"","format":"standard","meta":{"_acf_changed":false,"footnotes":""},"categories":[1],"tags":[],"class_list":["post-3665","post","type-post","status-publish","format-standard","hentry","category-hirek"],"acf":[],"_links":{"self":[{"href":"https:\/\/semmelweis.hu\/kerpel\/wp-json\/wp\/v2\/posts\/3665","targetHints":{"allow":["GET"]}}],"collection":[{"href":"https:\/\/semmelweis.hu\/kerpel\/wp-json\/wp\/v2\/posts"}],"about":[{"href":"https:\/\/semmelweis.hu\/kerpel\/wp-json\/wp\/v2\/types\/post"}],"author":[{"embeddable":true,"href":"https:\/\/semmelweis.hu\/kerpel\/wp-json\/wp\/v2\/users\/102169"}],"replies":[{"embeddable":true,"href":"https:\/\/semmelweis.hu\/kerpel\/wp-json\/wp\/v2\/comments?post=3665"}],"version-history":[{"count":1,"href":"https:\/\/semmelweis.hu\/kerpel\/wp-json\/wp\/v2\/posts\/3665\/revisions"}],"predecessor-version":[{"id":3666,"href":"https:\/\/semmelweis.hu\/kerpel\/wp-json\/wp\/v2\/posts\/3665\/revisions\/3666"}],"wp:attachment":[{"href":"https:\/\/semmelweis.hu\/kerpel\/wp-json\/wp\/v2\/media?parent=3665"}],"wp:term":[{"taxonomy":"category","embeddable":true,"href":"https:\/\/semmelweis.hu\/kerpel\/wp-json\/wp\/v2\/categories?post=3665"},{"taxonomy":"post_tag","embeddable":true,"href":"https:\/\/semmelweis.hu\/kerpel\/wp-json\/wp\/v2\/tags?post=3665"}],"curies":[{"name":"wp","href":"https:\/\/api.w.org\/{rel}","templated":true}]}}