{"id":3648,"date":"2025-09-10T12:23:13","date_gmt":"2025-09-10T10:23:13","guid":{"rendered":"https:\/\/semmelweis.hu\/kerpel\/?p=3648"},"modified":"2025-09-12T16:23:32","modified_gmt":"2025-09-12T14:23:32","slug":"kerpel-osztondij-2025","status":"publish","type":"post","link":"https:\/\/semmelweis.hu\/kerpel\/2025\/09\/10\/kerpel-osztondij-2025\/","title":{"rendered":"Kerpel \u00d6szt\u00f6nd\u00edj 2025"},"content":{"rendered":"<p style=\"text-align: center\"><strong>Kerpel \u00d6szt\u00f6nd\u00edj 2025<\/strong><\/p>\n<p>A Semmelweis Egyetem Kerpel &#8211; Fronius \u00d6d\u00f6n Tehets\u00e9ggondoz\u00f3 Tan\u00e1csa p\u00e1ly\u00e1zatot hirdet a<br \/>\nprogram hallgat\u00f3i sz\u00e1m\u00e1ra saj\u00e1t tudom\u00e1nyos kutat\u00e1si munka, vagy hazai\/nemzetk\u00f6zi<br \/>\nkonferenci\u00e1n val\u00f3 el\u0151ad\u00e1s\/poszter, vagy nemzetk\u00f6zi \u2013 els\u0151szerz\u0151s\/t\u00e1rsszerz\u0151s \u2013 cikk<br \/>\nt\u00e1mogat\u00e1s\u00e1ra.<\/p>\n<p><strong>T\u00e1mogat\u00e1sra jogosultak k\u00f6re:<br \/>\n<\/strong>1. a Semmelweis Egyetem hallgat\u00f3ja, aki legal\u00e1bb 1 \u00e9ve tagja a Kerpel Tehets\u00e9ggondoz\u00f3 Programnak,<br \/>\n2. \u00e9s emellett a Semmelweis Egyetem gradu\u00e1lis hallgat\u00f3ja, aki legal\u00e1bb 1 \u00e9ve v\u00e9gez<br \/>\ndokument\u00e1ltan TDK munk\u00e1t,<br \/>\n3. vagy a Semmelweis Egyetem PhD hallgat\u00f3ja.<br \/>\n4. a tudom\u00e1nyos kutat\u00e1si munka 2025-ben ker\u00fclt\/ker\u00fcl bemutat\u00e1sra.<\/p>\n<p><strong>A t\u00e1mogat\u00e1sra p\u00e1ly\u00e1z\u00f3 \u00e1ltal beny\u00fajtand\u00f3:<\/strong><br \/>\n1. \u00d6n\u00e9letrajz maximum 1 oldalon<br \/>\n2. Kutat\u00f3i munkaterv 1 oldalon, vagy a konferenci\u00e1ra beny\u00fajtott absztrakt m\u00e1solata \u00e9s az<br \/>\nabsztrakt elfogad\u00e1sr\u00f3l sz\u00f3l\u00f3 visszajelz\u00e9s<br \/>\n3. Mentori \u00e9s t\u00e9mavezet\u0151i aj\u00e1nl\u00e1s<br \/>\n4. Publik\u00e1ci\u00f3s lista<br \/>\n5. K\u00f6lts\u00e9gterv<\/p>\n<p>Az elb\u00edr\u00e1l\u00e1sn\u00e1l fontos szempont a munkaterven k\u00edv\u00fcl, a hallgat\u00f3r\u00f3l adott mentori \u00e9rt\u00e9kel\u00e9s, a TDK<br \/>\n\u00e9s\/vagy PhD Konferenci\u00e1n el\u00e9rt eredm\u00e9nyek, konferencia el\u0151ad\u00e1sok. A t\u00e1mogat\u00e1s felhaszn\u00e1l\u00e1s\u00e1r\u00f3l<br \/>\nk\u00f6lts\u00e9gtervet kell k\u00e9sz\u00edteni!<br \/>\nA t\u00e1mogatott k\u00f6telezetts\u00e9get v\u00e1llal arra, hogy a \u201eKerpel \u00d6szt\u00f6nd\u00edj P\u00e1ly\u00e1zat\u201d t\u00e1mogat\u00e1s eredm\u00e9nyek\u00e9nt<br \/>\nmegjelen\u0151 tudom\u00e1nyos k\u00f6zlem\u00e9nyeken, valamint nemzetk\u00f6zi tudom\u00e1nyos konferenci\u00e1n bemutatott<br \/>\nel\u0151ad\u00e1son, illetve poszteren \u00e9s konferencia absztrakton a Semmelweis Egyetem \u00e9s a Kerpel-Fronius<br \/>\nTehets\u00e9ggondoz\u00f3 Program log\u00f3j\u00e1t felt\u00fcnteti.<\/p>\n<p><strong>A p\u00e1ly\u00e1zat \u00e9rt\u00e9kel\u00e9se:<\/strong><br \/>\nA p\u00e1ly\u00e1zatr\u00f3l a bead\u00e1st k\u00f6vet\u0151en a Kerpel-Fronius \u00d6d\u00f6n Tehets\u00e9ggondoz\u00f3 Tan\u00e1cs d\u00f6nt. A nyertes<br \/>\np\u00e1ly\u00e1z\u00f3knak a Kerpel Napon sz\u00f3beli besz\u00e1mol\u00e1si k\u00f6telezetts\u00e9ge van.<\/p>\n<p><strong>A t\u00e1mogat\u00e1s m\u00f3dja:<\/strong><br \/>\n&#8211; egyszeri \u00f6szt\u00f6nd\u00edj 250 000 Ft, 500 000 Ft, 750 000 Ft \u00e9rt\u00e9kben (tudom\u00e1nyos munka, kutat\u00e1s,<br \/>\nvagy hazai\/nemzetk\u00f6zi konferenci\u00e1n val\u00f3 el\u0151ad\u00e1s, poszter bemutat\u00e1sa, vagy nemzetk\u00f6zi \u2013<br \/>\nels\u0151szerz\u0151s\/t\u00e1rsszerz\u0151s \u2013 cikk t\u00e1mogat\u00e1sa)<\/p>\n<p>A p\u00e1ly\u00e1zatot az office.kerpel@gmail.com e-mail c\u00edmre k\u00e9rj\u00fck eljuttatni.<\/p>\n<p>A p\u00e1ly\u00e1zatok be\u00e9rkez\u00e9s\u00e9nek hat\u00e1rideje: 2025. okt\u00f3ber 3., 12 \u00f3r\u00e1ig.<\/p>\n<p>Semmelweis Egyetem<br \/>\nKerpel-Fronius \u00d6d\u00f6n Tehets\u00e9ggondoz\u00f3 Tan\u00e1cs<\/p>\n","protected":false},"excerpt":{"rendered":"<p>Kerpel \u00d6szt\u00f6nd\u00edj 2025 A Semmelweis Egyetem Kerpel &#8211; Fronius \u00d6d\u00f6n Tehets\u00e9ggondoz\u00f3 Tan\u00e1csa p\u00e1ly\u00e1zatot hirdet a program hallgat\u00f3i sz\u00e1m\u00e1ra saj\u00e1t tudom\u00e1nyos kutat\u00e1si munka, vagy hazai\/nemzetk\u00f6zi konferenci\u00e1n val\u00f3 el\u0151ad\u00e1s\/poszter, vagy nemzetk\u00f6zi \u2013 els\u0151szerz\u0151s\/t\u00e1rsszerz\u0151s \u2013 cikk t\u00e1mogat\u00e1s\u00e1ra. T\u00e1mogat\u00e1sra jogosultak k\u00f6re: 1. a Semmelweis Egyetem hallgat\u00f3ja, aki legal\u00e1bb 1 \u00e9ve tagja a Kerpel Tehets\u00e9ggondoz\u00f3 Programnak, 2. \u00e9s emellett a &hellip;<\/p>\n","protected":false},"author":102169,"featured_media":0,"comment_status":"closed","ping_status":"closed","sticky":false,"template":"","format":"standard","meta":{"_acf_changed":false,"footnotes":""},"categories":[1],"tags":[],"class_list":["post-3648","post","type-post","status-publish","format-standard","hentry","category-hirek"],"acf":[],"_links":{"self":[{"href":"https:\/\/semmelweis.hu\/kerpel\/wp-json\/wp\/v2\/posts\/3648","targetHints":{"allow":["GET"]}}],"collection":[{"href":"https:\/\/semmelweis.hu\/kerpel\/wp-json\/wp\/v2\/posts"}],"about":[{"href":"https:\/\/semmelweis.hu\/kerpel\/wp-json\/wp\/v2\/types\/post"}],"author":[{"embeddable":true,"href":"https:\/\/semmelweis.hu\/kerpel\/wp-json\/wp\/v2\/users\/102169"}],"replies":[{"embeddable":true,"href":"https:\/\/semmelweis.hu\/kerpel\/wp-json\/wp\/v2\/comments?post=3648"}],"version-history":[{"count":8,"href":"https:\/\/semmelweis.hu\/kerpel\/wp-json\/wp\/v2\/posts\/3648\/revisions"}],"predecessor-version":[{"id":3656,"href":"https:\/\/semmelweis.hu\/kerpel\/wp-json\/wp\/v2\/posts\/3648\/revisions\/3656"}],"wp:attachment":[{"href":"https:\/\/semmelweis.hu\/kerpel\/wp-json\/wp\/v2\/media?parent=3648"}],"wp:term":[{"taxonomy":"category","embeddable":true,"href":"https:\/\/semmelweis.hu\/kerpel\/wp-json\/wp\/v2\/categories?post=3648"},{"taxonomy":"post_tag","embeddable":true,"href":"https:\/\/semmelweis.hu\/kerpel\/wp-json\/wp\/v2\/tags?post=3648"}],"curies":[{"name":"wp","href":"https:\/\/api.w.org\/{rel}","templated":true}]}}