{"id":3635,"date":"2025-08-25T11:25:30","date_gmt":"2025-08-25T09:25:30","guid":{"rendered":"https:\/\/semmelweis.hu\/kerpel\/?p=3635"},"modified":"2025-09-03T12:15:31","modified_gmt":"2025-09-03T10:15:31","slug":"3635","status":"publish","type":"post","link":"https:\/\/semmelweis.hu\/kerpel\/2025\/08\/25\/3635\/","title":{"rendered":"Izgalmas szakmai programok a II. Semmelweis-Kerpel Tehets\u00e9gt\u00e1bor di\u00e1kjainak"},"content":{"rendered":"<blockquote class=\"wp-embedded-content\" data-secret=\"mSRXguTpVZ\"><p><a href=\"https:\/\/semmelweis.hu\/hirek\/2025\/07\/16\/izgalmas-szakmai-programok-a-ii-semmelweis-kerpel-tehetsegtabor-diakjainak\/\">Izgalmas szakmai programok a II. Semmelweis-Kerpel Tehets\u00e9gt\u00e1bor di\u00e1kjainak<\/a><\/p><\/blockquote>\n<p><iframe loading=\"lazy\" class=\"wp-embedded-content\" sandbox=\"allow-scripts\" security=\"restricted\" style=\"position: absolute; visibility: hidden;\" title=\"&#8220;Izgalmas szakmai programok a II. Semmelweis-Kerpel Tehets\u00e9gt\u00e1bor di\u00e1kjainak&#8221; &#8212; Semmelweis H\u00edrek\" src=\"https:\/\/semmelweis.hu\/hirek\/2025\/07\/16\/izgalmas-szakmai-programok-a-ii-semmelweis-kerpel-tehetsegtabor-diakjainak\/embed\/#?secret=hyp0UUtkX8#?secret=mSRXguTpVZ\" data-secret=\"mSRXguTpVZ\" width=\"600\" height=\"338\" frameborder=\"0\" marginwidth=\"0\" marginheight=\"0\" scrolling=\"no\"><\/iframe><\/p>\n","protected":false},"excerpt":{"rendered":"<p><a href=\"https:\/\/semmelweis.hu\/hirek\/2025\/07\/16\/izgalmas-szakmai-programok-a-ii-semmelweis-kerpel-tehetsegtabor-diakjainak\/\">Izgalmas szakmai programok a II. Semmelweis-Kerpel Tehets\u00e9gt\u00e1bor di\u00e1kjainak<\/a><\/p>\n","protected":false},"author":102169,"featured_media":0,"comment_status":"closed","ping_status":"closed","sticky":false,"template":"","format":"standard","meta":{"_acf_changed":false,"footnotes":""},"categories":[1],"tags":[],"class_list":["post-3635","post","type-post","status-publish","format-standard","hentry","category-hirek"],"acf":[],"_links":{"self":[{"href":"https:\/\/semmelweis.hu\/kerpel\/wp-json\/wp\/v2\/posts\/3635","targetHints":{"allow":["GET"]}}],"collection":[{"href":"https:\/\/semmelweis.hu\/kerpel\/wp-json\/wp\/v2\/posts"}],"about":[{"href":"https:\/\/semmelweis.hu\/kerpel\/wp-json\/wp\/v2\/types\/post"}],"author":[{"embeddable":true,"href":"https:\/\/semmelweis.hu\/kerpel\/wp-json\/wp\/v2\/users\/102169"}],"replies":[{"embeddable":true,"href":"https:\/\/semmelweis.hu\/kerpel\/wp-json\/wp\/v2\/comments?post=3635"}],"version-history":[{"count":2,"href":"https:\/\/semmelweis.hu\/kerpel\/wp-json\/wp\/v2\/posts\/3635\/revisions"}],"predecessor-version":[{"id":3642,"href":"https:\/\/semmelweis.hu\/kerpel\/wp-json\/wp\/v2\/posts\/3635\/revisions\/3642"}],"wp:attachment":[{"href":"https:\/\/semmelweis.hu\/kerpel\/wp-json\/wp\/v2\/media?parent=3635"}],"wp:term":[{"taxonomy":"category","embeddable":true,"href":"https:\/\/semmelweis.hu\/kerpel\/wp-json\/wp\/v2\/categories?post=3635"},{"taxonomy":"post_tag","embeddable":true,"href":"https:\/\/semmelweis.hu\/kerpel\/wp-json\/wp\/v2\/tags?post=3635"}],"curies":[{"name":"wp","href":"https:\/\/api.w.org\/{rel}","templated":true}]}}