{"id":3339,"date":"2023-10-30T14:53:23","date_gmt":"2023-10-30T13:53:23","guid":{"rendered":"https:\/\/semmelweis.hu\/kerpel\/?p=3339"},"modified":"2023-10-30T14:53:23","modified_gmt":"2023-10-30T13:53:23","slug":"koszonolevel-a-budapesti-eotvos-jozsef-gimnazium-tanaratol","status":"publish","type":"post","link":"https:\/\/semmelweis.hu\/kerpel\/2023\/10\/30\/koszonolevel-a-budapesti-eotvos-jozsef-gimnazium-tanaratol\/","title":{"rendered":"K\u00f6sz\u00f6n\u0151lev\u00e9l a budapesti E\u00f6tv\u00f6s J\u00f3zsef Gimn\u00e1zium tan\u00e1r\u00e1t\u00f3l"},"content":{"rendered":"<p>Szeretn\u00e9m megk\u00f6sz\u00f6nni a sok \u00e9ven \u00e1t tart\u00f3 k\u00f6z\u00f6s munk\u00e1t, a Semmelweis Egyetem<br \/>\n\u00e9s budapesti E\u00f6tv\u00f6s J\u00f3zsef Gimn\u00e1zium kapcsolat\u00e1nak kezdetek \u00f3ta tart\u00f3 siker\u00e9t.<br \/>\nNem k\u00e9sz\u00edtettem lelt\u00e1rt az eltelt 16 \u00e9vr\u0151l, de biztos vagyok benne, hogy ez id\u0151 alatt<br \/>\nsz\u00e1mos E\u00f6tv\u00f6s-di\u00e1kunk az egy\u00fcttm\u0171k\u00f6d\u00e9s\u00fcnk r\u00e9v\u00e9n ker\u00fclt\u00a0igaz\u00e1n k\u00f6zvetlen \u00e9s<br \/>\nelm\u00e9ly\u00fclt kapcsolatba a gy\u00f3gy\u00edt\u00e1s-orvosl\u00e1s-kutat\u00e1s vil\u00e1g\u00e1val, \u00e9s r\u00e9szben ennek a<br \/>\nhat\u00e9kony ind\u00edttat\u00e1snak k\u00f6sz\u00f6nhette, hogy el\u0151bb a Kiv\u00e1l\u00f3s\u00e1gi list\u00e1ra ker\u00fclt, majd<br \/>\nk\u00e9s\u0151bb sikeres, elhivatott orvoss\u00e1, fogorvoss\u00e1 vagy kutat\u00f3v\u00e1 v\u00e1lhatott.\u00a0<\/p>\n<p>\nK\u00f6sz\u00f6nettel tartozom mindez\u00e9rt a magam, a m\u00e1r v\u00e9gzett illetve a ma is a<br \/>\nSemmelweis Egyetemre j\u00e1r\u00f3 tan\u00edtv\u00e1nyaink nev\u00e9ben is minden k\u00f6zrem\u0171k\u00f6d\u0151nek \u00e9s<br \/>\n\u00e9rintetteknek, els\u0151sorban Dr. Tulassay Tivadar professzor \u00darnak, Dr. Sz\u00e9l \u00c1goston<br \/>\nprofesszor \u00darnak, Dr. Merkely B\u00e9la professzor \u00darnak, Dr. Fekete Gy\u00f6rgy professzor<br \/>\n\u00darnak, Dr. Szab\u00f3 Attila professzor \u00darnak, valamint a Semmelweis Egyetem Kerpel-<br \/>\nFronius\u00a0Tehets\u00e9ggondoz\u00f3 Program\u00a0minden mentor\u00e1nak \u00e9s tagj\u00e1nak. K\u00fcl\u00f6n<br \/>\nszeretn\u00e9m megk\u00f6sz\u00f6nni Szluka Be\u00e1ta kitart\u00f3 szervez\u0151 munk\u00e1j\u00e1t, seg\u00edts\u00e9g\u00e9t,<br \/>\nkedvess\u00e9g\u00e9t \u00e9s t\u00e1mogat\u00e1s\u00e1t, ami sokat jelentett sz\u00e1momra \u00e9s di\u00e1kjaink sz\u00e1m\u00e1ra<br \/>\negyar\u00e1nt.<\/p>\n<p>\nHasonl\u00f3an sikeres \u00e9s eredm\u00e9nyes egy\u00fcttm\u0171k\u00f6d\u00e9st, sok tehets\u00e9ges E\u00f6tv\u00f6s\u00f6st, majd<br \/>\nSemmelweis-es \u00e9s Kerpel-es di\u00e1kot k\u00edv\u00e1nok az elk\u00f6vetkez\u0151 \u00e9vekben<br \/>\nmindannyiunknak!<\/p>\n<p>\nK\u00f6sz\u00f6nettel \u00e9s tisztelettel:<\/p>\n<p>\nS\u00e1ndor Istv\u00e1n<br \/>\nbiol\u00f3gia-k\u00e9mia tan\u00e1r<br \/>\nkor\u00e1bbi igazgat\u00f3-helyettes<br \/>\nE\u00f6tv\u00f6s J\u00f3zsef Gimn\u00e1zium<br \/>\nBudapest<\/p>\n","protected":false},"excerpt":{"rendered":"<p>Szeretn\u00e9m megk\u00f6sz\u00f6nni a sok \u00e9ven \u00e1t tart\u00f3 k\u00f6z\u00f6s munk\u00e1t, a Semmelweis Egyetem \u00e9s budapesti E\u00f6tv\u00f6s J\u00f3zsef Gimn\u00e1zium kapcsolat\u00e1nak kezdetek \u00f3ta tart\u00f3 siker\u00e9t. Nem k\u00e9sz\u00edtettem lelt\u00e1rt az eltelt 16 \u00e9vr\u0151l, de biztos vagyok benne, hogy ez id\u0151 alatt sz\u00e1mos E\u00f6tv\u00f6s-di\u00e1kunk az egy\u00fcttm\u0171k\u00f6d\u00e9s\u00fcnk r\u00e9v\u00e9n ker\u00fclt\u00a0igaz\u00e1n k\u00f6zvetlen \u00e9s elm\u00e9ly\u00fclt kapcsolatba a gy\u00f3gy\u00edt\u00e1s-orvosl\u00e1s-kutat\u00e1s vil\u00e1g\u00e1val, \u00e9s r\u00e9szben ennek a hat\u00e9kony &hellip;<\/p>\n","protected":false},"author":102145,"featured_media":0,"comment_status":"closed","ping_status":"closed","sticky":false,"template":"","format":"standard","meta":{"_acf_changed":false,"footnotes":""},"categories":[1],"tags":[],"class_list":["post-3339","post","type-post","status-publish","format-standard","hentry","category-hirek"],"acf":[],"_links":{"self":[{"href":"https:\/\/semmelweis.hu\/kerpel\/wp-json\/wp\/v2\/posts\/3339","targetHints":{"allow":["GET"]}}],"collection":[{"href":"https:\/\/semmelweis.hu\/kerpel\/wp-json\/wp\/v2\/posts"}],"about":[{"href":"https:\/\/semmelweis.hu\/kerpel\/wp-json\/wp\/v2\/types\/post"}],"author":[{"embeddable":true,"href":"https:\/\/semmelweis.hu\/kerpel\/wp-json\/wp\/v2\/users\/102145"}],"replies":[{"embeddable":true,"href":"https:\/\/semmelweis.hu\/kerpel\/wp-json\/wp\/v2\/comments?post=3339"}],"version-history":[{"count":1,"href":"https:\/\/semmelweis.hu\/kerpel\/wp-json\/wp\/v2\/posts\/3339\/revisions"}],"predecessor-version":[{"id":3340,"href":"https:\/\/semmelweis.hu\/kerpel\/wp-json\/wp\/v2\/posts\/3339\/revisions\/3340"}],"wp:attachment":[{"href":"https:\/\/semmelweis.hu\/kerpel\/wp-json\/wp\/v2\/media?parent=3339"}],"wp:term":[{"taxonomy":"category","embeddable":true,"href":"https:\/\/semmelweis.hu\/kerpel\/wp-json\/wp\/v2\/categories?post=3339"},{"taxonomy":"post_tag","embeddable":true,"href":"https:\/\/semmelweis.hu\/kerpel\/wp-json\/wp\/v2\/tags?post=3339"}],"curies":[{"name":"wp","href":"https:\/\/api.w.org\/{rel}","templated":true}]}}