{"id":23,"date":"2019-05-08T00:00:00","date_gmt":"2019-05-08T00:00:00","guid":{"rendered":"http:\/\/test.semmelweis.hu\/kerpel\/150-479315\/"},"modified":"2019-05-08T00:00:00","modified_gmt":"2019-05-08T00:00:00","slug":"150-479315","status":"publish","type":"post","link":"https:\/\/semmelweis.hu\/kerpel\/2019\/05\/08\/150-479315\/","title":{"rendered":"Hivatalosan is 5 \u00faj partneriskola csatlakozott programainkhoz"},"content":{"rendered":"<p><b>\u00dcnnep\u00e9lyes keretek k\u00f6z\u00f6tt k\u00f6tettett meg a szerz\u0151d\u00e9s egyetem\u00fcnk \u00e9s \u00f6t \u00faj partner-k\u00f6z\u00e9piskol\u00e1inkkal, melyr\u0151l a Semmelweis h\u00edrekben B\u00f3di Bernadett toll\u00e1b\u00f3l az al\u00e1bbi cikk k\u00e9sz\u00fclt.<\/b><\/p>\n<p>Az eredeti cikk a <a href=\"https:\/\/semmelweis.hu\/hirek\/2019\/02\/12\/ujabb-kozepiskolakkal-bovult-a-kerpel-fronius-odon-tehetseggondozo-program\/\">Semmelweis H\u00edrekben<\/a> olvashat\u00f3.<\/p>\n<p>\u00cdrta: B\u00f3di Bernadett<br \/>\nFot\u00f3: Kov\u00e1cs Attila \u2013 Semmelweis Egyetem<\/p>\n<p><b>\u00d6t \u00faj partner k\u00f6z\u00e9piskola csatlakozott a Semmelweis Egyetem Kerpel-Fronius \u00d6d\u00f6n Tehets\u00e9ggondoz\u00f3 Programj\u00e1hoz. A meg\u00e1llapod\u00e1sok \u00fcnnep\u00e9lyes \u00e1tad\u00e1sakor Dr. Merkely B\u00e9la rektor hangs\u00falyozta: az egyetem legf\u0151bb c\u00e9lja, hogy kiv\u00e1l\u00f3 orvosokat \u00e9s eg\u00e9szs\u00e9g\u00fcgyi szakembereket k\u00e9pezzen, amiben a partner k\u00f6z\u00e9piskol\u00e1knak is fontos szerep\u00fck van.<\/b><\/p>\n<p><a href=\"https:\/\/semmelweis.hu\/kerpel\/files\/2019\/05\/RS89750_IMG_8293-scr.jpg\"><img loading=\"lazy\" decoding=\"async\" src=\"https:\/\/semmelweis.hu\/kerpel\/files\/2019\/05\/RS89750_IMG_8293-scr.jpg\" alt=\"\" width=\"400\" height=\"253\" \/><\/a><\/p>\n<p>A rektor k\u00f6sz\u00f6nt\u0151j\u00e9ben kiemelte, hogy a Semmelweis Egyetem az orsz\u00e1g egyik legpatin\u00e1sabb int\u00e9zm\u00e9nye, sz\u00e1mos nemzetk\u00f6zi rangsor szerint a legink\u00e1bb elismert, legjobb poz\u00edci\u00f3ban l\u00e9v\u0151 egyetemek k\u00f6z\u00f6tt tartj\u00e1k sz\u00e1mon. Hangs\u00falyozta: c\u00e9ljuk, hogy a legjobb orvosokat, eg\u00e9szs\u00e9g\u00fcgyi szakembereket k\u00e9pezz\u00e9k, ez pedig nem val\u00f3s\u00edthat\u00f3 meg an\u00e9lk\u00fcl, hogy a legkiv\u00e1l\u00f3bb k\u00f6z\u00e9piskol\u00e1sok \u00e9rkezzenek ide tov\u00e1bbtanulni. Sz\u00f3lt r\u00f3la, hogy az egyetemet a vil\u00e1g els\u0151 100 fels\u0151oktat\u00e1si int\u00e9zm\u00e9nye k\u00f6z\u00e9 k\u00edv\u00e1nj\u00e1k pozicion\u00e1lni. Dr. Merkely B\u00e9la hangs\u00falyozta: szeretn\u00e9k, hogy az egyetemre legal\u00e1bb olyan b\u00fcszk\u00e9k legyenek az itt tanul\u00f3 hallgat\u00f3k, mintha a legnagyobb nev\u0171 k\u00fclf\u00f6ldi egyetemre j\u00e1rn\u00e1nak. Hozz\u00e1tette: ehhez sz\u00fcks\u00e9ges a partneriskol\u00e1k t\u00e1mogat\u00e1sa is.<\/p>\n<p><a href=\"https:\/\/semmelweis.hu\/kerpel\/files\/2019\/05\/RS89742_IMG_8314-scr.jpg\"><img loading=\"lazy\" decoding=\"async\" class=\"\" src=\"https:\/\/semmelweis.hu\/kerpel\/files\/2019\/05\/RS89742_IMG_8314-scr.jpg\" alt=\"\" width=\"195\" height=\"293\" \/><\/a><\/p>\n<p>Dr. Fekete Gy\u00f6rgy, a Kerpel-Fronius \u00d6d\u00f6n Tehets\u00e9ggondoz\u00f3 Tan\u00e1cs eln\u00f6ke hangs\u00falyozta: a 2007-ben l\u00e9trej\u00f6tt tehets\u00e9ggondoz\u00f3 programnak kezdett\u0151l fogva az egyik legfontosabb c\u00e9lkit\u0171z\u00e9se, hogy az orsz\u00e1g legjobb k\u00f6z\u00e9piskol\u00e1ib\u00f3l a Semmelweis Egyetemre vonzza a tehets\u00e9ges di\u00e1kokat, akikb\u0151l majd kiv\u00e1l\u00f3 orvosok, kutat\u00f3k, oktat\u00f3k v\u00e1lhatnak, \u00e9s tov\u00e1bb \u00f6regb\u00edtik az egyetem h\u00edrnev\u00e9t nemcsak haz\u00e1nkban, hanem az eg\u00e9sz vil\u00e1gon.<\/p>\n<p>Elmondta, eddig 25 partneriskol\u00e1val voltak kapcsolatban, ami most harmincra b\u0151v\u00fclt a Budai Ciszterci Szent Imre Gimn\u00e1zium, a De\u00e1k T\u00e9ri Evang\u00e9likus Gimn\u00e1zium, a Szent Istv\u00e1n Gimn\u00e1zium, valamint a kecskem\u00e9ti B\u00e1nyai J\u00falia Gimn\u00e1zium \u00e9s a g\u00f6d\u00f6ll\u0151i Premontrei Szent Norbert Gimn\u00e1zium, Egyh\u00e1zzenei Szakgimn\u00e1zium \u00e9s Koll\u00e9gium csatlakoz\u00e1s\u00e1val. Besz\u00e9lt a k\u00f6z\u00e9piskolai tan\u00e1rok szerep\u00e9nek fontoss\u00e1g\u00e1r\u00f3l; Szent-Gy\u00f6rgyi Albertet id\u00e9zve elmondta: a legfontosabb az ember cselekedetei k\u00f6z\u00fcl az ifj\u00fa kor\u00e1ban kapott \u00e9rt\u00e9krend, amit a csal\u00e1don k\u00edv\u00fcl els\u0151sorban a tan\u00e1rait\u00f3l \u00e9s az iskol\u00e1j\u00e1t\u00f3l kaphat egy di\u00e1k <em>\u2013<\/em> mutatott r\u00e1.<\/p>\n<p>A szerz\u0151d\u00e9s al\u00e1\u00edr\u00e1sa ut\u00e1n a partneriskol\u00e1k k\u00e9pvisel\u0151i k\u00f6sz\u00f6net\u00fcket fejezt\u00e9k ki, ami\u00e9rt az egyetem lehet\u0151v\u00e9 tette sz\u00e1mukra a programhoz val\u00f3 csatlakoz\u00e1st, ami b\u00fcszkes\u00e9ggel t\u00f6lti el \u0151ket <em>\u2013<\/em> fogalmaztak. A csatlakoz\u00e1sr\u00f3l sz\u00f3l\u00f3 dokumentumot Dr. Merkely B\u00e9la \u00e9s Dr. Fekete Gy\u00f6rgy ny\u00fajtott\u00e1k \u00e1t a partneriskol\u00e1k k\u00e9pvisel\u0151inek.<\/p>\n<table border=\"1\" width=\"100%\" cellspacing=\"0\" cellpadding=\"5\">\n<tbody>\n<tr>\n<td><img decoding=\"async\" src=\"https:\/\/semmelweis.hu\/kerpel\/files\/2019\/05\/RS89720_IMG_8433scr.jpg\" \/><\/td>\n<td><img decoding=\"async\" src=\"https:\/\/semmelweis.hu\/kerpel\/files\/2019\/05\/RS89722_IMG_8426scr.jpg\" \/><\/td>\n<\/tr>\n<tr>\n<td><img decoding=\"async\" src=\"https:\/\/semmelweis.hu\/kerpel\/files\/2019\/05\/RS89724_IMG_8423scr.jpg\" \/><\/td>\n<td><img decoding=\"async\" src=\"https:\/\/semmelweis.hu\/kerpel\/files\/2019\/05\/RS89726_IMG_8414scr.jpg\" \/><\/td>\n<\/tr>\n<tr>\n<td><img decoding=\"async\" src=\"https:\/\/semmelweis.hu\/kerpel\/files\/2019\/05\/RS89727_IMG_8409scr.jpg\" \/><\/td>\n<td><img decoding=\"async\" src=\"https:\/\/semmelweis.hu\/kerpel\/files\/2019\/05\/RS89749_IMG_8291scr.jpg\" \/><\/td>\n<\/tr>\n<\/tbody>\n<\/table>\n","protected":false},"excerpt":{"rendered":"<p>\u00dcnnep\u00e9lyes keretek k\u00f6z\u00f6tt k\u00f6tettett meg a szerz\u0151d\u00e9s egyetem\u00fcnk \u00e9s \u00f6t \u00faj partner-k\u00f6z\u00e9piskol\u00e1inkkal, melyr\u0151l a Semmelweis h\u00edrekben B\u00f3di Bernadett toll\u00e1b\u00f3l az al\u00e1bbi cikk k\u00e9sz\u00fclt. Az eredeti cikk a <a href=\"https:\/\/semmelweis.hu\/hirek\/2019\/02\/12\/ujabb-kozepiskolakkal-bovult-a-kerpel-fronius-odon-tehetseggondozo-program\/\">Semmelweis H\u00edrekben<\/a> olvashat\u00f3. \u00cdrta: B\u00f3di Bernadett Fot\u00f3: Kov\u00e1cs Attila \u2013 Semmelweis Egyetem \u00d6t \u00faj partner k\u00f6z\u00e9piskola csatlakozott a Semmelweis Egyetem Kerpel-Fronius \u00d6d\u00f6n Tehets\u00e9ggondoz\u00f3 Programj\u00e1hoz. A meg\u00e1llapod\u00e1sok \u00fcnnep\u00e9lyes \u00e1tad\u00e1sakor Dr. Merkely &hellip;<\/p>\n","protected":false},"author":158,"featured_media":0,"comment_status":"closed","ping_status":"closed","sticky":false,"template":"","format":"standard","meta":{"_acf_changed":false,"footnotes":""},"categories":[1],"tags":[],"class_list":["post-23","post","type-post","status-publish","format-standard","hentry","category-hirek"],"acf":[],"_links":{"self":[{"href":"https:\/\/semmelweis.hu\/kerpel\/wp-json\/wp\/v2\/posts\/23","targetHints":{"allow":["GET"]}}],"collection":[{"href":"https:\/\/semmelweis.hu\/kerpel\/wp-json\/wp\/v2\/posts"}],"about":[{"href":"https:\/\/semmelweis.hu\/kerpel\/wp-json\/wp\/v2\/types\/post"}],"author":[{"embeddable":true,"href":"https:\/\/semmelweis.hu\/kerpel\/wp-json\/wp\/v2\/users\/158"}],"replies":[{"embeddable":true,"href":"https:\/\/semmelweis.hu\/kerpel\/wp-json\/wp\/v2\/comments?post=23"}],"version-history":[{"count":0,"href":"https:\/\/semmelweis.hu\/kerpel\/wp-json\/wp\/v2\/posts\/23\/revisions"}],"wp:attachment":[{"href":"https:\/\/semmelweis.hu\/kerpel\/wp-json\/wp\/v2\/media?parent=23"}],"wp:term":[{"taxonomy":"category","embeddable":true,"href":"https:\/\/semmelweis.hu\/kerpel\/wp-json\/wp\/v2\/categories?post=23"},{"taxonomy":"post_tag","embeddable":true,"href":"https:\/\/semmelweis.hu\/kerpel\/wp-json\/wp\/v2\/tags?post=23"}],"curies":[{"name":"wp","href":"https:\/\/api.w.org\/{rel}","templated":true}]}}