{"id":163,"date":"2019-05-08T00:00:00","date_gmt":"2019-05-08T00:00:00","guid":{"rendered":"http:\/\/test.semmelweis.hu\/kerpel\/150-44398\/"},"modified":"2019-05-08T00:00:00","modified_gmt":"2019-05-08T00:00:00","slug":"150-44398","status":"publish","type":"post","link":"https:\/\/semmelweis.hu\/kerpel\/2019\/05\/08\/150-44398\/","title":{"rendered":"Immunol\u00f3gia Napja 2013 &#8211; Megh\u00edv\u00f3"},"content":{"rendered":"<p style=\"text-align: center\">\u201eAz Immunol\u00f3gia Napja 2013\u201d<br \/>\nk\u00f6zponti rendezv\u00e9nye<br \/>\na MTA Immunol\u00f3giai Oszt\u00e1lyk\u00f6zi Tudom\u00e1nyos Bizotts\u00e1g \u00e9s a<br \/>\nMagyar Immunol\u00f3giai T\u00e1rsas\u00e1g k\u00f6z\u00f6s szervez\u00e9s\u00e9ben<\/p>\n<p style=\"text-align: center\">Helysz\u00edn:<br \/>\nMTA Sz\u00e9kh\u00e1za<br \/>\n1051 Budapest, Sz\u00e9chenyi t\u00e9r 9.<br \/>\nNagyterem<\/p>\n<p style=\"text-align: center\">Id\u0151pont:<br \/>\n2013. \u00e1prilis 25. (cs\u00fct\u00f6rt\u00f6k) 14.00 \u2013 16.00<\/p>\n<p>14:00 A tudom\u00e1nyos program megnyit\u00e1sa \u2013 Prof. Dr. P\u00e1link\u00e1s J\u00f3zsef, az MTA eln\u00f6ke<\/p>\n<p>Az \u00fcl\u00e9s eln\u00f6kei: Prof. Dr. Kem\u00e9ny Lajos a Magyar Immunol\u00f3giai T\u00e1rsas\u00e1g (MIT) eln\u00f6ke \u00e9s Prof. Dr. Proh\u00e1szka Zolt\u00e1n az MTA Immunol\u00f3giai Bizotts\u00e1g\u00e1nak eln\u00f6ke<\/p>\n<p>14:05 Prof. Dr. Petr\u00e1nyi Gy\u0151z\u0151 akad\u00e9mikus k\u00f6sz\u00f6nt\u00e9se \u2013 K\u00f6sz\u00f6nt\u0151t \u00e9s m\u00e9ltat\u00e1st mond Prof. Dr. Dobozy Attila akad\u00e9mikus<\/p>\n<p>14:20 Milyen sejteket nevezhet\u00fcnk \u0151ssejtnek?<br \/>\nDr. Madar\u00e1sz Em\u00edlia, MTA K\u00eds\u00e9rleti Orvostudom\u00e1nyi Kutat\u00f3int\u00e9zet, Idegi Sejt- \u00e9s Fejl\u0151d\u00e9sbiol\u00f3gia Kutat\u00f3csoport, Budapest<\/p>\n<p>14:45 A genetikai \u00fajraprogramoz\u00e1s rejtelmei: hogyan csin\u00e1lhatunk b\u0151rsejtekb\u0151l idegsejtet?<br \/>\nDr. Kobol\u00e1k Julianna, Biotalentum Kft., G\u00f6d\u00f6ll\u0151<\/p>\n<p>15:10 Autoimmun betegs\u00e9gek &#8211; Felel\u0151sek-e az \u0151ssejtek?<br \/>\nProf. Dr. Zeher Margit, DE OEC III. sz. Belgy\u00f3gy\u00e1szati Klinika, Debrecen<\/p>\n<p>15:35 Az \u0151ssejtek felhaszn\u00e1l\u00e1sa a hematol\u00f3gi\u00e1ban<br \/>\nDr. Kriv\u00e1n Gergely, ESZSZK Szent L\u00e1szl\u00f3 K\u00f3rh\u00e1z Gyermekhematol\u00f3giai \u00e9s Csontvel\u0151transzplant\u00e1ci\u00f3s Szakrendel\u0151, Budapest<\/p>\n<p>16:00 A tudom\u00e1nyos \u00fcl\u00e9s z\u00e1r\u00e1sa, z\u00e1rsz\u00f3t mond Prof. Dr. Proh\u00e1szka Zolt\u00e1n, az MTA Immunol\u00f3giai Oszt\u00e1lyk\u00f6zi Tudom\u00e1nyos Bizotts\u00e1g eln\u00f6ke<\/p>\n","protected":false},"excerpt":{"rendered":"<p>\u201eAz Immunol\u00f3gia Napja 2013\u201d k\u00f6zponti rendezv\u00e9nye a MTA Immunol\u00f3giai Oszt\u00e1lyk\u00f6zi Tudom\u00e1nyos Bizotts\u00e1g \u00e9s a Magyar Immunol\u00f3giai T\u00e1rsas\u00e1g k\u00f6z\u00f6s szervez\u00e9s\u00e9ben Helysz\u00edn: MTA Sz\u00e9kh\u00e1za 1051 Budapest, Sz\u00e9chenyi t\u00e9r 9. Nagyterem Id\u0151pont: 2013. \u00e1prilis 25. (cs\u00fct\u00f6rt\u00f6k) 14.00 \u2013 16.00 14:00 A tudom\u00e1nyos program megnyit\u00e1sa \u2013 Prof. Dr. P\u00e1link\u00e1s J\u00f3zsef, az MTA eln\u00f6ke Az \u00fcl\u00e9s eln\u00f6kei: Prof. Dr. Kem\u00e9ny &hellip;<\/p>\n","protected":false},"author":158,"featured_media":0,"comment_status":"closed","ping_status":"closed","sticky":false,"template":"","format":"standard","meta":{"_acf_changed":false,"footnotes":""},"categories":[1],"tags":[],"class_list":["post-163","post","type-post","status-publish","format-standard","hentry","category-hirek"],"acf":[],"_links":{"self":[{"href":"https:\/\/semmelweis.hu\/kerpel\/wp-json\/wp\/v2\/posts\/163","targetHints":{"allow":["GET"]}}],"collection":[{"href":"https:\/\/semmelweis.hu\/kerpel\/wp-json\/wp\/v2\/posts"}],"about":[{"href":"https:\/\/semmelweis.hu\/kerpel\/wp-json\/wp\/v2\/types\/post"}],"author":[{"embeddable":true,"href":"https:\/\/semmelweis.hu\/kerpel\/wp-json\/wp\/v2\/users\/158"}],"replies":[{"embeddable":true,"href":"https:\/\/semmelweis.hu\/kerpel\/wp-json\/wp\/v2\/comments?post=163"}],"version-history":[{"count":0,"href":"https:\/\/semmelweis.hu\/kerpel\/wp-json\/wp\/v2\/posts\/163\/revisions"}],"wp:attachment":[{"href":"https:\/\/semmelweis.hu\/kerpel\/wp-json\/wp\/v2\/media?parent=163"}],"wp:term":[{"taxonomy":"category","embeddable":true,"href":"https:\/\/semmelweis.hu\/kerpel\/wp-json\/wp\/v2\/categories?post=163"},{"taxonomy":"post_tag","embeddable":true,"href":"https:\/\/semmelweis.hu\/kerpel\/wp-json\/wp\/v2\/tags?post=163"}],"curies":[{"name":"wp","href":"https:\/\/api.w.org\/{rel}","templated":true}]}}