{"id":162,"date":"2019-05-08T00:00:00","date_gmt":"2019-05-08T00:00:00","guid":{"rendered":"http:\/\/test.semmelweis.hu\/kerpel\/150-44397\/"},"modified":"2019-05-08T00:00:00","modified_gmt":"2019-05-08T00:00:00","slug":"150-44397","status":"publish","type":"post","link":"https:\/\/semmelweis.hu\/kerpel\/2019\/05\/08\/150-44397\/","title":{"rendered":"Prof. Fekete Gy\u00f6rgy a Tehets\u00e9ggondoz\u00f3 Program \u00faj eln\u00f6ke"},"content":{"rendered":"<p><strong>Prof. S\u00f3tonyi P\u00e9ter lek\u00f6sz\u00f6nt a Kerpel-Fronius \u00d6d\u00f6n Tehets\u00e9ggondoz\u00f3 Program eln\u00f6ki tiszt\u00e9r\u0151l, 2013. \u00e1prilis 1-j\u00e9t\u0151l Prof. Fekete Gy\u00f6rgy az \u00faj eln\u00f6k.<\/strong><\/p>\n<p>A Semmelweis Egyetemen 2007. \u00f3ta m\u0171k\u00f6dik tehets\u00e9ggondoz\u00f3 program, amely a t\u00f6bbi fels\u0151oktat\u00e1si int\u00e9zm\u00e9ny sz\u00e1m\u00e1ra is p\u00e9ld\u00e1t mutat. Az imm\u00e1r hetedik \u00e9ve, int\u00e9zm\u00e9nyes\u00edtett keretek k\u00f6z\u00f6tt zajl\u00f3 tehets\u00e9ggondoz\u00e1s vezet\u0151je S\u00f3tonyi P\u00e9ter Professzor \u00dar volt. Az \u0151 munk\u00e1ja p\u00e9lda\u00e9rt\u00e9k\u0171 \u00e9s p\u00e9ldamutat\u00f3 minden tehets\u00e9ggondoz\u00f3 sz\u00e1m\u00e1ra. Sz\u00e1mos hallgat\u00f3, fiatal koll\u00e9ga \u00e9s a tehets\u00e9ggondoz\u00f3 tan\u00e1cs tagjai is nap, mint nap megtapasztalhatt\u00e1k \u00e9rt\u0151 \u00e9s gondoskod\u00f3 seg\u00edts\u00e9g\u00e9t. Sz\u00e1mos fiatal tehets\u00e9g \u00fatj\u00e1t egyengette \u00e9s egyengeti mind a mai napig. B\u00f6lcs gondolataival \u00e9s megl\u00e1t\u00e1saival a tehets\u00e9gek tucatjait ind\u00edtotta \u00fatj\u00e1ra \u00e9s k\u00f6veti szeret\u0151 \u00e9s f\u00e9lt\u0151 gondoskod\u00e1ssal a mai napig \u00fatjukat. A tehets\u00e9ges fiatalok mellett sz\u00e1momra is hatalmas \u00e9lm\u00e9ny \u00e9s tapasztalat volt Professzor \u00dar mellett v\u00e9gezni a tehets\u00e9ggondoz\u00f3 munk\u00e1t. Az elm\u00falt \u00e9vek sor\u00e1n a mellette elt\u00f6lt\u00f6tt id\u0151, a besz\u00e9lget\u00e9sek \u00e9s az \u00fatmutat\u00e1sai a tehets\u00e9ggondoz\u00f3 tan\u00e1cs tagjainak is mindig p\u00e9ld\u00e1t mutattak. <\/p>\n<p>S\u00f3tonyi Professzor \u00dar, ahogyan a 2012. december\u00e9ben tartott Kerpel napon jelezte, eln\u00f6ki tiszt\u00e9t\u0151l elk\u00f6sz\u00f6nt. A Kerpel-Fronius \u00d6d\u00f6n Tehets\u00e9ggondoz\u00f3 Tan\u00e1cs\u00e1nak tagjak\u00e9nt azonban a j\u00f6v\u0151ben is vel\u00fcnk marad \u00e9s seg\u00edti a munk\u00e1t, t\u00e1mogatja a fiatalokat.<\/p>\n<p>Tisztelt Professzor \u00dar, mindannyiunk nev\u00e9ben, megk\u00f6sz\u00f6nve az eddigi munk\u00e1t \u00e9s sz\u00e1m\u00edtva a tov\u00e1bbi seg\u00edts\u00e9gre is, j\u00f3 eg\u00e9szs\u00e9get k\u00edv\u00e1nok!<\/p>\n<p>Az elk\u00f6sz\u00f6n\u00e9s azonban egy \u00faj kezdet\u00e9t is jelenti. Sz\u00e9l \u00c1goston Rektor \u00dar az eln\u00f6ki tiszts\u00e9gre Fekete Gy\u00f6rgy Professzor Urat k\u00e9rte fel. Professzor \u00dar eddig is akt\u00edv tagja volt a tehets\u00e9ggondoz\u00f3 tan\u00e1csnak \u00e9s mentork\u00e9nt is tev\u00e9keny r\u00e9szese a programnak, \u00edgy \u00e9rt\u0151 \u00e9s a feladatot ismer\u0151 ember kez\u00e9be ker\u00fcl a vezet\u00e9s. Szem\u00e9ly\u00e9ben a tehets\u00e9geket p\u00e1rtol\u00f3 \u00e9s seg\u00edt\u0151 ember ker\u00fcl a program \u00e9l\u00e9re, aki a szakmai ismereteken k\u00edv\u00fcl a tehets\u00e9ggondoz\u00e1s fontoss\u00e1g\u00e1t \u00e9s ismereteit m\u00e9g a program n\u00e9vad\u00f3j\u00e1t\u00f3l Kerpel-Fronius \u00d6d\u00f6n Professzor \u00dart\u00f3l tanulta. <\/p>\n<p>Tisztelt Professzor \u00dar, a kinevez\u00e9shez sz\u00edvb\u0151l gratul\u00e1lok a tan\u00e1cs tagjai \u00e9s a program di\u00e1kjai nev\u00e9ben is!<\/p>\n<p>Szab\u00f3 Attila<\/p>\n","protected":false},"excerpt":{"rendered":"<p>Prof. S\u00f3tonyi P\u00e9ter lek\u00f6sz\u00f6nt a Kerpel-Fronius \u00d6d\u00f6n Tehets\u00e9ggondoz\u00f3 Program eln\u00f6ki tiszt\u00e9r\u0151l, 2013. \u00e1prilis 1-j\u00e9t\u0151l Prof. Fekete Gy\u00f6rgy az \u00faj eln\u00f6k. A Semmelweis Egyetemen 2007. \u00f3ta m\u0171k\u00f6dik tehets\u00e9ggondoz\u00f3 program, amely a t\u00f6bbi fels\u0151oktat\u00e1si int\u00e9zm\u00e9ny sz\u00e1m\u00e1ra is p\u00e9ld\u00e1t mutat. Az imm\u00e1r hetedik \u00e9ve, int\u00e9zm\u00e9nyes\u00edtett keretek k\u00f6z\u00f6tt zajl\u00f3 tehets\u00e9ggondoz\u00e1s vezet\u0151je S\u00f3tonyi P\u00e9ter Professzor \u00dar volt. Az \u0151 munk\u00e1ja &hellip;<\/p>\n","protected":false},"author":158,"featured_media":0,"comment_status":"closed","ping_status":"closed","sticky":false,"template":"","format":"standard","meta":{"_acf_changed":false,"footnotes":""},"categories":[1],"tags":[],"class_list":["post-162","post","type-post","status-publish","format-standard","hentry","category-hirek"],"acf":[],"_links":{"self":[{"href":"https:\/\/semmelweis.hu\/kerpel\/wp-json\/wp\/v2\/posts\/162","targetHints":{"allow":["GET"]}}],"collection":[{"href":"https:\/\/semmelweis.hu\/kerpel\/wp-json\/wp\/v2\/posts"}],"about":[{"href":"https:\/\/semmelweis.hu\/kerpel\/wp-json\/wp\/v2\/types\/post"}],"author":[{"embeddable":true,"href":"https:\/\/semmelweis.hu\/kerpel\/wp-json\/wp\/v2\/users\/158"}],"replies":[{"embeddable":true,"href":"https:\/\/semmelweis.hu\/kerpel\/wp-json\/wp\/v2\/comments?post=162"}],"version-history":[{"count":0,"href":"https:\/\/semmelweis.hu\/kerpel\/wp-json\/wp\/v2\/posts\/162\/revisions"}],"wp:attachment":[{"href":"https:\/\/semmelweis.hu\/kerpel\/wp-json\/wp\/v2\/media?parent=162"}],"wp:term":[{"taxonomy":"category","embeddable":true,"href":"https:\/\/semmelweis.hu\/kerpel\/wp-json\/wp\/v2\/categories?post=162"},{"taxonomy":"post_tag","embeddable":true,"href":"https:\/\/semmelweis.hu\/kerpel\/wp-json\/wp\/v2\/tags?post=162"}],"curies":[{"name":"wp","href":"https:\/\/api.w.org\/{rel}","templated":true}]}}