{"id":144,"date":"2019-05-08T00:00:00","date_gmt":"2019-05-08T00:00:00","guid":{"rendered":"http:\/\/test.semmelweis.hu\/kerpel\/kerpelnap2013\/"},"modified":"2019-05-08T00:00:00","modified_gmt":"2019-05-08T00:00:00","slug":"kerpelnap2013","status":"publish","type":"post","link":"https:\/\/semmelweis.hu\/kerpel\/2019\/05\/08\/kerpelnap2013\/","title":{"rendered":"Tehets\u00e9gnap a Semmelweis Egyetemen \u2013 sosem volt m\u00e9g ekkora \u00e9rdekl\u0151d\u00e9s"},"content":{"rendered":"<p><strong>Minden eddigin\u00e9l t\u00f6bb di\u00e1k vett r\u00e9szt az idei Tehets\u00e9gnapon, melyet a Semmelweis Egyetem Kerpel-Fronius \u00d6d\u00f6n Tehets\u00e9ggondoz\u00f3 Programja szervezett. 17 iskol\u00e1b\u00f3l \u00f6sszesen 285 k\u00f6z\u00e9piskolai di\u00e1k l\u00e1togatta meg az egyetemi helysz\u00edneket a tehets\u00e9ggondoz\u00f3 programban r\u00e9sztvev\u0151 hallgat\u00f3k k\u00eds\u00e9ret\u00e9ben.<\/strong><\/p>\n<p>A klinik\u00e1kat kis csoportokban felkeresve a fiatalok a K\u00eds\u00e9rletes \u00e9s M\u0171t\u00e9ttani Int\u00e9zetben m\u0171t\u0151sruh\u00e1ba b\u00fajhattak, val\u00f3di m\u0171t\u0151eszk\u00f6z\u00f6ket vehettek k\u00e9zbe, s\u0151t Fot\u00f3: Kov\u00e1cs Attila &#8211; Semmelweis Egyetemkipr\u00f3b\u00e1lhatt\u00e1k a m\u0171t\u00e9ti varr\u00e1stechnik\u00e1t is. Betekinthettek a s\u00fcrg\u0151ss\u00e9gi ell\u00e1t\u00e1s vil\u00e1g\u00e1ba, de megn\u00e9zhettek kutat\u00f3-\u00e9s alv\u00e1slabort, korszer\u0171 m\u0171szerparkot atomer\u0151-mikroszk\u00f3ppal, valamint vizsg\u00e1lhattak molekulaszerkezet is. A di\u00e1kok ezen k\u00edv\u00fcl a Mikrobiol\u00f3giai Int\u00e9zetben bakt\u00e9riumokkal ismerkedhettek egy izgalmas el\u0151ad\u00e1s keret\u00e9ben, az er\u0151sebb idegzet\u0171ek pedig az Igazs\u00e1g\u00fcgyi Orvostani Int\u00e9zetben bonctermi bemutat\u00f3n is r\u00e9szt vehettek.<\/p>\n<p>Mozer M\u00e1ria<\/p>\n<p><img decoding=\"async\" src=\"https:\/\/semmelweis.hu\/kerpel\/files\/2019\/05\/RS7790_20131105IMG_5015tehetsegnapscr.jpg\" alt=\"\" \/><\/p>\n<p><img decoding=\"async\" src=\"https:\/\/semmelweis.hu\/kerpel\/files\/2019\/05\/RS7782_20131105IMG_5039tehetsegnapscr.jpg\" alt=\"\" \/><\/p>\n","protected":false},"excerpt":{"rendered":"<p>Minden eddigin\u00e9l t\u00f6bb di\u00e1k vett r\u00e9szt az idei Tehets\u00e9gnapon, melyet a Semmelweis Egyetem Kerpel-Fronius \u00d6d\u00f6n Tehets\u00e9ggondoz\u00f3 Programja szervezett. 17 iskol\u00e1b\u00f3l \u00f6sszesen 285 k\u00f6z\u00e9piskolai di\u00e1k l\u00e1togatta meg az egyetemi helysz\u00edneket a tehets\u00e9ggondoz\u00f3 programban r\u00e9sztvev\u0151 hallgat\u00f3k k\u00eds\u00e9ret\u00e9ben. A klinik\u00e1kat kis csoportokban felkeresve a fiatalok a K\u00eds\u00e9rletes \u00e9s M\u0171t\u00e9ttani Int\u00e9zetben m\u0171t\u0151sruh\u00e1ba b\u00fajhattak, val\u00f3di m\u0171t\u0151eszk\u00f6z\u00f6ket vehettek k\u00e9zbe, s\u0151t Fot\u00f3: &hellip;<\/p>\n","protected":false},"author":158,"featured_media":0,"comment_status":"closed","ping_status":"closed","sticky":false,"template":"","format":"standard","meta":{"_acf_changed":false,"footnotes":""},"categories":[1],"tags":[],"class_list":["post-144","post","type-post","status-publish","format-standard","hentry","category-hirek"],"acf":[],"_links":{"self":[{"href":"https:\/\/semmelweis.hu\/kerpel\/wp-json\/wp\/v2\/posts\/144","targetHints":{"allow":["GET"]}}],"collection":[{"href":"https:\/\/semmelweis.hu\/kerpel\/wp-json\/wp\/v2\/posts"}],"about":[{"href":"https:\/\/semmelweis.hu\/kerpel\/wp-json\/wp\/v2\/types\/post"}],"author":[{"embeddable":true,"href":"https:\/\/semmelweis.hu\/kerpel\/wp-json\/wp\/v2\/users\/158"}],"replies":[{"embeddable":true,"href":"https:\/\/semmelweis.hu\/kerpel\/wp-json\/wp\/v2\/comments?post=144"}],"version-history":[{"count":0,"href":"https:\/\/semmelweis.hu\/kerpel\/wp-json\/wp\/v2\/posts\/144\/revisions"}],"wp:attachment":[{"href":"https:\/\/semmelweis.hu\/kerpel\/wp-json\/wp\/v2\/media?parent=144"}],"wp:term":[{"taxonomy":"category","embeddable":true,"href":"https:\/\/semmelweis.hu\/kerpel\/wp-json\/wp\/v2\/categories?post=144"},{"taxonomy":"post_tag","embeddable":true,"href":"https:\/\/semmelweis.hu\/kerpel\/wp-json\/wp\/v2\/tags?post=144"}],"curies":[{"name":"wp","href":"https:\/\/api.w.org\/{rel}","templated":true}]}}