{"id":4635,"date":"2026-04-20T19:18:50","date_gmt":"2026-04-20T17:18:50","guid":{"rendered":"https:\/\/semmelweis.hu\/kepalkotas\/?p=4635"},"modified":"2026-04-20T19:18:50","modified_gmt":"2026-04-20T17:18:50","slug":"egyuttmukodes-a-daganatos-betegsegek-gyors-felismereseert-es-meg-eredmenyesebb-kezeleseert","status":"publish","type":"post","link":"https:\/\/semmelweis.hu\/kepalkotas\/2026\/04\/20\/egyuttmukodes-a-daganatos-betegsegek-gyors-felismereseert-es-meg-eredmenyesebb-kezeleseert\/","title":{"rendered":"Egy\u00fcttm\u0171k\u00f6d\u00e9s a daganatos betegs\u00e9gek gyors felismer\u00e9s\u00e9\u00e9rt \u00e9s m\u00e9g eredm\u00e9nyesebb kezel\u00e9s\u00e9\u00e9rt"},"content":{"rendered":"<div class=\"lead\">A Semmelweis Onkol\u00f3giai-diagnosztikai \u00e9s Kiv\u00e1l\u00f3s\u00e1gi K\u00f6zpont l\u00e9trehoz\u00e1s\u00e1t c\u00e9lz\u00f3 sz\u00e1nd\u00e9knyilatkozatot \u00edrt al\u00e1 a Semmelweis Egyetem \u00e9s a GE HealthCare. A GE ipari partners\u00e9g\u00e9vel l\u00e9trehozand\u00f3 kutat\u00f3 \u00e9s betegell\u00e1t\u00f3 k\u00f6zpont saj\u00e1t izot\u00f3pel\u0151\u00e1ll\u00edt\u00e1s mellett modern k\u00e9palkot\u00f3 berendez\u00e9sekkel \u00e9s szem\u00e9lyre szabott teranosztikai kezel\u00e9sekkel t\u00e1mogatn\u00e1 els\u0151sorban az onkol\u00f3giai betegek gy\u00f3gyul\u00e1s\u00e1t.<\/div>\n<p><a href=\"https:\/\/semmelweis.hu\/kepalkotas\/files\/MHP_GE3.jpg\"><img loading=\"lazy\" decoding=\"async\" class=\"aligncenter size-full wp-image-4638\" src=\"https:\/\/semmelweis.hu\/kepalkotas\/files\/MHP_GE3.jpg\" alt=\"\" width=\"1200\" height=\"777\" srcset=\"https:\/\/semmelweis.hu\/kepalkotas\/files\/MHP_GE3.jpg 1200w, https:\/\/semmelweis.hu\/kepalkotas\/files\/MHP_GE3-400x259.jpg 400w, https:\/\/semmelweis.hu\/kepalkotas\/files\/MHP_GE3-1024x663.jpg 1024w, https:\/\/semmelweis.hu\/kepalkotas\/files\/MHP_GE3-768x497.jpg 768w, https:\/\/semmelweis.hu\/kepalkotas\/files\/MHP_GE3-753x488.jpg 753w\" sizes=\"auto, (max-width: 1200px) 100vw, 1200px\" \/><\/a>A tervezett, eg\u00e9sz Eur\u00f3p\u00e1ban egyed\u00fcl\u00e1ll\u00f3 diagnosztikai \u00e9s teranosztikai k\u00f6zpont a legmodernebb eszk\u00f6zparkra \u00e9s MI alkalmaz\u00e1sok haszn\u00e1lat\u00e1ra \u00e9p\u00fcl; a nukle\u00e1ris medicina \u00e9s a teranosztika modern megold\u00e1sait \u00f6tv\u00f6zve t\u00e1mogatn\u00e1 a daganatos betegs\u00e9gek pontosabb \u00e9s kor\u00e1bbi felismer\u00e9s\u00e9t, valamint a szem\u00e9lyre szabott kezel\u00e9seket.<\/p>\n<p><a href=\"https:\/\/semmelweis.hu\/kepalkotas\/files\/MHP_GE.jpg\"><img loading=\"lazy\" decoding=\"async\" class=\"aligncenter size-full wp-image-4637\" src=\"https:\/\/semmelweis.hu\/kepalkotas\/files\/MHP_GE.jpg\" alt=\"\" width=\"1200\" height=\"802\" srcset=\"https:\/\/semmelweis.hu\/kepalkotas\/files\/MHP_GE.jpg 1200w, https:\/\/semmelweis.hu\/kepalkotas\/files\/MHP_GE-400x267.jpg 400w, https:\/\/semmelweis.hu\/kepalkotas\/files\/MHP_GE-1024x684.jpg 1024w, https:\/\/semmelweis.hu\/kepalkotas\/files\/MHP_GE-768x513.jpg 768w, https:\/\/semmelweis.hu\/kepalkotas\/files\/MHP_GE-753x503.jpg 753w, https:\/\/semmelweis.hu\/kepalkotas\/files\/MHP_GE-203x135.jpg 203w\" sizes=\"auto, (max-width: 1200px) 100vw, 1200px\" \/><\/a>\u201eA daganatos betegs\u00e9gek c\u00e9lzott kezel\u00e9s\u00e9ben vil\u00e1gszerte robban\u00e1sszer\u0171 fejl\u0151d\u00e9s zajlik a nukle\u00e1ris medicina ter\u00fclet\u00e9n. Ennek egyik leg\u00edg\u00e9retesebb ir\u00e1nya a teranosztika, amely a c\u00e9lzott izot\u00f3pos ter\u00e1pi\u00e1t \u00e9s a k\u00e9palkot\u00f3 diagnosztik\u00e1t egyetlen strat\u00e9gi\u00e1ba \u00f6tv\u00f6zi, szem\u00e9lyre szabva \u00e9s ez\u00e1ltal hat\u00e9konyabb\u00e1 t\u00e9ve az onkol\u00f3giai kezel\u00e9st. Az Orvosi K\u00e9palkot\u00f3 Klinika Nukle\u00e1ris Medicina Tansz\u00e9ke jelenleg is v\u00e9gez NEAK-finansz\u00edroz\u00e1ssal teranosztikai kezel\u00e9seket \u2013 p\u00e9ld\u00e1ul prosztatar\u00e1k eset\u00e9ben \u2013, azonban a magyarorsz\u00e1gi ig\u00e9nyek b\u0151v\u00fcl\u00e9se egyre s\u00fcrget\u0151bb\u00e9 teszi ezek sz\u00e9les k\u00f6r\u0171 el\u00e9rhet\u0151v\u00e9 t\u00e9tel\u00e9t\u201d \u2013 mondta el a Semmelweis Egyetem h\u00edrport\u00e1lnak dr. Maurovich Horvat P\u00e1l, klinik\u00e1nk igazgat\u00f3ja.<br \/>\nTov\u00e1bbi r\u00e9szletek <a href=\"https:\/\/semmelweis.hu\/hirek\/2026\/04\/13\/partneri-egyuttmukodes-a-semmelweis-onkologiai-diagnosztikai-kivalosagi-kozpontert\/\" target=\"_blank\" rel=\"noopener\">a cikkben<\/a>.\u00a0<br \/>\nSz\u00f6veg \u00e9s fot\u00f3: Semmelweis Egyetem<\/p>\n<p>&nbsp;<\/p>\n","protected":false},"excerpt":{"rendered":"<p>A Semmelweis Onkol\u00f3giai-diagnosztikai \u00e9s Kiv\u00e1l\u00f3s\u00e1gi K\u00f6zpont l\u00e9trehoz\u00e1s\u00e1t c\u00e9lz\u00f3 sz\u00e1nd\u00e9knyilatkozatot \u00edrt al\u00e1 a Semmelweis Egyetem \u00e9s a GE HealthCare. A GE ipari partners\u00e9g\u00e9vel l\u00e9trehozand\u00f3 kutat\u00f3 \u00e9s betegell\u00e1t\u00f3 k\u00f6zpont saj\u00e1t izot\u00f3pel\u0151\u00e1ll\u00edt\u00e1s mellett modern k\u00e9palkot\u00f3 berendez\u00e9sekkel \u00e9s szem\u00e9lyre szabott teranosztikai kezel\u00e9sekkel t\u00e1mogatn\u00e1 els\u0151sorban az onkol\u00f3giai betegek gy\u00f3gyul\u00e1s\u00e1t. <a href=\"https:\/\/semmelweis.hu\/kepalkotas\/files\/MHP_GE3.jpg\"><\/a> A tervezett, eg\u00e9sz Eur\u00f3p\u00e1ban egyed\u00fcl\u00e1ll\u00f3 diagnosztikai \u00e9s teranosztikai k\u00f6zpont a legmodernebb &hellip;<\/p>\n","protected":false},"author":102015,"featured_media":4636,"comment_status":"closed","ping_status":"closed","sticky":false,"template":"","format":"standard","meta":{"_acf_changed":false,"footnotes":""},"categories":[20],"tags":[69,67],"class_list":["post-4635","post","type-post","status-publish","format-standard","has-post-thumbnail","hentry","category-hirek","tag-gyogyitas","tag-nuklearismedicina"],"acf":[],"_links":{"self":[{"href":"https:\/\/semmelweis.hu\/kepalkotas\/wp-json\/wp\/v2\/posts\/4635","targetHints":{"allow":["GET"]}}],"collection":[{"href":"https:\/\/semmelweis.hu\/kepalkotas\/wp-json\/wp\/v2\/posts"}],"about":[{"href":"https:\/\/semmelweis.hu\/kepalkotas\/wp-json\/wp\/v2\/types\/post"}],"author":[{"embeddable":true,"href":"https:\/\/semmelweis.hu\/kepalkotas\/wp-json\/wp\/v2\/users\/102015"}],"replies":[{"embeddable":true,"href":"https:\/\/semmelweis.hu\/kepalkotas\/wp-json\/wp\/v2\/comments?post=4635"}],"version-history":[{"count":2,"href":"https:\/\/semmelweis.hu\/kepalkotas\/wp-json\/wp\/v2\/posts\/4635\/revisions"}],"predecessor-version":[{"id":4640,"href":"https:\/\/semmelweis.hu\/kepalkotas\/wp-json\/wp\/v2\/posts\/4635\/revisions\/4640"}],"wp:featuredmedia":[{"embeddable":true,"href":"https:\/\/semmelweis.hu\/kepalkotas\/wp-json\/wp\/v2\/media\/4636"}],"wp:attachment":[{"href":"https:\/\/semmelweis.hu\/kepalkotas\/wp-json\/wp\/v2\/media?parent=4635"}],"wp:term":[{"taxonomy":"category","embeddable":true,"href":"https:\/\/semmelweis.hu\/kepalkotas\/wp-json\/wp\/v2\/categories?post=4635"},{"taxonomy":"post_tag","embeddable":true,"href":"https:\/\/semmelweis.hu\/kepalkotas\/wp-json\/wp\/v2\/tags?post=4635"}],"curies":[{"name":"wp","href":"https:\/\/api.w.org\/{rel}","templated":true}]}}