{"id":4570,"date":"2026-02-27T17:29:48","date_gmt":"2026-02-27T16:29:48","guid":{"rendered":"https:\/\/semmelweis.hu\/kepalkotas\/?p=4570"},"modified":"2026-02-27T17:29:48","modified_gmt":"2026-02-27T16:29:48","slug":"magyarorszagon-elsokent-klinikankon-vegeztek-ct-vizsgalatot-romai-kori-mumian","status":"publish","type":"post","link":"https:\/\/semmelweis.hu\/kepalkotas\/2026\/02\/27\/magyarorszagon-elsokent-klinikankon-vegeztek-ct-vizsgalatot-romai-kori-mumian\/","title":{"rendered":"Magyarorsz\u00e1gon els\u0151k\u00e9nt, klinik\u00e1nkon v\u00e9geztek CT-vizsg\u00e1latot r\u00f3mai kori m\u00fami\u00e1n"},"content":{"rendered":"<div class=\"lead\"><span style=\"font-weight: 400\">Az Aquincumi M\u00fazeumban \u0151rz\u00f6tt lelet febru\u00e1r 19-\u00e9n \u00e9rkezett klinik\u00e1nkra, ahol dr. Dud\u00e1s Ibolyka, int\u00e9zet\u00fcnk post mortem k\u00e9palkot\u00e1s munkacsoportj\u00e1nak vezet\u0151je \u00e9s dr. B\u00e9k\u00e9sy-Szab\u00f3 \u00c1d\u00e1m radiol\u00f3gus, az OKK \u00e9s a kutat\u00f3csoport egy\u00fcttm\u0171k\u00f6d\u00e9s\u00e9nek koordin\u00e1tora k\u00f6zrem\u0171k\u00f6d\u00e9s\u00e9vel val\u00f3sult meg a vizsg\u00e1lat. <\/span><\/div>\n<p><span style=\"font-size: 1rem\"><img loading=\"lazy\" decoding=\"async\" class=\"aligncenter size-full wp-image-4573\" src=\"https:\/\/semmelweis.hu\/kepalkotas\/files\/RS232797_0E1A8041_scl.jpg\" alt=\"\" width=\"1200\" height=\"800\" srcset=\"https:\/\/semmelweis.hu\/kepalkotas\/files\/RS232797_0E1A8041_scl.jpg 1200w, https:\/\/semmelweis.hu\/kepalkotas\/files\/RS232797_0E1A8041_scl-400x267.jpg 400w, https:\/\/semmelweis.hu\/kepalkotas\/files\/RS232797_0E1A8041_scl-1024x683.jpg 1024w, https:\/\/semmelweis.hu\/kepalkotas\/files\/RS232797_0E1A8041_scl-768x512.jpg 768w, https:\/\/semmelweis.hu\/kepalkotas\/files\/RS232797_0E1A8041_scl-753x502.jpg 753w, https:\/\/semmelweis.hu\/kepalkotas\/files\/RS232797_0E1A8041_scl-203x135.jpg 203w\" sizes=\"auto, (max-width: 1200px) 100vw, 1200px\" \/>A r\u00f3mai kori m\u00famia CT-vizsg\u00e1lat\u00e1r\u00f3l sz\u00f3l\u00f3 teljes cikk <\/span><a href=\"https:\/\/semmelweis.hu\/hirek\/2026\/02\/27\/egyedulallo-romai-kori-mumiat-vizsgaltak-a-semmelweis-egyetemen\/\" target=\"_blank\" rel=\"noopener\">a Semmelweis Egyetem h\u00edrport\u00e1lj\u00e1n<\/a><span style=\"font-size: 1rem\"> olvashat\u00f3, ahol tov\u00e1bbi fot\u00f3k is megtekinthet\u0151k.\u00a0<\/span><\/p>\n<p><i><span style=\"font-weight: 400\">A vizsg\u00e1lat betegell\u00e1t\u00e1si id\u0151n k\u00edv\u00fcl, a MTA-ELTE HTK Lend\u00fclet Bior\u00e9g\u00e9szet Kutat\u00f3csoport vezette, Pann\u00f3nia r\u00f3mai kori n\u00e9pess\u00e9g\u00e9t vizsg\u00e1l\u00f3 program r\u00e9szek\u00e9nt val\u00f3sult meg.<\/span><\/i><\/p>\n<p>Fot\u00f3k: Barta B\u00e1lint \u2013 Semmelweis Egyetem<\/p>\n","protected":false},"excerpt":{"rendered":"<p>Az Aquincumi M\u00fazeumban \u0151rz\u00f6tt lelet febru\u00e1r 19-\u00e9n \u00e9rkezett klinik\u00e1nkra, ahol dr. Dud\u00e1s Ibolyka, int\u00e9zet\u00fcnk post mortem k\u00e9palkot\u00e1s munkacsoportj\u00e1nak vezet\u0151je \u00e9s dr. B\u00e9k\u00e9sy-Szab\u00f3 \u00c1d\u00e1m radiol\u00f3gus, az OKK \u00e9s a kutat\u00f3csoport egy\u00fcttm\u0171k\u00f6d\u00e9s\u00e9nek koordin\u00e1tora k\u00f6zrem\u0171k\u00f6d\u00e9s\u00e9vel val\u00f3sult meg a vizsg\u00e1lat. A r\u00f3mai kori m\u00famia CT-vizsg\u00e1lat\u00e1r\u00f3l sz\u00f3l\u00f3 teljes cikk <a href=\"https:\/\/semmelweis.hu\/hirek\/2026\/02\/27\/egyedulallo-romai-kori-mumiat-vizsgaltak-a-semmelweis-egyetemen\/\" target=\"_blank\" rel=\"noopener\">a Semmelweis Egyetem h\u00edrport\u00e1lj\u00e1n<\/a> olvashat\u00f3, ahol tov\u00e1bbi fot\u00f3k is megtekinthet\u0151k.\u00a0 A vizsg\u00e1lat betegell\u00e1t\u00e1si id\u0151n k\u00edv\u00fcl, &hellip;<\/p>\n","protected":false},"author":102015,"featured_media":4571,"comment_status":"closed","ping_status":"closed","sticky":false,"template":"","format":"standard","meta":{"_acf_changed":false,"footnotes":""},"categories":[20],"tags":[57,59],"class_list":["post-4570","post","type-post","status-publish","format-standard","has-post-thumbnail","hentry","category-hirek","tag-ct","tag-kutatas"],"acf":[],"_links":{"self":[{"href":"https:\/\/semmelweis.hu\/kepalkotas\/wp-json\/wp\/v2\/posts\/4570","targetHints":{"allow":["GET"]}}],"collection":[{"href":"https:\/\/semmelweis.hu\/kepalkotas\/wp-json\/wp\/v2\/posts"}],"about":[{"href":"https:\/\/semmelweis.hu\/kepalkotas\/wp-json\/wp\/v2\/types\/post"}],"author":[{"embeddable":true,"href":"https:\/\/semmelweis.hu\/kepalkotas\/wp-json\/wp\/v2\/users\/102015"}],"replies":[{"embeddable":true,"href":"https:\/\/semmelweis.hu\/kepalkotas\/wp-json\/wp\/v2\/comments?post=4570"}],"version-history":[{"count":3,"href":"https:\/\/semmelweis.hu\/kepalkotas\/wp-json\/wp\/v2\/posts\/4570\/revisions"}],"predecessor-version":[{"id":4575,"href":"https:\/\/semmelweis.hu\/kepalkotas\/wp-json\/wp\/v2\/posts\/4570\/revisions\/4575"}],"wp:featuredmedia":[{"embeddable":true,"href":"https:\/\/semmelweis.hu\/kepalkotas\/wp-json\/wp\/v2\/media\/4571"}],"wp:attachment":[{"href":"https:\/\/semmelweis.hu\/kepalkotas\/wp-json\/wp\/v2\/media?parent=4570"}],"wp:term":[{"taxonomy":"category","embeddable":true,"href":"https:\/\/semmelweis.hu\/kepalkotas\/wp-json\/wp\/v2\/categories?post=4570"},{"taxonomy":"post_tag","embeddable":true,"href":"https:\/\/semmelweis.hu\/kepalkotas\/wp-json\/wp\/v2\/tags?post=4570"}],"curies":[{"name":"wp","href":"https:\/\/api.w.org\/{rel}","templated":true}]}}