{"id":16960,"date":"2024-09-02T14:37:07","date_gmt":"2024-09-02T12:37:07","guid":{"rendered":"https:\/\/semmelweis.hu\/kanizsaidorottya\/?p=16960"},"modified":"2024-09-02T14:37:07","modified_gmt":"2024-09-02T12:37:07","slug":"becsongettek-kepek-a-2024-25-os-tanevnyito-unnepsegrol","status":"publish","type":"post","link":"https:\/\/semmelweis.hu\/kanizsaidorottya\/2024\/09\/02\/becsongettek-kepek-a-2024-25-os-tanevnyito-unnepsegrol\/","title":{"rendered":"Becs\u00f6ngettek! K\u00e9pek a 2024\/25-\u00f6s tan\u00e9vnyit\u00f3 \u00fcnneps\u00e9gr\u0151l."},"content":{"rendered":"<p>Becs\u00f6ngettek!<\/p>\n<p>Szeptember 2-\u00e1n az iskolaz\u00e1szl\u00f3 \u00fcnnep\u00e9lyes behozatal\u00e1val kezd\u0151d\u00f6tt a 2024-es tan\u00e9vnyit\u00f3 \u00fcnneps\u00e9g.A Himnusz elhangz\u00e1sa ut\u00e1n a K-10.A oszt\u00e1ly m\u0171sora k\u00f6vetkezett, majd Radics S\u00e1ndor igazgat\u00f3 \u00far tan\u00e9nyit\u00f3 besz\u00e9d\u00e9t hallgattuk meg, amelyet az els\u0151\u00e9vesek jelv\u00e9ny\u00e1tad\u00e1sa k\u00f6vetett.<\/p>\n<p><img loading=\"lazy\" decoding=\"async\" class=\"alignnone size-full wp-image-16961\" src=\"https:\/\/semmelweis.hu\/kanizsaidorottya\/files\/2024\/09\/Evnyito_2024_1.jpg\" alt=\"\" width=\"1200\" height=\"1200\" srcset=\"https:\/\/semmelweis.hu\/kanizsaidorottya\/files\/2024\/09\/Evnyito_2024_1.jpg 1200w, https:\/\/semmelweis.hu\/kanizsaidorottya\/files\/2024\/09\/Evnyito_2024_1-400x400.jpg 400w, https:\/\/semmelweis.hu\/kanizsaidorottya\/files\/2024\/09\/Evnyito_2024_1-1024x1024.jpg 1024w, https:\/\/semmelweis.hu\/kanizsaidorottya\/files\/2024\/09\/Evnyito_2024_1-150x150.jpg 150w, https:\/\/semmelweis.hu\/kanizsaidorottya\/files\/2024\/09\/Evnyito_2024_1-768x768.jpg 768w, https:\/\/semmelweis.hu\/kanizsaidorottya\/files\/2024\/09\/Evnyito_2024_1-753x753.jpg 753w\" sizes=\"auto, (max-width: 1200px) 100vw, 1200px\" \/><img loading=\"lazy\" decoding=\"async\" class=\"alignnone size-full wp-image-16962\" src=\"https:\/\/semmelweis.hu\/kanizsaidorottya\/files\/2024\/09\/Evnyito_2024_2.jpg\" alt=\"\" width=\"1200\" height=\"1200\" srcset=\"https:\/\/semmelweis.hu\/kanizsaidorottya\/files\/2024\/09\/Evnyito_2024_2.jpg 1200w, https:\/\/semmelweis.hu\/kanizsaidorottya\/files\/2024\/09\/Evnyito_2024_2-400x400.jpg 400w, https:\/\/semmelweis.hu\/kanizsaidorottya\/files\/2024\/09\/Evnyito_2024_2-1024x1024.jpg 1024w, https:\/\/semmelweis.hu\/kanizsaidorottya\/files\/2024\/09\/Evnyito_2024_2-150x150.jpg 150w, https:\/\/semmelweis.hu\/kanizsaidorottya\/files\/2024\/09\/Evnyito_2024_2-768x768.jpg 768w, https:\/\/semmelweis.hu\/kanizsaidorottya\/files\/2024\/09\/Evnyito_2024_2-753x753.jpg 753w\" sizes=\"auto, (max-width: 1200px) 100vw, 1200px\" \/><img loading=\"lazy\" decoding=\"async\" class=\"alignnone size-full wp-image-16963\" src=\"https:\/\/semmelweis.hu\/kanizsaidorottya\/files\/2024\/09\/Evnyito_2024_3.jpg\" alt=\"\" width=\"1200\" height=\"1200\" srcset=\"https:\/\/semmelweis.hu\/kanizsaidorottya\/files\/2024\/09\/Evnyito_2024_3.jpg 1200w, https:\/\/semmelweis.hu\/kanizsaidorottya\/files\/2024\/09\/Evnyito_2024_3-400x400.jpg 400w, https:\/\/semmelweis.hu\/kanizsaidorottya\/files\/2024\/09\/Evnyito_2024_3-1024x1024.jpg 1024w, https:\/\/semmelweis.hu\/kanizsaidorottya\/files\/2024\/09\/Evnyito_2024_3-150x150.jpg 150w, https:\/\/semmelweis.hu\/kanizsaidorottya\/files\/2024\/09\/Evnyito_2024_3-768x768.jpg 768w, https:\/\/semmelweis.hu\/kanizsaidorottya\/files\/2024\/09\/Evnyito_2024_3-753x753.jpg 753w\" sizes=\"auto, (max-width: 1200px) 100vw, 1200px\" \/><img loading=\"lazy\" decoding=\"async\" class=\"alignnone size-full wp-image-16964\" src=\"https:\/\/semmelweis.hu\/kanizsaidorottya\/files\/2024\/09\/Evnyito_2024_4.jpg\" alt=\"\" width=\"1200\" height=\"1200\" srcset=\"https:\/\/semmelweis.hu\/kanizsaidorottya\/files\/2024\/09\/Evnyito_2024_4.jpg 1200w, https:\/\/semmelweis.hu\/kanizsaidorottya\/files\/2024\/09\/Evnyito_2024_4-400x400.jpg 400w, https:\/\/semmelweis.hu\/kanizsaidorottya\/files\/2024\/09\/Evnyito_2024_4-1024x1024.jpg 1024w, https:\/\/semmelweis.hu\/kanizsaidorottya\/files\/2024\/09\/Evnyito_2024_4-150x150.jpg 150w, https:\/\/semmelweis.hu\/kanizsaidorottya\/files\/2024\/09\/Evnyito_2024_4-768x768.jpg 768w, https:\/\/semmelweis.hu\/kanizsaidorottya\/files\/2024\/09\/Evnyito_2024_4-753x753.jpg 753w\" sizes=\"auto, (max-width: 1200px) 100vw, 1200px\" \/><img loading=\"lazy\" decoding=\"async\" class=\"alignnone size-full wp-image-16965\" src=\"https:\/\/semmelweis.hu\/kanizsaidorottya\/files\/2024\/09\/Evnyito_2024_5.jpg\" alt=\"\" width=\"1200\" height=\"1200\" srcset=\"https:\/\/semmelweis.hu\/kanizsaidorottya\/files\/2024\/09\/Evnyito_2024_5.jpg 1200w, https:\/\/semmelweis.hu\/kanizsaidorottya\/files\/2024\/09\/Evnyito_2024_5-400x400.jpg 400w, https:\/\/semmelweis.hu\/kanizsaidorottya\/files\/2024\/09\/Evnyito_2024_5-1024x1024.jpg 1024w, https:\/\/semmelweis.hu\/kanizsaidorottya\/files\/2024\/09\/Evnyito_2024_5-150x150.jpg 150w, https:\/\/semmelweis.hu\/kanizsaidorottya\/files\/2024\/09\/Evnyito_2024_5-768x768.jpg 768w, https:\/\/semmelweis.hu\/kanizsaidorottya\/files\/2024\/09\/Evnyito_2024_5-753x753.jpg 753w\" sizes=\"auto, (max-width: 1200px) 100vw, 1200px\" \/><\/p>\n","protected":false},"excerpt":{"rendered":"<p>Becs\u00f6ngettek!<br \/>\nSzeptember 2-\u00e1n az iskolaz\u00e1szl\u00f3 \u00fcnnep\u00e9lyes behozatal\u00e1val kezd\u0151d\u00f6tt a 2024-es tan\u00e9vnyit\u00f3 \u00fcnneps\u00e9g.A Himnusz elhangz\u00e1sa ut\u00e1n a K-10.A oszt\u00e1ly m\u0171sora k\u00f6vetkezett, majd Radics S\u00e1ndor igazgat\u00f3 \u00far tan\u00e9nyit\u00f3 besz\u00e9d\u00e9t hallgattuk meg, amelyet az els\u0151\u00e9vesek jelv\u00e9ny\u00e1tad\u00e1sa k\u00f6vetett.<\/p>\n","protected":false},"author":101879,"featured_media":16176,"comment_status":"closed","ping_status":"closed","sticky":false,"template":"","format":"standard","meta":{"_acf_changed":false,"footnotes":""},"categories":[1],"tags":[],"class_list":["post-16960","post","type-post","status-publish","format-standard","has-post-thumbnail","hentry","category-hirek"],"acf":[],"_links":{"self":[{"href":"https:\/\/semmelweis.hu\/kanizsaidorottya\/wp-json\/wp\/v2\/posts\/16960","targetHints":{"allow":["GET"]}}],"collection":[{"href":"https:\/\/semmelweis.hu\/kanizsaidorottya\/wp-json\/wp\/v2\/posts"}],"about":[{"href":"https:\/\/semmelweis.hu\/kanizsaidorottya\/wp-json\/wp\/v2\/types\/post"}],"author":[{"embeddable":true,"href":"https:\/\/semmelweis.hu\/kanizsaidorottya\/wp-json\/wp\/v2\/users\/101879"}],"replies":[{"embeddable":true,"href":"https:\/\/semmelweis.hu\/kanizsaidorottya\/wp-json\/wp\/v2\/comments?post=16960"}],"version-history":[{"count":1,"href":"https:\/\/semmelweis.hu\/kanizsaidorottya\/wp-json\/wp\/v2\/posts\/16960\/revisions"}],"predecessor-version":[{"id":16966,"href":"https:\/\/semmelweis.hu\/kanizsaidorottya\/wp-json\/wp\/v2\/posts\/16960\/revisions\/16966"}],"wp:featuredmedia":[{"embeddable":true,"href":"https:\/\/semmelweis.hu\/kanizsaidorottya\/wp-json\/wp\/v2\/media\/16176"}],"wp:attachment":[{"href":"https:\/\/semmelweis.hu\/kanizsaidorottya\/wp-json\/wp\/v2\/media?parent=16960"}],"wp:term":[{"taxonomy":"category","embeddable":true,"href":"https:\/\/semmelweis.hu\/kanizsaidorottya\/wp-json\/wp\/v2\/categories?post=16960"},{"taxonomy":"post_tag","embeddable":true,"href":"https:\/\/semmelweis.hu\/kanizsaidorottya\/wp-json\/wp\/v2\/tags?post=16960"}],"curies":[{"name":"wp","href":"https:\/\/api.w.org\/{rel}","templated":true}]}}