{"id":89376,"date":"2024-02-02T12:50:20","date_gmt":"2024-02-02T11:50:20","guid":{"rendered":"https:\/\/semmelweis.hu\/jogigfoig\/?p=89376"},"modified":"2024-02-02T12:50:20","modified_gmt":"2024-02-02T11:50:20","slug":"tajekoztatas-szabalyzatok-kozzetetelerol-8","status":"publish","type":"post","link":"https:\/\/semmelweis.hu\/jogigfoig\/2024\/02\/02\/tajekoztatas-szabalyzatok-kozzetetelerol-8\/","title":{"rendered":"T\u00e1j\u00e9koztat\u00e1s szab\u00e1lyzatok k\u00f6zz\u00e9t\u00e9tel\u00e9r\u0151l"},"content":{"rendered":"<p style=\"text-align: justify\">Tisztelt Munkat\u00e1rsak!<\/p>\n<p style=\"text-align: justify\">\u00a0<\/p>\n<p style=\"text-align: justify\">T\u00e1j\u00e9koztatjuk \u00d6n\u00f6ket arr\u00f3l, hogy az al\u00e1bbi szab\u00e1lyzatok m\u00f3dos\u00edt\u00e1sra \u00e9s k\u00f6zz\u00e9t\u00e9telre ker\u00fcltek:<\/p>\n<p style=\"text-align: justify\">\u00a0<\/p>\n<p style=\"text-align: justify\">I. Elfogad\u00f3\/m\u00f3dos\u00edt\u00f3 szen\u00e1tusi hat\u00e1rozat: <a href=\"https:\/\/semmelweis.hu\/jogigfoig\/files\/2024\/01\/4_2024_egyes-szamviteli-targyu-szabalyzatok-modositasa.pdf\">4\/2024. (I.25.)<\/a><\/p>\n<p style=\"text-align: justify\">Hat\u00e1lybal\u00e9p\u00e9s napja: 2024. febru\u00e1r 01.<\/p>\n<p style=\"text-align: justify\">\u00a0<\/p>\n<p style=\"text-align: justify\"><strong>1. <\/strong><strong>Sz\u00e1mviteli politika <\/strong><\/p>\n<p style=\"text-align: justify\"><strong>1.1. <\/strong><strong style=\"font-size: 1rem\">K\u00f6nyv Sz\u00e1mviteli politika<\/strong><\/p>\n<p style=\"text-align: justify\">R\u00f6vid \u00f6sszefoglal\u00f3: m\u00f3dosult a szab\u00e1lyzat 4.5 pontja, mely a M\u00e9rlegk\u00e9sz\u00edt\u00e9s id\u0151pontj\u00e1ra vonatkoz\u00f3 d\u00e1tumokat tartalmazza, valamint az ellen\u0151rz\u00e9si nyomvonalban lettek v\u00e9gig vezetve az \u00faj, szeptembert\u0151l m\u0171k\u00f6d\u0151, 4 oszt\u00e1lyos P\u00dcIG hat\u00e1sk\u00f6r\u00f6k. Ezek a m\u00f3dos\u00edt\u00e1sok m\u00e1r a 2023. besz\u00e1mol\u00f3 k\u00e9sz\u00edt\u00e9s\u00e9re is vonatkozzanak.<\/p>\n<p style=\"text-align: justify\">A tartalom megtekinthet\u0151: <a href=\"https:\/\/semmelweis.hu\/jogigfoig\/dokumentumtar\/szabalyzattar\/szamviteli-politika\/\">Sz\u00e1mviteli politika I. K\u00f6nyv Sz\u00e1mviteli politika<\/a><\/p>\n<p style=\"text-align: justify\">\u00a0<\/p>\n<p style=\"text-align: justify\"><strong>1.2. K\u00f6nyv <\/strong><strong>P\u00e9nzkezel\u00e9si szab\u00e1lyzat<\/strong><\/p>\n<p style=\"text-align: justify\">R\u00f6vid \u00f6sszefoglal\u00f3: a szab\u00e1lyzat 1. sz\u00e1m\u00fa mell\u00e9klete sorolja fel az Egyetemen m\u0171k\u00f6d\u0151 h\u00e1zip\u00e9nzt\u00e1rakat, amely kieg\u00e9sz\u00fclt az ETK h\u00e1zip\u00e9nzt\u00e1r\u00e1val.<\/p>\n<p style=\"text-align: justify\">A tartalom megtekinthet\u0151: <a href=\"https:\/\/semmelweis.hu\/jogigfoig\/dokumentumtar\/szabalyzattar\/szamviteli-politika\/\">Sz\u00e1mviteli politika III. K\u00f6nyv P\u00e9nzkezel\u00e9si szab\u00e1lyzat<\/a><\/p>\n<p style=\"text-align: justify\">\u00a0<\/p>\n<p style=\"text-align: justify\"><strong>1.3. K\u00f6nyv Eszk\u00f6z\u00f6k \u00e9s forr\u00e1sok \u00e9rt\u00e9kel\u00e9si szab\u00e1lyzata<\/strong><\/p>\n<p style=\"text-align: justify\">R\u00f6vid \u00f6sszefoglal\u00f3: a szab\u00e1lyzat 2.1 pont (9a) bekezd\u00e9s\u00e9ben a beruh\u00e1z\u00e1s-fel\u00faj\u00edt\u00e1s k\u00fcl\u00f6nv\u00e1laszt\u00e1sra ker\u00fclt. A 3.3 Terv szerinti \u00e9rt\u00e9kcs\u00f6kken\u00e9s pontba beker\u00fclt a bels\u0151 ellen\u0151rz\u00e9si vizsg\u00e1latok eredm\u00e9nyek\u00e9nt a (3a) bekezd\u00e9sbe a maradv\u00e1ny\u00e9rt\u00e9kre vonatkoz\u00f3 inform\u00e1ci\u00f3k teljesk\u00f6r\u0171v\u00e9 t\u00e9tele, illetve lejjebb az ingatlanokhoz kapcsol\u00f3d\u00f3 vagyoni \u00e9rt\u00e9k\u0171 jogok \u00e9rt\u00e9kcs\u00f6kken\u00e9s %-a. Az el\u0151z\u0151ek alapj\u00e1n az ellen\u0151rz\u00e9si nyomvonal is m\u00f3dos\u00edt\u00e1sra ker\u00fclt.<\/p>\n<p style=\"text-align: justify\">A tartalom megtekinthet\u0151: <a href=\"https:\/\/semmelweis.hu\/jogigfoig\/dokumentumtar\/szabalyzattar\/szamviteli-politika\/\">Sz\u00e1mviteli politika V. K\u00f6nyv Eszk\u00f6z\u00f6k \u00e9s forr\u00e1sok \u00e9rt\u00e9kel\u00e9si szab\u00e1lyzata<\/a><\/p>\n<p style=\"text-align: justify\">\u00a0<\/p>\n<p style=\"text-align: justify\">\u00a0<\/p>\n<p style=\"text-align: justify\"><a href=\"https:\/\/semmelweis.hu\/jogigfoig\/dokumentumtar\/szabalyzattar\/\">Megtekintem a Szab\u00e1lyzatt\u00e1rat!<\/a><\/p>\n<p style=\"text-align: justify\">Amennyiben a legfontosabb v\u00e1ltoz\u00e1sokr\u00f3l k\u00f6zvetlen e-mail \u00e9rtes\u00edt\u00e9st k\u00e9r, iratkozzon fel a <a href=\"https:\/\/semmelweis.hu\/jogigfoig\/dokumentumtar\/jifnews\/\"><strong>JIF NEWS H\u00edrlev\u00e9lre<\/strong><\/a><strong>!<\/strong><\/p>\n<p style=\"text-align: justify\">\u00a0<\/p>\n<p style=\"text-align: justify\">Semmelweis Egyetem Jogi \u00e9s Igazgat\u00e1si F\u0151igazgat\u00f3s\u00e1g<\/p>\n","protected":false},"excerpt":{"rendered":"<p>Tisztelt Munkat\u00e1rsak! \u00a0 T\u00e1j\u00e9koztatjuk \u00d6n\u00f6ket arr\u00f3l, hogy az al\u00e1bbi szab\u00e1lyzatok m\u00f3dos\u00edt\u00e1sra \u00e9s k\u00f6zz\u00e9t\u00e9telre ker\u00fcltek: \u00a0 I. Elfogad\u00f3\/m\u00f3dos\u00edt\u00f3 szen\u00e1tusi hat\u00e1rozat: <a href=\"https:\/\/semmelweis.hu\/jogigfoig\/files\/2024\/01\/4_2024_egyes-szamviteli-targyu-szabalyzatok-modositasa.pdf\">4\/2024. (I.25.)<\/a> Hat\u00e1lybal\u00e9p\u00e9s napja: 2024. febru\u00e1r 01. \u00a0 1. Sz\u00e1mviteli politika 1.1. K\u00f6nyv Sz\u00e1mviteli politika R\u00f6vid \u00f6sszefoglal\u00f3: m\u00f3dosult a szab\u00e1lyzat 4.5 pontja, mely a M\u00e9rlegk\u00e9sz\u00edt\u00e9s id\u0151pontj\u00e1ra vonatkoz\u00f3 d\u00e1tumokat tartalmazza, valamint az ellen\u0151rz\u00e9si nyomvonalban lettek v\u00e9gig vezetve az \u00faj, &hellip;<\/p>\n","protected":false},"author":101467,"featured_media":0,"comment_status":"closed","ping_status":"closed","sticky":false,"template":"","format":"standard","meta":{"_acf_changed":false,"footnotes":""},"categories":[41],"tags":[46,76],"class_list":["post-89376","post","type-post","status-publish","format-standard","hentry","category-tajekoztatok","tag-jif","tag-szabalyzat"],"acf":[],"_links":{"self":[{"href":"https:\/\/semmelweis.hu\/jogigfoig\/wp-json\/wp\/v2\/posts\/89376","targetHints":{"allow":["GET"]}}],"collection":[{"href":"https:\/\/semmelweis.hu\/jogigfoig\/wp-json\/wp\/v2\/posts"}],"about":[{"href":"https:\/\/semmelweis.hu\/jogigfoig\/wp-json\/wp\/v2\/types\/post"}],"author":[{"embeddable":true,"href":"https:\/\/semmelweis.hu\/jogigfoig\/wp-json\/wp\/v2\/users\/101467"}],"replies":[{"embeddable":true,"href":"https:\/\/semmelweis.hu\/jogigfoig\/wp-json\/wp\/v2\/comments?post=89376"}],"version-history":[{"count":1,"href":"https:\/\/semmelweis.hu\/jogigfoig\/wp-json\/wp\/v2\/posts\/89376\/revisions"}],"predecessor-version":[{"id":89377,"href":"https:\/\/semmelweis.hu\/jogigfoig\/wp-json\/wp\/v2\/posts\/89376\/revisions\/89377"}],"wp:attachment":[{"href":"https:\/\/semmelweis.hu\/jogigfoig\/wp-json\/wp\/v2\/media?parent=89376"}],"wp:term":[{"taxonomy":"category","embeddable":true,"href":"https:\/\/semmelweis.hu\/jogigfoig\/wp-json\/wp\/v2\/categories?post=89376"},{"taxonomy":"post_tag","embeddable":true,"href":"https:\/\/semmelweis.hu\/jogigfoig\/wp-json\/wp\/v2\/tags?post=89376"}],"curies":[{"name":"wp","href":"https:\/\/api.w.org\/{rel}","templated":true}]}}