{"id":89360,"date":"2024-02-01T14:40:30","date_gmt":"2024-02-01T13:40:30","guid":{"rendered":"https:\/\/semmelweis.hu\/jogigfoig\/?p=89360"},"modified":"2024-02-01T14:40:50","modified_gmt":"2024-02-01T13:40:50","slug":"tajekoztatas-szervezeti-es-mukodesi-szabalyzat-kozzetetelerol-9","status":"publish","type":"post","link":"https:\/\/semmelweis.hu\/jogigfoig\/2024\/02\/01\/tajekoztatas-szervezeti-es-mukodesi-szabalyzat-kozzetetelerol-9\/","title":{"rendered":"T\u00e1j\u00e9koztat\u00e1s Szervezeti \u00e9s M\u0171k\u00f6d\u00e9si Szab\u00e1lyzat k\u00f6zz\u00e9t\u00e9tel\u00e9r\u0151l"},"content":{"rendered":"<p style=\"text-align: justify\">Tisztelt Munkat\u00e1rsak!<\/p>\n<p style=\"text-align: justify\">T\u00e1j\u00e9koztatjuk \u00d6n\u00f6ket arr\u00f3l, hogy a Szervezeti \u00e9s M\u0171k\u00f6d\u00e9si Szab\u00e1lyzat az al\u00e1bbiak szerint m\u00f3dos\u00edt\u00e1sra \u00e9s k\u00f6zz\u00e9t\u00e9telre ker\u00fclt:<\/p>\n<p style=\"text-align: justify\"><strong>1.) III.3. r\u00e9sz \u2013 Doktori Szab\u00e1lyzat<\/strong><\/p>\n<p style=\"text-align: justify\">A Szab\u00e1lyzatban t\u00f6bbek k\u00f6z\u00f6tt a 2023. \u00e9vi jogszab\u00e1ly m\u00f3dos\u00edt\u00e1sok alapj\u00e1n \u00e1tvezet\u00e9sre ker\u00fcltek a felv\u00e9telire \u00e9s a nyelvismeretre vonatkoz\u00f3 k\u00f6vetelm\u00e9nyek tov\u00e1bb a m\u00f3dos\u00edt\u00e1s tartalmaz nyelvtani, stilisztikai jav\u00edt\u00e1sokat.<\/p>\n<p style=\"text-align: justify\">A tartalom megtekinthet\u0151: <a href=\"https:\/\/semmelweis.hu\/jogigfoig\/files\/2024\/02\/SZMSZ_HKR_III_KONYV_III_3_RESZ_Doktori-Szabalyzat_hatalyos_20240201.pdf\">III.3. r\u00e9sz \u2013 Doktori Szab\u00e1lyzat<\/a><\/p>\n<p style=\"text-align: justify\">M\u00f3dos\u00edt\u00f3 szen\u00e1tusi hat\u00e1rozat: 124\/2023. (XII.18.)<\/p>\n<p style=\"text-align: justify\">Hat\u00e1lybal\u00e9p\u00e9s napja: 2024. febru\u00e1r 1.<\/p>\n<p style=\"text-align: justify\"><strong>2.) III.3. r\u00e9sz &#8211; Mell\u00e9kletek<\/strong><\/p>\n<p style=\"text-align: justify\">A Szab\u00e1lyzatban t\u00f6bbek k\u00f6z\u00f6tt a 2023. \u00e9vi jogszab\u00e1ly m\u00f3dos\u00edt\u00e1sok alapj\u00e1n \u00e1tvezet\u00e9sre ker\u00fcltek a felv\u00e9telire \u00e9s a nyelvismeretre vonatkoz\u00f3 k\u00f6vetelm\u00e9nyek tov\u00e1bb a m\u00f3dos\u00edt\u00e1s tartalmaz nyelvtani, stilisztikai jav\u00edt\u00e1sokat.<\/p>\n<p style=\"text-align: justify\">A tartalom megtekinthet\u0151: <a href=\"https:\/\/semmelweis.hu\/jogigfoig\/files\/2024\/02\/SZMSZ_HKR_III_KONYV_III_3_RESZ_MELLEKLETEK_hatalyos_20240201.pdf\">III.3. r\u00e9sz \u2013 Mell\u00e9kletek<\/a><\/p>\n<p style=\"text-align: justify\">M\u00f3dos\u00edt\u00f3 szen\u00e1tusi hat\u00e1rozat: 124\/2023. (XII.18.)<\/p>\n<p style=\"text-align: justify\">Hat\u00e1lybal\u00e9p\u00e9s napja: 2024. febru\u00e1r 1.<\/p>\n<p style=\"text-align: justify\"><strong>\u00a0<\/strong><\/p>\n<p style=\"text-align: justify\">Semmelweis Egyetem Jogi \u00e9s Igazgat\u00e1si F\u0151igazgat\u00f3s\u00e1g<\/p>\n","protected":false},"excerpt":{"rendered":"<p>Tisztelt Munkat\u00e1rsak! T\u00e1j\u00e9koztatjuk \u00d6n\u00f6ket arr\u00f3l, hogy a Szervezeti \u00e9s M\u0171k\u00f6d\u00e9si Szab\u00e1lyzat az al\u00e1bbiak szerint m\u00f3dos\u00edt\u00e1sra \u00e9s k\u00f6zz\u00e9t\u00e9telre ker\u00fclt: 1.) III.3. r\u00e9sz \u2013 Doktori Szab\u00e1lyzat A Szab\u00e1lyzatban t\u00f6bbek k\u00f6z\u00f6tt a 2023. \u00e9vi jogszab\u00e1ly m\u00f3dos\u00edt\u00e1sok alapj\u00e1n \u00e1tvezet\u00e9sre ker\u00fcltek a felv\u00e9telire \u00e9s a nyelvismeretre vonatkoz\u00f3 k\u00f6vetelm\u00e9nyek tov\u00e1bb a m\u00f3dos\u00edt\u00e1s tartalmaz nyelvtani, stilisztikai jav\u00edt\u00e1sokat. A tartalom megtekinthet\u0151: <a href=\"https:\/\/semmelweis.hu\/jogigfoig\/files\/2024\/02\/SZMSZ_HKR_III_KONYV_III_3_RESZ_Doktori-Szabalyzat_hatalyos_20240201.pdf\">III.3. r\u00e9sz \u2013 Doktori Szab\u00e1lyzat<\/a> M\u00f3dos\u00edt\u00f3 szen\u00e1tusi &hellip;<\/p>\n","protected":false},"author":101467,"featured_media":0,"comment_status":"closed","ping_status":"closed","sticky":false,"template":"","format":"standard","meta":{"_acf_changed":false,"footnotes":""},"categories":[41],"tags":[46,122],"class_list":["post-89360","post","type-post","status-publish","format-standard","hentry","category-tajekoztatok","tag-jif","tag-szmsz"],"acf":[],"_links":{"self":[{"href":"https:\/\/semmelweis.hu\/jogigfoig\/wp-json\/wp\/v2\/posts\/89360","targetHints":{"allow":["GET"]}}],"collection":[{"href":"https:\/\/semmelweis.hu\/jogigfoig\/wp-json\/wp\/v2\/posts"}],"about":[{"href":"https:\/\/semmelweis.hu\/jogigfoig\/wp-json\/wp\/v2\/types\/post"}],"author":[{"embeddable":true,"href":"https:\/\/semmelweis.hu\/jogigfoig\/wp-json\/wp\/v2\/users\/101467"}],"replies":[{"embeddable":true,"href":"https:\/\/semmelweis.hu\/jogigfoig\/wp-json\/wp\/v2\/comments?post=89360"}],"version-history":[{"count":2,"href":"https:\/\/semmelweis.hu\/jogigfoig\/wp-json\/wp\/v2\/posts\/89360\/revisions"}],"predecessor-version":[{"id":89362,"href":"https:\/\/semmelweis.hu\/jogigfoig\/wp-json\/wp\/v2\/posts\/89360\/revisions\/89362"}],"wp:attachment":[{"href":"https:\/\/semmelweis.hu\/jogigfoig\/wp-json\/wp\/v2\/media?parent=89360"}],"wp:term":[{"taxonomy":"category","embeddable":true,"href":"https:\/\/semmelweis.hu\/jogigfoig\/wp-json\/wp\/v2\/categories?post=89360"},{"taxonomy":"post_tag","embeddable":true,"href":"https:\/\/semmelweis.hu\/jogigfoig\/wp-json\/wp\/v2\/tags?post=89360"}],"curies":[{"name":"wp","href":"https:\/\/api.w.org\/{rel}","templated":true}]}}