{"id":88979,"date":"2024-01-16T14:06:35","date_gmt":"2024-01-16T13:06:35","guid":{"rendered":"https:\/\/semmelweis.hu\/jogigfoig\/?p=88979"},"modified":"2024-01-16T14:06:35","modified_gmt":"2024-01-16T13:06:35","slug":"tajekoztatas-szervezeti-es-mukodesi-szabalyzat-kozzetetelerol-8","status":"publish","type":"post","link":"https:\/\/semmelweis.hu\/jogigfoig\/2024\/01\/16\/tajekoztatas-szervezeti-es-mukodesi-szabalyzat-kozzetetelerol-8\/","title":{"rendered":"T\u00e1j\u00e9koztat\u00e1s Szervezeti \u00e9s M\u0171k\u00f6d\u00e9si Szab\u00e1lyzat k\u00f6zz\u00e9t\u00e9tel\u00e9r\u0151l"},"content":{"rendered":"<p style=\"text-align: justify\">Tisztelt Munkat\u00e1rsak!<\/p>\n<p style=\"text-align: justify\">\u00a0<\/p>\n<p style=\"text-align: justify\">T\u00e1j\u00e9koztatjuk \u00d6n\u00f6ket arr\u00f3l, hogy a Szervezeti \u00e9s M\u0171k\u00f6d\u00e9si Szab\u00e1lyzat az al\u00e1bbiak szerint m\u00f3dos\u00edt\u00e1sra \u00e9s k\u00f6zz\u00e9t\u00e9telre ker\u00fclt:<\/p>\n<p style=\"text-align: justify\"><strong>1.) III.1. r\u00e9sz \u2013 Felv\u00e9teli Szab\u00e1lyzat<\/strong><\/p>\n<p style=\"text-align: justify\">Az Eg\u00e9szs\u00e9g\u00fcgyi K\u00f6zszolg\u00e1lati Kar Ment\u00e1lhigi\u00e9n\u00e9 Int\u00e9zet \u00e1ltal meghirdetett szakir\u00e1ny\u00fa tov\u00e1bbk\u00e9pz\u00e9sekre a jelentkez\u00e9s online fel\u00fcleten t\u00f6rt\u00e9nik majd, amely l\u00e9nyegesen megk\u00f6nny\u00edti a jelentkez\u0151k \u00e9s az \u00e1ltaluk bek\u00fcld\u00f6tt dokumentumok adminisztr\u00e1l\u00e1s\u00e1t, r\u00f6gz\u00edt\u00e9s\u00e9t. A fentiek miatt sz\u00fcks\u00e9gess\u00e9 v\u00e1lt a Szab\u00e1lyzat vonatkoz\u00f3 rendelkez\u00e9s\u00e9nek m\u00f3dos\u00edt\u00e1sa is.\u00a0<\/p>\n<p style=\"text-align: justify\">A tartalom megtekinthet\u0151: <a href=\"https:\/\/semmelweis.hu\/jogigfoig\/files\/2024\/01\/SZMSZ_HKR_III_KONYV_III_1_RESZ_Felveteli-Szabalyzat_hatalyos_20240104.pdf\">III.1. r\u00e9sz \u2013 Felv\u00e9teli Szab\u00e1lyzat<\/a><\/p>\n<p style=\"text-align: justify\">M\u00f3dos\u00edt\u00f3 szen\u00e1tusi hat\u00e1rozat: 116\/2023. (XII.18.)<\/p>\n<p style=\"text-align: justify\">Hat\u00e1lybal\u00e9p\u00e9s napja: 2024. janu\u00e1r 4.<\/p>\n<p style=\"text-align: justify\"><strong>\u00a0<\/strong><\/p>\n<p style=\"text-align: justify\">Semmelweis Egyetem Jogi \u00e9s Igazgat\u00e1si F\u0151igazgat\u00f3s\u00e1g<\/p>\n<p style=\"text-align: justify\">\u00a0<\/p>\n","protected":false},"excerpt":{"rendered":"<p>Tisztelt Munkat\u00e1rsak! \u00a0 T\u00e1j\u00e9koztatjuk \u00d6n\u00f6ket arr\u00f3l, hogy a Szervezeti \u00e9s M\u0171k\u00f6d\u00e9si Szab\u00e1lyzat az al\u00e1bbiak szerint m\u00f3dos\u00edt\u00e1sra \u00e9s k\u00f6zz\u00e9t\u00e9telre ker\u00fclt: 1.) III.1. r\u00e9sz \u2013 Felv\u00e9teli Szab\u00e1lyzat Az Eg\u00e9szs\u00e9g\u00fcgyi K\u00f6zszolg\u00e1lati Kar Ment\u00e1lhigi\u00e9n\u00e9 Int\u00e9zet \u00e1ltal meghirdetett szakir\u00e1ny\u00fa tov\u00e1bbk\u00e9pz\u00e9sekre a jelentkez\u00e9s online fel\u00fcleten t\u00f6rt\u00e9nik majd, amely l\u00e9nyegesen megk\u00f6nny\u00edti a jelentkez\u0151k \u00e9s az \u00e1ltaluk bek\u00fcld\u00f6tt dokumentumok adminisztr\u00e1l\u00e1s\u00e1t, r\u00f6gz\u00edt\u00e9s\u00e9t. A fentiek &hellip;<\/p>\n","protected":false},"author":101467,"featured_media":0,"comment_status":"closed","ping_status":"closed","sticky":false,"template":"","format":"standard","meta":{"_acf_changed":false,"footnotes":""},"categories":[41],"tags":[46,122],"class_list":["post-88979","post","type-post","status-publish","format-standard","hentry","category-tajekoztatok","tag-jif","tag-szmsz"],"acf":[],"_links":{"self":[{"href":"https:\/\/semmelweis.hu\/jogigfoig\/wp-json\/wp\/v2\/posts\/88979","targetHints":{"allow":["GET"]}}],"collection":[{"href":"https:\/\/semmelweis.hu\/jogigfoig\/wp-json\/wp\/v2\/posts"}],"about":[{"href":"https:\/\/semmelweis.hu\/jogigfoig\/wp-json\/wp\/v2\/types\/post"}],"author":[{"embeddable":true,"href":"https:\/\/semmelweis.hu\/jogigfoig\/wp-json\/wp\/v2\/users\/101467"}],"replies":[{"embeddable":true,"href":"https:\/\/semmelweis.hu\/jogigfoig\/wp-json\/wp\/v2\/comments?post=88979"}],"version-history":[{"count":1,"href":"https:\/\/semmelweis.hu\/jogigfoig\/wp-json\/wp\/v2\/posts\/88979\/revisions"}],"predecessor-version":[{"id":88980,"href":"https:\/\/semmelweis.hu\/jogigfoig\/wp-json\/wp\/v2\/posts\/88979\/revisions\/88980"}],"wp:attachment":[{"href":"https:\/\/semmelweis.hu\/jogigfoig\/wp-json\/wp\/v2\/media?parent=88979"}],"wp:term":[{"taxonomy":"category","embeddable":true,"href":"https:\/\/semmelweis.hu\/jogigfoig\/wp-json\/wp\/v2\/categories?post=88979"},{"taxonomy":"post_tag","embeddable":true,"href":"https:\/\/semmelweis.hu\/jogigfoig\/wp-json\/wp\/v2\/tags?post=88979"}],"curies":[{"name":"wp","href":"https:\/\/api.w.org\/{rel}","templated":true}]}}