{"id":87191,"date":"2023-03-24T10:08:14","date_gmt":"2023-03-24T09:08:14","guid":{"rendered":"https:\/\/semmelweis.hu\/jogigfoig\/?p=87191"},"modified":"2024-03-22T13:16:02","modified_gmt":"2024-03-22T12:16:02","slug":"jogszabalyfigyeles-2023-03-16-oktatas-targyban","status":"publish","type":"post","link":"https:\/\/semmelweis.hu\/jogigfoig\/2023\/03\/24\/jogszabalyfigyeles-2023-03-16-oktatas-targyban\/","title":{"rendered":"Jogszab\u00e1lyfigyel\u00e9s 2023.03.16. \u2013 Oktat\u00e1s t\u00e1rgyban"},"content":{"rendered":"<h2 style=\"text-align: justify\">1.\u00a0\u00a0<\/h2>\n<p style=\"text-align: justify\"><strong>St\u00e1tusz:\u00a0<\/strong>m\u00f3dos\u00edt\u00e1s<br \/>\n<strong>Jogszab\u00e1ly c\u00edme: <\/strong>A Korm\u00e1ny 84\/2023. (III. 16.) Korm. rendelete az egyes int\u00e9zm\u00e9nyek f\u00f6ldg\u00e1zfelhaszn\u00e1l\u00e1s\u00e1nak szab\u00e1lyoz\u00e1s\u00e1r\u00f3l sz\u00f3l\u00f3 354\/2022. (IX. 19.) Korm. rendelet m\u00f3dos\u00edt\u00e1s\u00e1r\u00f3l<br \/>\n<strong>Megjelent:\u00a0<\/strong><strong><a href=\"https:\/\/magyarkozlony.hu\/dokumentumok\/dc066d9fbf190888768fb287c5d08e1e40f625f6\/megtekintes\">MK 38. sz\u00e1m\u00a0<\/a><\/strong>2023.03.16.<br \/>\n<strong>Hat\u00e1ly:\u00a0<\/strong>2023. m\u00e1rcius 17.<\/p>\n<p style=\"text-align: justify\">A Korm\u00e1ny az Alapt\u00f6rv\u00e9ny 53.\u00a0 cikk (1) bekezd\u00e9s\u00e9ben meghat\u00e1rozott eredeti jogalkot\u00f3i hat\u00e1sk\u00f6r\u00e9ben, figyelemmel a v\u00e9delmi \u00e9s biztons\u00e1gi tev\u00e9kenys\u00e9gek \u00f6sszehangol\u00e1s\u00e1r\u00f3l sz\u00f3l\u00f3 2021.\u00a0 \u00e9vi XCIII.\u00a0 t\u00f6rv\u00e9ny 80. \u00e9s 81.\u00a0 \u00a7-\u00e1ra, az Alapt\u00f6rv\u00e9ny 15.\u00a0 cikk (1)\u00a0bekezd\u00e9s\u00e9ben meghat\u00e1rozott feladatk\u00f6r\u00e9ben elj\u00e1rva a\u00a0k\u00f6vetkez\u0151ket rendeli el:<\/p>\n<p style=\"text-align: justify\">1. \u00a7 Az egyes int\u00e9zm\u00e9nyek f\u00f6ldg\u00e1zfelhaszn\u00e1l\u00e1s\u00e1nak szab\u00e1lyoz\u00e1s\u00e1r\u00f3l sz\u00f3l\u00f3 354\/2022. (IX. 19.) Korm. rendelet (a tov\u00e1bbiakban: R.) 2. \u00a7-a a k\u00f6vetkez\u0151 (4a) bekezd\u00e9ssel eg\u00e9sz\u00fcl ki:<\/p>\n<p style=\"text-align: justify\">\u00a0\u201e(4a) <strong>A\u00a0 csatlakoz\u00e1sra jogosult, ha a\u00a0 (4)\u00a0 bekezd\u00e9sben meg\u00e1llap\u00edtott hat\u00e1rid\u0151n bel\u00fcl nem tett nyilatkozatot<\/strong> a\u00a0f\u00f6ldg\u00e1zkeresked\u0151 fel\u00e9 arr\u00f3l, hogy a\u00a0f\u00f6ldg\u00e1zkeresked\u0151vel megk\u00f6t\u00f6tt hat\u00e1lyos f\u00f6ldg\u00e1z-kereskedelmi szerz\u0151d\u00e9sben foglaltakt\u00f3l elt\u00e9r\u0151en az\u00a0 (1)\u00a0 bekezd\u00e9s szerinti minim\u00e1lis f\u00f6ldg\u00e1zmennyis\u00e9get k\u00edv\u00e1nja \u00e9rv\u00e9nyes\u00edteni, akkor nyilatkozat\u00e1t a\u00a0f\u00f6ldg\u00e1zkeresked\u0151 fel\u00e9 a\u00a0(4)\u00a0bekezd\u00e9sben meg\u00e1llap\u00edtott m\u00f3don <strong>2023. \u00e1prilis 15. napj\u00e1ig megteheti<\/strong>. A\u00a0hat\u00e1rid\u0151 elmulaszt\u00e1sa jogveszt\u0151.\u201d<\/p>\n<p style=\"text-align: justify\">2. \u00a7 Az R. a k\u00f6vetkez\u0151 7. \u00a7-sal eg\u00e9sz\u00fcl ki: \u201e7. \u00a7 A 2022. okt\u00f3ber 1. napja \u00e9s 2023. szeptember 30. napja k\u00f6z\u00f6tti id\u0151szakra vonatkoz\u00f3an az egyes int\u00e9zm\u00e9nyek f\u00f6ldg\u00e1zfelhaszn\u00e1l\u00e1s\u00e1nak szab\u00e1lyoz\u00e1s\u00e1r\u00f3l sz\u00f3l\u00f3 354\/2022. (IX. 19.) Korm. rendelet m\u00f3dos\u00edt\u00e1s\u00e1r\u00f3l sz\u00f3l\u00f3 84\/2023.\u00a0 (III.\u00a0 16.) Korm. rendelet (a\u00a0 tov\u00e1bbiakban: M\u00f3dr2.) hat\u00e1lybal\u00e9p\u00e9s\u00e9nek napj\u00e1n hat\u00e1lyos 2.\u00a0 \u00a7 (1)\u00a0 bekezd\u00e9se szerinti minim\u00e1lis f\u00f6ldg\u00e1zmennyis\u00e9gen fel\u00fcl \u00e1t nem vett f\u00f6ldg\u00e1zmennyis\u00e9g miatt keletkezett k\u00f6tb\u00e9rig\u00e9ny nem \u00e9rv\u00e9nyes\u00edthet\u0151, tov\u00e1bb\u00e1 a M\u00f3dr2. hat\u00e1lybal\u00e9p\u00e9s\u00e9nek napj\u00e1t megel\u0151z\u0151 napig \u00e9rv\u00e9nyes\u00edtett, de nem teljes\u00edtett k\u00f6tb\u00e9r \u00f6sszeg\u00e9t nem kell teljes\u00edteni.\u201d 3. \u00a7 Az R. 2. \u00a7 (5) bekezd\u00e9s\u00e9ben a \u201ejogosult (4)\u201d sz\u00f6vegr\u00e9sz hely\u00e9be a \u201ejogosult (4) \u00e9s (4a)\u201d sz\u00f6veg l\u00e9p. 4. \u00a7 Ez a rendelet a kihirdet\u00e9s\u00e9t k\u00f6vet\u0151 napon l\u00e9p hat\u00e1lyba.<\/p>\n","protected":false},"excerpt":{"rendered":"<p>1.\u00a0\u00a0 St\u00e1tusz:\u00a0m\u00f3dos\u00edt\u00e1s Jogszab\u00e1ly c\u00edme: A Korm\u00e1ny 84\/2023. (III. 16.) Korm. rendelete az egyes int\u00e9zm\u00e9nyek f\u00f6ldg\u00e1zfelhaszn\u00e1l\u00e1s\u00e1nak szab\u00e1lyoz\u00e1s\u00e1r\u00f3l sz\u00f3l\u00f3 354\/2022. (IX. 19.) Korm. rendelet m\u00f3dos\u00edt\u00e1s\u00e1r\u00f3l Megjelent:\u00a0 <a href=\"https:\/\/magyarkozlony.hu\/dokumentumok\/dc066d9fbf190888768fb287c5d08e1e40f625f6\/megtekintes\">MK 38. sz\u00e1m\u00a0<\/a> 2023.03.16. Hat\u00e1ly:\u00a02023. m\u00e1rcius 17. A Korm\u00e1ny az Alapt\u00f6rv\u00e9ny 53.\u00a0 cikk (1) bekezd\u00e9s\u00e9ben meghat\u00e1rozott eredeti jogalkot\u00f3i hat\u00e1sk\u00f6r\u00e9ben, figyelemmel a v\u00e9delmi \u00e9s biztons\u00e1gi tev\u00e9kenys\u00e9gek \u00f6sszehangol\u00e1s\u00e1r\u00f3l sz\u00f3l\u00f3 2021.\u00a0 \u00e9vi XCIII.\u00a0 t\u00f6rv\u00e9ny 80. \u00e9s 81.\u00a0 &hellip;<\/p>\n","protected":false},"author":101467,"featured_media":0,"comment_status":"closed","ping_status":"closed","sticky":false,"template":"","format":"standard","meta":{"_acf_changed":false,"footnotes":""},"categories":[41],"tags":[126],"class_list":["post-87191","post","type-post","status-publish","format-standard","hentry","category-tajekoztatok","tag-beszerzesi-igazgatosag"],"acf":[],"_links":{"self":[{"href":"https:\/\/semmelweis.hu\/jogigfoig\/wp-json\/wp\/v2\/posts\/87191","targetHints":{"allow":["GET"]}}],"collection":[{"href":"https:\/\/semmelweis.hu\/jogigfoig\/wp-json\/wp\/v2\/posts"}],"about":[{"href":"https:\/\/semmelweis.hu\/jogigfoig\/wp-json\/wp\/v2\/types\/post"}],"author":[{"embeddable":true,"href":"https:\/\/semmelweis.hu\/jogigfoig\/wp-json\/wp\/v2\/users\/101467"}],"replies":[{"embeddable":true,"href":"https:\/\/semmelweis.hu\/jogigfoig\/wp-json\/wp\/v2\/comments?post=87191"}],"version-history":[{"count":2,"href":"https:\/\/semmelweis.hu\/jogigfoig\/wp-json\/wp\/v2\/posts\/87191\/revisions"}],"predecessor-version":[{"id":89933,"href":"https:\/\/semmelweis.hu\/jogigfoig\/wp-json\/wp\/v2\/posts\/87191\/revisions\/89933"}],"wp:attachment":[{"href":"https:\/\/semmelweis.hu\/jogigfoig\/wp-json\/wp\/v2\/media?parent=87191"}],"wp:term":[{"taxonomy":"category","embeddable":true,"href":"https:\/\/semmelweis.hu\/jogigfoig\/wp-json\/wp\/v2\/categories?post=87191"},{"taxonomy":"post_tag","embeddable":true,"href":"https:\/\/semmelweis.hu\/jogigfoig\/wp-json\/wp\/v2\/tags?post=87191"}],"curies":[{"name":"wp","href":"https:\/\/api.w.org\/{rel}","templated":true}]}}