{"id":86916,"date":"2023-03-09T10:24:26","date_gmt":"2023-03-09T09:24:26","guid":{"rendered":"https:\/\/semmelweis.hu\/jogigfoig\/?p=86916"},"modified":"2023-03-09T10:24:26","modified_gmt":"2023-03-09T09:24:26","slug":"tajekoztatas-formanyomtatvanytar-frissiteserol-2","status":"publish","type":"post","link":"https:\/\/semmelweis.hu\/jogigfoig\/2023\/03\/09\/tajekoztatas-formanyomtatvanytar-frissiteserol-2\/","title":{"rendered":"T\u00e1j\u00e9koztat\u00e1s Formanyomtatv\u00e1nyt\u00e1r friss\u00edt\u00e9s\u00e9r\u0151l"},"content":{"rendered":"<p>Tisztelt Munkat\u00e1rsak!<\/p>\n<p>&nbsp;<\/p>\n<p style=\"text-align: justify\">T\u00e1j\u00e9koztatjuk \u00d6n\u00f6ket arr\u00f3l, hogy a Semmelweis Egyetem Jogi \u00e9s Igazgat\u00e1si F\u0151igazgat\u00f3s\u00e1g alhonlapj\u00e1n el\u00e9rhet\u0151 Formanyomtatv\u00e1nyt\u00e1r friss\u00edt\u00e9sre ker\u00fclt:<\/p>\n<p>&nbsp;<\/p>\n<p>\u00c9rintett szab\u00e1lyzat:<\/p>\n<p><strong>1. Klinikai kutat\u00e1sok-vizsg\u00e1latok szab\u00e1lyzata<\/strong><\/p>\n<p>&nbsp;<\/p>\n<table style=\"width: 955x\" width=\"955x\">\n<thead>\n<tr>\n<td width=\"186\">\n<p><strong>Szab\u00e1lyzat neve<\/strong><\/p>\n<\/td>\n<td width=\"418\">\n<p><strong>Dokumentum neve (hat\u00e1lyos sz\u00f6veg)<\/strong><\/p>\n<\/td>\n<\/tr>\n<\/thead>\n<tbody>\n<tr>\n<td>\n<p>Klinikai kutat\u00e1sok-vizsg\u00e1latok szab\u00e1lyzata<\/p>\n<\/td>\n<td>\n<p><a href=\"https:\/\/semmelweis.hu\/jogigfoig\/files\/2023\/03\/1_a_melleklet_V5_20230308.docx\">1\/A. sz\u00e1m\u00fa mell\u00e9klet &#8211; El\u0151zetes befogad\u00e1si (regisztr\u00e1ci\u00f3s) k\u00e9relem klinikai vizsg\u00e1lat lefolytat\u00e1s\u00e1ra &#8211; Kit\u00f6lthet\u0151 WORD<\/a><\/p>\n<\/td>\n<\/tr>\n<tr>\n<td>\n<p>Klinikai kutat\u00e1sok-vizsg\u00e1latok szab\u00e1lyzata<\/p>\n<\/td>\n<td>\n<p><a href=\"https:\/\/semmelweis.hu\/jogigfoig\/files\/2023\/03\/1_a_melleklet_V5_20230308.pdf\">1\/A. sz\u00e1m\u00fa mell\u00e9klet &#8211; El\u0151zetes befogad\u00e1si (regisztr\u00e1ci\u00f3s) k\u00e9relem klinikai vizsg\u00e1lat lefolytat\u00e1s\u00e1ra &#8211; Let\u00f6lthet\u0151 PDF<\/a><\/p>\n<\/td>\n<\/tr>\n<\/tbody>\n<\/table>\n<p>&nbsp;<\/p>\n<p><strong>2. Szerz\u0151d\u00e9sk\u00f6t\u00e9si szab\u00e1lyzat<\/strong><\/p>\n<table style=\"width: 955x\" width=\"955x\">\n<thead>\n<tr>\n<td style=\"width: 31.5068%\" width=\"186\">\n<p><strong>Szab\u00e1lyzat neve<\/strong><\/p>\n<\/td>\n<td style=\"width: 68.3878%\" width=\"418\">\n<p><strong>Dokumentum neve (hat\u00e1lyos sz\u00f6veg)<\/strong><\/p>\n<\/td>\n<\/tr>\n<\/thead>\n<tbody>\n<tr>\n<td style=\"width: 31.5068%\">\n<p>Szerz\u0151d\u00e9sk\u00f6t\u00e9si szab\u00e1lyzat<\/p>\n<\/td>\n<td style=\"width: 68.3878%\" width=\"343\">\n<p><a href=\"https:\/\/semmelweis.hu\/jogigfoig\/files\/2023\/03\/Szerzodeskotesi_szab_Szekhelyhasz_Kerelem_20221222.docx\">Sz\u00e9khelyhaszn\u00e1lat \u00e9s\/vagy sz\u00e9khelyszolg\u00e1ltat\u00e1s enged\u00e9lyez\u00e9se ir\u00e1nti k\u00e9relem &#8211; Kit\u00f6lthet\u0151 WORD<\/a><\/p>\n<\/td>\n<\/tr>\n<tr>\n<td style=\"width: 31.5068%\">\n<p>Szerz\u0151d\u00e9sk\u00f6t\u00e9si szab\u00e1lyzat<\/p>\n<\/td>\n<td style=\"width: 68.3878%\" width=\"343\">\n<p><a href=\"https:\/\/semmelweis.hu\/jogigfoig\/files\/2023\/03\/Szerzodeskotesi_szab_Szekhelyhasz_Kerelem_20221222.pdf\">Sz\u00e9khelyhaszn\u00e1lat \u00e9s\/vagy sz\u00e9khelyszolg\u00e1ltat\u00e1s enged\u00e9lyez\u00e9se ir\u00e1nti k\u00e9relem &#8211; Let\u00f6lthet\u0151 PDF<\/a><\/p>\n<\/td>\n<\/tr>\n<\/tbody>\n<\/table>\n<p>&nbsp;<\/p>\n<p><a href=\"https:\/\/semmelweis.hu\/jogigfoig\/formanyomtatvanytar\/\">Megtekintem a Formanyomtatv\u00e1nyt\u00e1rat.<\/a><\/p>\n<p>&nbsp;<\/p>\n<p>Amennyiben a legfontosabb v\u00e1ltoz\u00e1sokr\u00f3l k\u00f6zvetlen e-mail \u00e9rtes\u00edt\u00e9st k\u00e9r, iratkozzon fel a <a href=\"https:\/\/semmelweis.hu\/jogigfoig\/dokumentumtar\/jifnews\/\"><strong>JIF NEWS H\u00edrlev\u00e9lre<\/strong><\/a><strong>!<\/strong><\/p>\n<p>&nbsp;<\/p>\n<p>Semmelweis Egyetem Jogi \u00e9s Igazgat\u00e1si F\u0151igazgat\u00f3s\u00e1g<\/p>\n","protected":false},"excerpt":{"rendered":"<p>Tisztelt Munkat\u00e1rsak! &nbsp; T\u00e1j\u00e9koztatjuk \u00d6n\u00f6ket arr\u00f3l, hogy a Semmelweis Egyetem Jogi \u00e9s Igazgat\u00e1si F\u0151igazgat\u00f3s\u00e1g alhonlapj\u00e1n el\u00e9rhet\u0151 Formanyomtatv\u00e1nyt\u00e1r friss\u00edt\u00e9sre ker\u00fclt: &nbsp; \u00c9rintett szab\u00e1lyzat: 1. Klinikai kutat\u00e1sok-vizsg\u00e1latok szab\u00e1lyzata &nbsp; Szab\u00e1lyzat neve Dokumentum neve (hat\u00e1lyos sz\u00f6veg) Klinikai kutat\u00e1sok-vizsg\u00e1latok szab\u00e1lyzata <a href=\"https:\/\/semmelweis.hu\/jogigfoig\/files\/2023\/03\/1_a_melleklet_V5_20230308.docx\">1\/A. sz\u00e1m\u00fa mell\u00e9klet &#8211; El\u0151zetes befogad\u00e1si (regisztr\u00e1ci\u00f3s) k\u00e9relem klinikai vizsg\u00e1lat lefolytat\u00e1s\u00e1ra &#8211; Kit\u00f6lthet\u0151 WORD<\/a> Klinikai kutat\u00e1sok-vizsg\u00e1latok szab\u00e1lyzata <a href=\"https:\/\/semmelweis.hu\/jogigfoig\/files\/2023\/03\/1_a_melleklet_V5_20230308.pdf\">1\/A. sz\u00e1m\u00fa mell\u00e9klet &#8211; El\u0151zetes befogad\u00e1si (regisztr\u00e1ci\u00f3s) k\u00e9relem klinikai vizsg\u00e1lat lefolytat\u00e1s\u00e1ra &#8211; Let\u00f6lthet\u0151 PDF<\/a> &nbsp; 2. Szerz\u0151d\u00e9sk\u00f6t\u00e9si szab\u00e1lyzat Szab\u00e1lyzat neve Dokumentum neve (hat\u00e1lyos sz\u00f6veg) Szerz\u0151d\u00e9sk\u00f6t\u00e9si szab\u00e1lyzat <a href=\"https:\/\/semmelweis.hu\/jogigfoig\/files\/2023\/03\/Szerzodeskotesi_szab_Szekhelyhasz_Kerelem_20221222.docx\">Sz\u00e9khelyhaszn\u00e1lat \u00e9s\/vagy sz\u00e9khelyszolg\u00e1ltat\u00e1s enged\u00e9lyez\u00e9se ir\u00e1nti k\u00e9relem &#8211; Kit\u00f6lthet\u0151 WORD<\/a> Szerz\u0151d\u00e9sk\u00f6t\u00e9si szab\u00e1lyzat <a href=\"https:\/\/semmelweis.hu\/jogigfoig\/files\/2023\/03\/Szerzodeskotesi_szab_Szekhelyhasz_Kerelem_20221222.pdf\">Sz\u00e9khelyhaszn\u00e1lat \u00e9s\/vagy sz\u00e9khelyszolg\u00e1ltat\u00e1s enged\u00e9lyez\u00e9se ir\u00e1nti k\u00e9relem &#8211; Let\u00f6lthet\u0151 PDF<\/a> &nbsp; <a href=\"https:\/\/semmelweis.hu\/jogigfoig\/formanyomtatvanytar\/\">Megtekintem a Formanyomtatv\u00e1nyt\u00e1rat.<\/a> &nbsp; &hellip;<\/p>\n","protected":false},"author":101467,"featured_media":0,"comment_status":"closed","ping_status":"closed","sticky":false,"template":"","format":"standard","meta":{"_acf_changed":false,"footnotes":""},"categories":[41],"tags":[84,46],"class_list":["post-86916","post","type-post","status-publish","format-standard","hentry","category-tajekoztatok","tag-formanyomtatvanytar","tag-jif"],"acf":[],"_links":{"self":[{"href":"https:\/\/semmelweis.hu\/jogigfoig\/wp-json\/wp\/v2\/posts\/86916","targetHints":{"allow":["GET"]}}],"collection":[{"href":"https:\/\/semmelweis.hu\/jogigfoig\/wp-json\/wp\/v2\/posts"}],"about":[{"href":"https:\/\/semmelweis.hu\/jogigfoig\/wp-json\/wp\/v2\/types\/post"}],"author":[{"embeddable":true,"href":"https:\/\/semmelweis.hu\/jogigfoig\/wp-json\/wp\/v2\/users\/101467"}],"replies":[{"embeddable":true,"href":"https:\/\/semmelweis.hu\/jogigfoig\/wp-json\/wp\/v2\/comments?post=86916"}],"version-history":[{"count":3,"href":"https:\/\/semmelweis.hu\/jogigfoig\/wp-json\/wp\/v2\/posts\/86916\/revisions"}],"predecessor-version":[{"id":86919,"href":"https:\/\/semmelweis.hu\/jogigfoig\/wp-json\/wp\/v2\/posts\/86916\/revisions\/86919"}],"wp:attachment":[{"href":"https:\/\/semmelweis.hu\/jogigfoig\/wp-json\/wp\/v2\/media?parent=86916"}],"wp:term":[{"taxonomy":"category","embeddable":true,"href":"https:\/\/semmelweis.hu\/jogigfoig\/wp-json\/wp\/v2\/categories?post=86916"},{"taxonomy":"post_tag","embeddable":true,"href":"https:\/\/semmelweis.hu\/jogigfoig\/wp-json\/wp\/v2\/tags?post=86916"}],"curies":[{"name":"wp","href":"https:\/\/api.w.org\/{rel}","templated":true}]}}