{"id":85061,"date":"2022-10-05T12:44:50","date_gmt":"2022-10-05T10:44:50","guid":{"rendered":"https:\/\/semmelweis.hu\/jogigfoig\/?p=85061"},"modified":"2022-10-05T12:44:50","modified_gmt":"2022-10-05T10:44:50","slug":"szervezeti-es-mukodesi-szabalyzat-kozzetetele-26","status":"publish","type":"post","link":"https:\/\/semmelweis.hu\/jogigfoig\/2022\/10\/05\/szervezeti-es-mukodesi-szabalyzat-kozzetetele-26\/","title":{"rendered":"Szervezeti \u00e9s M\u0171k\u00f6d\u00e9si Szab\u00e1lyzat k\u00f6zz\u00e9t\u00e9tele"},"content":{"rendered":"<p>Tisztelt Munkat\u00e1rsak!<\/p>\n<p>&nbsp;<\/p>\n<p>T\u00e1j\u00e9koztatjuk \u00d6n\u00f6ket arr\u00f3l, hogy az al\u00e1bbi szab\u00e1lyzat m\u00f3dos\u00edt\u00e1sra ker\u00fclt:<\/p>\n<p>szab\u00e1lyzat neve: <strong>Szervezeti \u00e9s M\u0171k\u00f6d\u00e9si Szab\u00e1lyzat <\/strong><\/p>\n<p>I.7. r\u00e9sz &#8211; A tulajdonosi\/alap\u00edt\u00f3i joggyakorl\u00e1ssal \u00e9rintett gazd\u00e1lkod\u00f3\u00a0szervezetek<\/p>\n<p>II.2. r\u00e9sz &#8211; Az int\u00e9zm\u00e9nyi oktat\u00f3i, kutat\u00f3i \u00f6szt\u00f6nd\u00edjak \u00e9s m\u00e1s juttat\u00e1sok felt\u00e9telei, az ezzel \u00f6sszef\u00fcgg\u0151 p\u00e1ly\u00e1zatok rendje, az oktat\u00f3k \u00e9s kutat\u00f3k r\u00e9sz\u00e9re ki\u00edrt kutat\u00e1si p\u00e1ly\u00e1zatok elb\u00edr\u00e1l\u00e1s\u00e1nak rendje<\/p>\n<p>m\u00f3dos\u00edt\u00f3 szen\u00e1tusi hat\u00e1rozatok sz\u00e1ma:<\/p>\n<p><strong>70\/2022. (IX.26.)<\/strong><\/p>\n<p>el\u00e9r\u00e9si \u00fat:<\/p>\n<p><a href=\"http:\/\/semmelweis.hu\/jogigfoig\/dokumentumtar\/szabalyzattar\/szervezeti-es-mukodesi-szabalyzat\/\">http:\/\/semmelweis.hu\/jogigfoig\/dokumentumtar\/szabalyzattar\/szervezeti-es-mukodesi-szabalyzat\/<\/a><\/p>\n<p>&nbsp;<\/p>\n<p>Jogi \u00e9s Igazgat\u00e1si F\u0151igazgat\u00f3s\u00e1g<\/p>\n","protected":false},"excerpt":{"rendered":"<p>Tisztelt Munkat\u00e1rsak! &nbsp; T\u00e1j\u00e9koztatjuk \u00d6n\u00f6ket arr\u00f3l, hogy az al\u00e1bbi szab\u00e1lyzat m\u00f3dos\u00edt\u00e1sra ker\u00fclt: szab\u00e1lyzat neve: Szervezeti \u00e9s M\u0171k\u00f6d\u00e9si Szab\u00e1lyzat I.7. r\u00e9sz &#8211; A tulajdonosi\/alap\u00edt\u00f3i joggyakorl\u00e1ssal \u00e9rintett gazd\u00e1lkod\u00f3\u00a0szervezetek II.2. r\u00e9sz &#8211; Az int\u00e9zm\u00e9nyi oktat\u00f3i, kutat\u00f3i \u00f6szt\u00f6nd\u00edjak \u00e9s m\u00e1s juttat\u00e1sok felt\u00e9telei, az ezzel \u00f6sszef\u00fcgg\u0151 p\u00e1ly\u00e1zatok rendje, az oktat\u00f3k \u00e9s kutat\u00f3k r\u00e9sz\u00e9re ki\u00edrt kutat\u00e1si p\u00e1ly\u00e1zatok elb\u00edr\u00e1l\u00e1s\u00e1nak rendje m\u00f3dos\u00edt\u00f3 szen\u00e1tusi &hellip;<\/p>\n","protected":false},"author":101467,"featured_media":0,"comment_status":"closed","ping_status":"closed","sticky":false,"template":"","format":"standard","meta":{"_acf_changed":false,"footnotes":""},"categories":[41],"tags":[46,76],"class_list":["post-85061","post","type-post","status-publish","format-standard","hentry","category-tajekoztatok","tag-jif","tag-szabalyzat"],"acf":[],"_links":{"self":[{"href":"https:\/\/semmelweis.hu\/jogigfoig\/wp-json\/wp\/v2\/posts\/85061","targetHints":{"allow":["GET"]}}],"collection":[{"href":"https:\/\/semmelweis.hu\/jogigfoig\/wp-json\/wp\/v2\/posts"}],"about":[{"href":"https:\/\/semmelweis.hu\/jogigfoig\/wp-json\/wp\/v2\/types\/post"}],"author":[{"embeddable":true,"href":"https:\/\/semmelweis.hu\/jogigfoig\/wp-json\/wp\/v2\/users\/101467"}],"replies":[{"embeddable":true,"href":"https:\/\/semmelweis.hu\/jogigfoig\/wp-json\/wp\/v2\/comments?post=85061"}],"version-history":[{"count":2,"href":"https:\/\/semmelweis.hu\/jogigfoig\/wp-json\/wp\/v2\/posts\/85061\/revisions"}],"predecessor-version":[{"id":85063,"href":"https:\/\/semmelweis.hu\/jogigfoig\/wp-json\/wp\/v2\/posts\/85061\/revisions\/85063"}],"wp:attachment":[{"href":"https:\/\/semmelweis.hu\/jogigfoig\/wp-json\/wp\/v2\/media?parent=85061"}],"wp:term":[{"taxonomy":"category","embeddable":true,"href":"https:\/\/semmelweis.hu\/jogigfoig\/wp-json\/wp\/v2\/categories?post=85061"},{"taxonomy":"post_tag","embeddable":true,"href":"https:\/\/semmelweis.hu\/jogigfoig\/wp-json\/wp\/v2\/tags?post=85061"}],"curies":[{"name":"wp","href":"https:\/\/api.w.org\/{rel}","templated":true}]}}