{"id":106512,"date":"2026-04-20T12:13:10","date_gmt":"2026-04-20T10:13:10","guid":{"rendered":"https:\/\/semmelweis.hu\/jogigfoig\/?p=106512"},"modified":"2026-04-20T12:13:10","modified_gmt":"2026-04-20T10:13:10","slug":"tajekoztato-az-egyetemi-teritesi-es-dijszabalyzat-1-szamu-es-5-szamu-melleklet-modositasarol-es-kozzetetelerol-2","status":"publish","type":"post","link":"https:\/\/semmelweis.hu\/jogigfoig\/2026\/04\/20\/tajekoztato-az-egyetemi-teritesi-es-dijszabalyzat-1-szamu-es-5-szamu-melleklet-modositasarol-es-kozzetetelerol-2\/","title":{"rendered":"T\u00e1j\u00e9koztat\u00f3 az Egyetemi t\u00e9r\u00edt\u00e9si- \u00e9s d\u00edjszab\u00e1lyzat 1. sz\u00e1m\u00fa \u00e9s 5. sz\u00e1m\u00fa mell\u00e9klet m\u00f3dos\u00edt\u00e1s\u00e1r\u00f3l \u00e9s k\u00f6zz\u00e9t\u00e9tel\u00e9r\u0151l"},"content":{"rendered":"<p style=\"text-align: justify\">Tisztelt Munkat\u00e1rsak!<\/p>\n<p style=\"text-align: justify\">\u00a0<\/p>\n<p style=\"text-align: justify\">T\u00e1j\u00e9koztatjuk \u00d6n\u00f6ket arr\u00f3l, hogy az Eg\u00e9szs\u00e9g\u00fcgyi t\u00e9r\u00edt\u00e9si- \u00e9s d\u00edjszab\u00e1lyzat<\/p>\n<ul style=\"list-style-type: disc\">\n<li style=\"text-align: justify\">1. <a href=\"https:\/\/semmelweis.hu\/jogigfoig\/files\/2026\/04\/ETDSZ_1_szamu_melleklet_20260501-tol.pdf\">sz\u00e1m\u00fa mell\u00e9klete [<em>J\u00e1r\u00f3beteg ell\u00e1t\u00e1s t\u00e9r\u00edt\u00e9si d\u00edjai<\/em>]<\/a> m\u00f3dos\u00edt\u00e1sra \u00e9s k\u00f6zz\u00e9t\u00e9telre ker\u00fclt.<\/li>\n<\/ul>\n<p style=\"text-align: justify\">R\u00f6vid le\u00edr\u00e1s:<\/p>\n<p style=\"text-align: justify\">STD centrumba \u00faj d\u00edjt\u00e9telek bevezet\u00e9se.<\/p>\n<p style=\"text-align: justify\">Hat\u00e1lybal\u00e9p\u00e9s napja: 2026. m\u00e1jus 01-t\u0151l.<\/p>\n<ul style=\"list-style-type: disc\">\n<li style=\"text-align: justify\">5. <a href=\"https:\/\/semmelweis.hu\/jogigfoig\/files\/2026\/04\/ETDSZ_5_szamu_melleklet_20260501-tol.pdf\">sz\u00e1m\u00fa mell\u00e9klet: [<em>A fog\u00e1szati beavatkoz\u00e1sok t\u00e9r\u00edt\u00e9si d\u00edjai<\/em>]<\/a> m\u00f3dos\u00edt\u00e1sra \u00e9s k\u00f6zz\u00e9t\u00e9telre ker\u00fclt.<\/li>\n<\/ul>\n<p style=\"text-align: justify\">R\u00f6vid le\u00edr\u00e1s:<\/p>\n<p style=\"text-align: justify\">Fog\u00e1szati anyagok nagym\u00e9rt\u00e9k\u0171 \u00e1remelked\u00e9se, tov\u00e1bb\u00e1 2 szakma \u00e1rv\u00e1ltoz\u00e1s\u00e1nak beny\u00fajt\u00e1sa.<\/p>\n<p style=\"text-align: justify\">Hat\u00e1lybal\u00e9p\u00e9s napja: 2026. m\u00e1jus 01-t\u0151l.<\/p>\n<p style=\"text-align: justify\">\u00a0<\/p>\n<p style=\"text-align: justify\"><a href=\"https:\/\/semmelweis.hu\/jogigfoig\/dokumentumtar\/szabalyzattar\/\">Megtekintem a Szab\u00e1lyzatt\u00e1rat.<\/a><\/p>\n<p style=\"text-align: justify\">\u00a0<\/p>\n<p style=\"text-align: justify\">Semmelweis Egyetem Jogi \u00e9s Igazgat\u00e1si F\u0151igazgat\u00f3s\u00e1g<\/p>\n","protected":false},"excerpt":{"rendered":"<p>Tisztelt Munkat\u00e1rsak! \u00a0 T\u00e1j\u00e9koztatjuk \u00d6n\u00f6ket arr\u00f3l, hogy az Eg\u00e9szs\u00e9g\u00fcgyi t\u00e9r\u00edt\u00e9si- \u00e9s d\u00edjszab\u00e1lyzat 1. <a href=\"https:\/\/semmelweis.hu\/jogigfoig\/files\/2026\/04\/ETDSZ_1_szamu_melleklet_20260501-tol.pdf\">sz\u00e1m\u00fa mell\u00e9klete [J\u00e1r\u00f3beteg ell\u00e1t\u00e1s t\u00e9r\u00edt\u00e9si d\u00edjai]<\/a> m\u00f3dos\u00edt\u00e1sra \u00e9s k\u00f6zz\u00e9t\u00e9telre ker\u00fclt. R\u00f6vid le\u00edr\u00e1s: STD centrumba \u00faj d\u00edjt\u00e9telek bevezet\u00e9se. Hat\u00e1lybal\u00e9p\u00e9s napja: 2026. m\u00e1jus 01-t\u0151l. 5. <a href=\"https:\/\/semmelweis.hu\/jogigfoig\/files\/2026\/04\/ETDSZ_5_szamu_melleklet_20260501-tol.pdf\">sz\u00e1m\u00fa mell\u00e9klet: [A fog\u00e1szati beavatkoz\u00e1sok t\u00e9r\u00edt\u00e9si d\u00edjai]<\/a> m\u00f3dos\u00edt\u00e1sra \u00e9s k\u00f6zz\u00e9t\u00e9telre ker\u00fclt. R\u00f6vid le\u00edr\u00e1s: Fog\u00e1szati anyagok nagym\u00e9rt\u00e9k\u0171 \u00e1remelked\u00e9se, tov\u00e1bb\u00e1 2 szakma \u00e1rv\u00e1ltoz\u00e1s\u00e1nak beny\u00fajt\u00e1sa. Hat\u00e1lybal\u00e9p\u00e9s napja: 2026. m\u00e1jus 01-t\u0151l. \u00a0 <a href=\"https:\/\/semmelweis.hu\/jogigfoig\/dokumentumtar\/szabalyzattar\/\">Megtekintem a Szab\u00e1lyzatt\u00e1rat.<\/a> \u00a0 Semmelweis Egyetem Jogi &hellip;<\/p>\n","protected":false},"author":102357,"featured_media":0,"comment_status":"closed","ping_status":"closed","sticky":false,"template":"","format":"standard","meta":{"_acf_changed":false,"footnotes":""},"categories":[41],"tags":[46,76],"class_list":["post-106512","post","type-post","status-publish","format-standard","hentry","category-tajekoztatok","tag-jif","tag-szabalyzat"],"acf":[],"_links":{"self":[{"href":"https:\/\/semmelweis.hu\/jogigfoig\/wp-json\/wp\/v2\/posts\/106512","targetHints":{"allow":["GET"]}}],"collection":[{"href":"https:\/\/semmelweis.hu\/jogigfoig\/wp-json\/wp\/v2\/posts"}],"about":[{"href":"https:\/\/semmelweis.hu\/jogigfoig\/wp-json\/wp\/v2\/types\/post"}],"author":[{"embeddable":true,"href":"https:\/\/semmelweis.hu\/jogigfoig\/wp-json\/wp\/v2\/users\/102357"}],"replies":[{"embeddable":true,"href":"https:\/\/semmelweis.hu\/jogigfoig\/wp-json\/wp\/v2\/comments?post=106512"}],"version-history":[{"count":2,"href":"https:\/\/semmelweis.hu\/jogigfoig\/wp-json\/wp\/v2\/posts\/106512\/revisions"}],"predecessor-version":[{"id":106514,"href":"https:\/\/semmelweis.hu\/jogigfoig\/wp-json\/wp\/v2\/posts\/106512\/revisions\/106514"}],"wp:attachment":[{"href":"https:\/\/semmelweis.hu\/jogigfoig\/wp-json\/wp\/v2\/media?parent=106512"}],"wp:term":[{"taxonomy":"category","embeddable":true,"href":"https:\/\/semmelweis.hu\/jogigfoig\/wp-json\/wp\/v2\/categories?post=106512"},{"taxonomy":"post_tag","embeddable":true,"href":"https:\/\/semmelweis.hu\/jogigfoig\/wp-json\/wp\/v2\/tags?post=106512"}],"curies":[{"name":"wp","href":"https:\/\/api.w.org\/{rel}","templated":true}]}}