{"id":100186,"date":"2025-08-01T11:47:37","date_gmt":"2025-08-01T09:47:37","guid":{"rendered":"https:\/\/semmelweis.hu\/jogigfoig\/?p=100186"},"modified":"2025-08-01T11:48:23","modified_gmt":"2025-08-01T09:48:23","slug":"tajekoztatas-szervezeti-es-mukodesi-szabalyzat-kozzetetelerol-26","status":"publish","type":"post","link":"https:\/\/semmelweis.hu\/jogigfoig\/2025\/08\/01\/tajekoztatas-szervezeti-es-mukodesi-szabalyzat-kozzetetelerol-26\/","title":{"rendered":"\ufeffT\u00e1j\u00e9koztat\u00e1s Szervezeti \u00e9s M\u0171k\u00f6d\u00e9si Szab\u00e1lyzat k\u00f6zz\u00e9t\u00e9tel\u00e9r\u0151l"},"content":{"rendered":"<p style=\"text-align: justify\">Tisztelt Munkat\u00e1rsak!<\/p>\n<p style=\"text-align: justify\">T\u00e1j\u00e9koztatjuk \u00d6n\u00f6ket arr\u00f3l, hogy a Szervezeti \u00e9s M\u0171k\u00f6d\u00e9si Szab\u00e1lyzat az al\u00e1bbiak szerint m\u00f3dos\u00edt\u00e1sra \u00e9s k\u00f6zz\u00e9t\u00e9telre ker\u00fclt:<\/p>\n<p style=\"text-align: justify\"><strong>1.) I.1. r\u00e9sz \u2013 Szervezeti \u00e9s M\u0171k\u00f6d\u00e9si Rend<\/strong><\/p>\n<p style=\"text-align: justify\">R\u00f6vid \u00f6sszefoglal\u00f3: A m\u00f3dos\u00edt\u00e1s az Egyetem strukt\u00far\u00e1j\u00e1ban \u00e9s a feladatell\u00e1t\u00e1sban az \u00faj szervezeti egys\u00e9g (Rektori Programiroda) l\u00e9trehoz\u00e1s\u00e1val kapcsolatos v\u00e1ltoz\u00e1sokat vezette \u00e1t.<\/p>\n<p style=\"text-align: justify\">A tartalom megtekinthet\u0151: <a href=\"https:\/\/semmelweis.hu\/jogigfoig\/files\/2025\/08\/SZMSZ_SZMR_I_KONYV_I_1_RESZ_Altalanos_szervezeti_es_mukodesi_rendelkezesek_hatalyos_20250801.pdf\">I.1. r\u00e9sz \u2013 Szervezeti \u00e9s M\u0171k\u00f6d\u00e9si Rend<\/a><\/p>\n<p style=\"text-align: justify\">M\u00f3dos\u00edt\u00f3 szen\u00e1tusi hat\u00e1rozat: <a href=\"https:\/\/semmelweis.hu\/jogigfoig\/testuletek\/szenatus\/2025-evi-szenatusi-hatarozatok\/2025-majus-29\/\">42\/2025. (V.29.)<\/a><\/p>\n<p style=\"text-align: justify\">Hat\u00e1lybal\u00e9p\u00e9s napja: 2025. augusztus 1.<\/p>\n<p style=\"text-align: justify\"><strong>2.) I.1. r\u00e9sz \u2013 Mell\u00e9kletek<\/strong><\/p>\n<p style=\"text-align: justify\">R\u00f6vid \u00f6sszefoglal\u00f3: A m\u00f3dos\u00edt\u00e1s az Egyetem strukt\u00far\u00e1j\u00e1ban \u00e9s a feladatell\u00e1t\u00e1sban az \u00faj szervezeti egys\u00e9g (Rektori Programiroda) l\u00e9trehoz\u00e1s\u00e1val kapcsolatos v\u00e1ltoz\u00e1sokat vezette \u00e1t.<\/p>\n<p style=\"text-align: justify\">A tartalom megtekinthet\u0151: <a href=\"https:\/\/semmelweis.hu\/jogigfoig\/files\/2025\/08\/SZMSZ_SZMR_I_KONYV_I_1_RESZ_MELLEKLETEK_hatalyos_20250801.pdf\">I.1. r\u00e9sz \u2013 Szervezeti \u00e9s M\u0171k\u00f6d\u00e9si Rend<\/a><\/p>\n<p style=\"text-align: justify\">M\u00f3dos\u00edt\u00f3 szen\u00e1tusi hat\u00e1rozat: <a href=\"https:\/\/semmelweis.hu\/jogigfoig\/testuletek\/szenatus\/2025-evi-szenatusi-hatarozatok\/2025-majus-29\/\">42\/2025. (V.29.)<\/a><\/p>\n<p style=\"text-align: justify\">Hat\u00e1lybal\u00e9p\u00e9s napja: 2025. augusztus 1.<\/p>\n<p style=\"text-align: justify\">Semmelweis Egyetem Jogi \u00e9s Igazgat\u00e1si F\u0151igazgat\u00f3s\u00e1g<\/p>\n","protected":false},"excerpt":{"rendered":"<p>Tisztelt Munkat\u00e1rsak! T\u00e1j\u00e9koztatjuk \u00d6n\u00f6ket arr\u00f3l, hogy a Szervezeti \u00e9s M\u0171k\u00f6d\u00e9si Szab\u00e1lyzat az al\u00e1bbiak szerint m\u00f3dos\u00edt\u00e1sra \u00e9s k\u00f6zz\u00e9t\u00e9telre ker\u00fclt: 1.) I.1. r\u00e9sz \u2013 Szervezeti \u00e9s M\u0171k\u00f6d\u00e9si Rend R\u00f6vid \u00f6sszefoglal\u00f3: A m\u00f3dos\u00edt\u00e1s az Egyetem strukt\u00far\u00e1j\u00e1ban \u00e9s a feladatell\u00e1t\u00e1sban az \u00faj szervezeti egys\u00e9g (Rektori Programiroda) l\u00e9trehoz\u00e1s\u00e1val kapcsolatos v\u00e1ltoz\u00e1sokat vezette \u00e1t. A tartalom megtekinthet\u0151: <a href=\"https:\/\/semmelweis.hu\/jogigfoig\/files\/2025\/08\/SZMSZ_SZMR_I_KONYV_I_1_RESZ_Altalanos_szervezeti_es_mukodesi_rendelkezesek_hatalyos_20250801.pdf\">I.1. r\u00e9sz \u2013 Szervezeti \u00e9s M\u0171k\u00f6d\u00e9si Rend<\/a> M\u00f3dos\u00edt\u00f3 szen\u00e1tusi hat\u00e1rozat: <a href=\"https:\/\/semmelweis.hu\/jogigfoig\/testuletek\/szenatus\/2025-evi-szenatusi-hatarozatok\/2025-majus-29\/\">42\/2025. (V.29.)<\/a> Hat\u00e1lybal\u00e9p\u00e9s napja: &hellip;<\/p>\n","protected":false},"author":102357,"featured_media":0,"comment_status":"closed","ping_status":"closed","sticky":false,"template":"","format":"standard","meta":{"_acf_changed":false,"footnotes":""},"categories":[41],"tags":[46,122],"class_list":["post-100186","post","type-post","status-publish","format-standard","hentry","category-tajekoztatok","tag-jif","tag-szmsz"],"acf":[],"_links":{"self":[{"href":"https:\/\/semmelweis.hu\/jogigfoig\/wp-json\/wp\/v2\/posts\/100186","targetHints":{"allow":["GET"]}}],"collection":[{"href":"https:\/\/semmelweis.hu\/jogigfoig\/wp-json\/wp\/v2\/posts"}],"about":[{"href":"https:\/\/semmelweis.hu\/jogigfoig\/wp-json\/wp\/v2\/types\/post"}],"author":[{"embeddable":true,"href":"https:\/\/semmelweis.hu\/jogigfoig\/wp-json\/wp\/v2\/users\/102357"}],"replies":[{"embeddable":true,"href":"https:\/\/semmelweis.hu\/jogigfoig\/wp-json\/wp\/v2\/comments?post=100186"}],"version-history":[{"count":2,"href":"https:\/\/semmelweis.hu\/jogigfoig\/wp-json\/wp\/v2\/posts\/100186\/revisions"}],"predecessor-version":[{"id":100188,"href":"https:\/\/semmelweis.hu\/jogigfoig\/wp-json\/wp\/v2\/posts\/100186\/revisions\/100188"}],"wp:attachment":[{"href":"https:\/\/semmelweis.hu\/jogigfoig\/wp-json\/wp\/v2\/media?parent=100186"}],"wp:term":[{"taxonomy":"category","embeddable":true,"href":"https:\/\/semmelweis.hu\/jogigfoig\/wp-json\/wp\/v2\/categories?post=100186"},{"taxonomy":"post_tag","embeddable":true,"href":"https:\/\/semmelweis.hu\/jogigfoig\/wp-json\/wp\/v2\/tags?post=100186"}],"curies":[{"name":"wp","href":"https:\/\/api.w.org\/{rel}","templated":true}]}}