{"id":170,"date":"2019-03-02T13:29:52","date_gmt":"2019-03-02T12:29:52","guid":{"rendered":"http:\/\/semmelweis.hu\/iga\/?p=170"},"modified":"2019-03-02T13:32:43","modified_gmt":"2019-03-02T12:32:43","slug":"semmelweis-egyetem-orvostudomanyi-diakkori-konferencia-2019","status":"publish","type":"post","link":"https:\/\/semmelweis.hu\/iga\/2019\/03\/02\/semmelweis-egyetem-orvostudomanyi-diakkori-konferencia-2019\/","title":{"rendered":"Semmelweis Egyetem Orvostudom\u00e1nyi Di\u00e1kk\u00f6ri Konferencia 2019"},"content":{"rendered":"<p><img loading=\"lazy\" decoding=\"async\" class=\"size-full wp-image-171 alignright\" src=\"https:\/\/semmelweis.hu\/iga\/files\/2019\/03\/tdk2019.jpg\" alt=\"\" width=\"168\" height=\"209\" \/>Munkacsoportunk TDK hallgat\u00f3i kiv\u00e1l\u00f3an szerepeltek az idei Tudom\u00e1nyos\u00a0Di\u00e1kk\u00f6ri Konferenci\u00e1n (2019. febru\u00e1r 13-15).\u00a0<\/p>\n<p>Hallgat\u00f3ink el\u0151ad\u00e1sait \u00f6sszesen k\u00e9t II. \u00e9s k\u00e9t III. d\u00edjjal jutalmazt\u00e1k.<\/p>\n<p>D\u00edjazott el\u0151ad\u00e1sok:<\/p>\n<p><strong><em>Patol\u00f3gia, onkol\u00f3gia I. szekci\u00f3:<br \/>\n<\/em><\/strong>III. d\u00edj: Asz\u00f3di Bence, SE \u00c1OK V., T\u00e9mavezet\u0151:\u00a0Micsik Tam\u00e1s<\/p>\n<p><strong><em>Patol\u00f3gia, onkol\u00f3gia II. szekci\u00f3:<br \/>\n<\/em><\/strong>II. d\u00edj: Jakab Anna, SE \u00c1OK VI., T\u00e9mavezet\u0151k: Micsik Tam\u00e1s \u00e9s Patai \u00c1rp\u00e1d<\/p>\n<p><strong><em>Gasztroenterol\u00f3gia szekci\u00f3:<br \/>\n<\/em><\/strong>II. d\u00edj: H\u00e1zman Gr\u00e9ta, SE \u00c1OK VI. \u00e9s Dr\u00e1cz B\u00e1lint SE \u00c1OK V., T\u00e9mavezet\u0151k: Micsik Tam\u00e1s \u00e9s Patai \u00c1rp\u00e1d<br \/>\nIII. d\u00edj: Moln\u00e1r Csilla, SE \u00c1OK VI., T\u00e9mavezet\u0151k: Micsik Tam\u00e1s \u00e9s Patai \u00c1rp\u00e1d<\/p>\n<p>&nbsp;<\/p>\n","protected":false},"excerpt":{"rendered":"<p>Munkacsoportunk TDK hallgat\u00f3i kiv\u00e1l\u00f3an szerepeltek az idei Tudom\u00e1nyos\u00a0Di\u00e1kk\u00f6ri Konferenci\u00e1n (2019. febru\u00e1r 13-15).\u00a0 Hallgat\u00f3ink el\u0151ad\u00e1sait \u00f6sszesen k\u00e9t II. \u00e9s k\u00e9t III. d\u00edjjal jutalmazt\u00e1k. D\u00edjazott el\u0151ad\u00e1sok: Patol\u00f3gia, onkol\u00f3gia I. szekci\u00f3: III. d\u00edj: Asz\u00f3di Bence, SE \u00c1OK V., T\u00e9mavezet\u0151:\u00a0Micsik Tam\u00e1s Patol\u00f3gia, onkol\u00f3gia II. szekci\u00f3: II. d\u00edj: Jakab Anna, SE \u00c1OK VI., T\u00e9mavezet\u0151k: Micsik Tam\u00e1s \u00e9s Patai \u00c1rp\u00e1d Gasztroenterol\u00f3gia &hellip;<\/p>\n","protected":false},"author":101157,"featured_media":0,"comment_status":"closed","ping_status":"closed","sticky":false,"template":"","format":"standard","meta":{"_acf_changed":false,"footnotes":""},"categories":[1],"tags":[13,11,15,16],"class_list":["post-170","post","type-post","status-publish","format-standard","hentry","category-hirek","tag-semmelweistdk","tag-tdk","tag-tdk2019","tag-tudomanyos-diakkori-konferencia-2019"],"acf":[],"_links":{"self":[{"href":"https:\/\/semmelweis.hu\/iga\/wp-json\/wp\/v2\/posts\/170","targetHints":{"allow":["GET"]}}],"collection":[{"href":"https:\/\/semmelweis.hu\/iga\/wp-json\/wp\/v2\/posts"}],"about":[{"href":"https:\/\/semmelweis.hu\/iga\/wp-json\/wp\/v2\/types\/post"}],"author":[{"embeddable":true,"href":"https:\/\/semmelweis.hu\/iga\/wp-json\/wp\/v2\/users\/101157"}],"replies":[{"embeddable":true,"href":"https:\/\/semmelweis.hu\/iga\/wp-json\/wp\/v2\/comments?post=170"}],"version-history":[{"count":1,"href":"https:\/\/semmelweis.hu\/iga\/wp-json\/wp\/v2\/posts\/170\/revisions"}],"predecessor-version":[{"id":172,"href":"https:\/\/semmelweis.hu\/iga\/wp-json\/wp\/v2\/posts\/170\/revisions\/172"}],"wp:attachment":[{"href":"https:\/\/semmelweis.hu\/iga\/wp-json\/wp\/v2\/media?parent=170"}],"wp:term":[{"taxonomy":"category","embeddable":true,"href":"https:\/\/semmelweis.hu\/iga\/wp-json\/wp\/v2\/categories?post=170"},{"taxonomy":"post_tag","embeddable":true,"href":"https:\/\/semmelweis.hu\/iga\/wp-json\/wp\/v2\/tags?post=170"}],"curies":[{"name":"wp","href":"https:\/\/api.w.org\/{rel}","templated":true}]}}