{"id":160,"date":"2018-10-17T21:04:19","date_gmt":"2018-10-17T19:04:19","guid":{"rendered":"http:\/\/semmelweis.hu\/iga\/?p=160"},"modified":"2018-10-17T21:04:19","modified_gmt":"2018-10-17T19:04:19","slug":"munkacsoportunk-a-2018-as-fiatal-patologusok-talalkozojan","status":"publish","type":"post","link":"https:\/\/semmelweis.hu\/iga\/2018\/10\/17\/munkacsoportunk-a-2018-as-fiatal-patologusok-talalkozojan\/","title":{"rendered":"Munkacsoportunk a 2018-as Fiatal Patol\u00f3gusok Tal\u00e1lkoz\u00f3j\u00e1n"},"content":{"rendered":"<p>2018. okt\u00f3ber 4. \u00e9s 6. k\u00f6z\u00f6tt rendezt\u00e9k meg Si\u00f3fokon a Hotel Balatonban a 2018-as \u00e9vi <a href=\"http:\/\/fipat.kmcongress.com\/\">Fiatal Patol\u00f3gusok Tal\u00e1lkoz\u00f3j\u00e1t<\/a>. Munkacsoportunk tagjai k\u00f6z\u00fcl Moln\u00e1r Csilla &#8222;Eosinophil oesophagitis retrospekt\u00edv klinikopatol\u00f3giai vizsg\u00e1lata&#8221; \u00e9s Jakab Anna &#8222;A colorectum fogazott adenocarcinom\u00e1inak klinikopatol\u00f3giai tulajdons\u00e1gai&#8221; c\u00edm\u0171 el\u0151ad\u00e1sukkal szerepeltek, el\u0151ad\u00e1saik aVegyes kateg\u00f3ri\u00e1n bel\u00fcl hangzottak el.\u00a0<\/p>\n<p>Moln\u00e1r Csilla el\u0151ad\u00e1sa a II., Jakab Anna el\u0151ad\u00e1sa az I. d\u00edjat nyerte a szekci\u00f3n bel\u00fcl.<\/p>\n","protected":false},"excerpt":{"rendered":"<p>2018. okt\u00f3ber 4. \u00e9s 6. k\u00f6z\u00f6tt rendezt\u00e9k meg Si\u00f3fokon a Hotel Balatonban a 2018-as \u00e9vi <a href=\"http:\/\/fipat.kmcongress.com\/\">Fiatal Patol\u00f3gusok Tal\u00e1lkoz\u00f3j\u00e1t<\/a> . Munkacsoportunk tagjai k\u00f6z\u00fcl Moln\u00e1r Csilla &#8222;Eosinophil oesophagitis retrospekt\u00edv klinikopatol\u00f3giai vizsg\u00e1lata&#8221; \u00e9s Jakab Anna &#8222;A colorectum fogazott adenocarcinom\u00e1inak klinikopatol\u00f3giai tulajdons\u00e1gai&#8221; c\u00edm\u0171 el\u0151ad\u00e1sukkal szerepeltek, el\u0151ad\u00e1saik aVegyes kateg\u00f3ri\u00e1n bel\u00fcl hangzottak el.\u00a0 Moln\u00e1r Csilla el\u0151ad\u00e1sa a II., Jakab Anna el\u0151ad\u00e1sa az I. d\u00edjat &hellip;<\/p>\n","protected":false},"author":101157,"featured_media":0,"comment_status":"closed","ping_status":"closed","sticky":false,"template":"","format":"standard","meta":{"_acf_changed":false,"footnotes":""},"categories":[1],"tags":[],"class_list":["post-160","post","type-post","status-publish","format-standard","hentry","category-hirek"],"acf":[],"_links":{"self":[{"href":"https:\/\/semmelweis.hu\/iga\/wp-json\/wp\/v2\/posts\/160","targetHints":{"allow":["GET"]}}],"collection":[{"href":"https:\/\/semmelweis.hu\/iga\/wp-json\/wp\/v2\/posts"}],"about":[{"href":"https:\/\/semmelweis.hu\/iga\/wp-json\/wp\/v2\/types\/post"}],"author":[{"embeddable":true,"href":"https:\/\/semmelweis.hu\/iga\/wp-json\/wp\/v2\/users\/101157"}],"replies":[{"embeddable":true,"href":"https:\/\/semmelweis.hu\/iga\/wp-json\/wp\/v2\/comments?post=160"}],"version-history":[{"count":3,"href":"https:\/\/semmelweis.hu\/iga\/wp-json\/wp\/v2\/posts\/160\/revisions"}],"predecessor-version":[{"id":163,"href":"https:\/\/semmelweis.hu\/iga\/wp-json\/wp\/v2\/posts\/160\/revisions\/163"}],"wp:attachment":[{"href":"https:\/\/semmelweis.hu\/iga\/wp-json\/wp\/v2\/media?parent=160"}],"wp:term":[{"taxonomy":"category","embeddable":true,"href":"https:\/\/semmelweis.hu\/iga\/wp-json\/wp\/v2\/categories?post=160"},{"taxonomy":"post_tag","embeddable":true,"href":"https:\/\/semmelweis.hu\/iga\/wp-json\/wp\/v2\/tags?post=160"}],"curies":[{"name":"wp","href":"https:\/\/api.w.org\/{rel}","templated":true}]}}